{"id":710959,"date":"2026-08-31T21:07:02","date_gmt":"2026-08-31T21:07:02","guid":{"rendered":"https:\/\/microscopemedia.com\/?p=710959"},"modified":"2026-08-31T21:07:02","modified_gmt":"2026-08-31T21:07:02","slug":"patriarhul-graficii-romanesti-cu-o-expozitie-eveniment-in-anul-brancusi-desen-sculptura-muzica-si-film-la-muzeul-marelui-sculptor","status":"publish","type":"post","link":"https:\/\/microscopemedia.com\/?p=710959","title":{"rendered":"\u201ePatriarhul graficii rom\u00e2ne\u0219ti\u201d, cu o expozi\u021bie-eveniment \u00een anul Br\u00e2ncu\u0219i. Desen, sculptur\u0103, muzic\u0103 \u0219i film la muzeul marelui sculptor"},"content":{"rendered":"<div class=\"sgb-google-buttons\">\n<div class=\"display-flex justify-center google-logo\"><img decoding=\"async\" loading=\"lazy\" class=\"mg-x-auto\" width=\"30\" height=\"30\" src=\"https:\/\/microscopemedia.com\/wp-content\/uploads\/2026\/08\/patriarhul-graficii-romanesti-cu-o-expozitie-eveniment-in-anul-brancusi-desen-sculptura-muzica-si-film-la-muzeul-marelui-sculptor.png\" alt><\/div>\n<\/p><\/div>\n<p id=\"p-0\">Mircia Dumitrescu, membru titular al Academiei Rom\u00e2ne, supranumit \u0219i \u201epatriarhul graficii rom\u00e2ne\u0219ti\u201d, va expune la T\u00e2rgu Jiu lucr\u0103ri de desen \u0219i sculptur\u0103.<\/p>\n<p id=\"p-1\">Expozi\u021bia, care va fi vernisat\u0103 joi, 3 septembrie, este g\u00e2ndit\u0103 s\u0103 dep\u0103\u0219easc\u0103 spa\u021biul expozi\u021bional propriu-zis, lucr\u0103rile urm\u00e2nd s\u0103 fie prezentate at\u00e2t \u00een interiorul <a href=\"https:\/\/www.muzeulbrancusi.ro\/\" target=\"_blank\" rel=\"noopener\">Muzeului Na\u021bional Constantin Br\u00e2ncu\u0219i<\/a>, c\u00e2t \u0219i \u00een curtea acestuia.<\/p>\n<p id=\"p-2\">Al\u0103turi de crea\u021biile academicianului vor fi expuse desene \u0219i acuarele ale artistei Alina Ro\u0219ca, disp\u0103rut\u0103 prematur \u0219i considerat\u0103 unul dintre talentele importante ale graficii \u0219i gravurii rom\u00e2ne\u0219ti din perioada de dinainte \u0219i de dup\u0103 1989.<\/p>\n<p id=\"p-3\">\u201eFiecare dintre aceste manifest\u0103ri artistice este construit\u0103 \u00een rela\u021bie cu celelalte, pentru a oferi publicului experien\u021ba unui demers integrativ, \u00een care arta, cu diferitele sale forme de expresie, define\u0219te personalit\u0103\u021bi \u0219i destine artistice\u201d, a explicat Denisa \u0218u\u021b\u0103, managerul Muzeului Na\u021bional Constantin Br\u00e2ncu\u0219i.<\/p>\n<p id=\"p-4\">Cele dou\u0103 expozi\u021bii sunt curatoriate de criticul de art\u0103 \u0219i jurnalistul Mimi Necula.<\/p>\n<h2 id=\"chapter-0\">De la desen \u0219i sculptur\u0103 la muzic\u0103 \u0219i film<\/h2>\n<p id=\"p-5\">Proiectul nu se limiteaz\u0103 la artele vizuale. \u00cent\u00e2lnirea dintre diferite forme de expresie artistic\u0103 va fi completat\u0103 de un recital sus\u021binut de Ion Bogdan \u0218tef\u0103nescu, prim-flautist al Filarmonicii George Enescu \u0219i profesor la Universitatea Na\u021bional\u0103 de Muzic\u0103 Bucure\u0219ti.<\/p>\n<p id=\"p-6\">Tot joi, la T\u00e2rgu Jiu, va avea loc lansarea na\u021bional\u0103 a proiectului \u201eVideo Forum Virtual al Arti\u0219tilor Rom\u00e2ni de Pretutindeni\u201d, realizat de Daniela Voicil\u0103 \u0219i Bogdan Dr\u0103gulescu, prin Fantasia Interna\u021bional \u0219i Centrul Cultural ART4ALL.<\/p>\n<p id=\"p-7\"><img class=\"aligncenter wp-image-23799481 size-full\" src=\"https:\/\/microscopemedia.com\/wp-content\/uploads\/2026\/08\/patriarhul-graficii-romanesti-cu-o-expozitie-eveniment-in-anul-brancusi-desen-sculptura-muzica-si-film-la-muzeul-marelui-sculptor.webp\" alt width=\"900\" height=\"506\" loading=\"lazy\" decoding=\"async\" srcset=\"https:\/\/microscopemedia.com\/wp-content\/uploads\/2026\/08\/patriarhul-graficii-romanesti-cu-o-expozitie-eveniment-in-anul-brancusi-desen-sculptura-muzica-si-film-la-muzeul-marelui-sculptor-1.webp 500w, https:\/\/microscopemedia.com\/wp-content\/uploads\/2026\/08\/patriarhul-graficii-romanesti-cu-o-expozitie-eveniment-in-anul-brancusi-desen-sculptura-muzica-si-film-la-muzeul-marelui-sculptor.webp 728w\"><\/p>\n<p id=\"p-8\">Proiectul cuprinde o expozi\u021bie foto-video \u0219i cinci filme despre arti\u0219ti rom\u00e2ni contemporani: graficianul Mircia Dumitrescu, sculptorii Mircea Roman \u0219i Aurel Vlad, pictorul George Tzipoia \u0219i artista textilist\u0103 Ruxandra Sibil Mermeze. Dintre acestea, la muzeu vor fi proiectate cele despre Mircia Dumitrescu, George Tzipoia \u0219i Ruxandra Sibil Mermeze.<\/p>\n<h2 id=\"chapter-1\">Mircia Dumitrescu, de la grafic\u0103 \u0219i gravur\u0103 la sculptur\u0103<\/h2>\n<p id=\"p-9\">Mircia Dumitrescu a devenit, \u00een 2025, cel de-al nou\u0103lea artist vizual membru titular al Academiei Rom\u00e2ne. Grafician, gravor, sculptor \u0219i ilustrator de carte, artistul ocup\u0103 un loc aparte \u00een arta rom\u00e2neasc\u0103 contemporan\u0103, fiind supranumit de-a lungul timpului \u201epatriarhul graficii rom\u00e2ne\u0219ti\u201d.<\/p>\n<p id=\"p-10\">Expozi\u021bia de la T\u00e2rgu Jiu urmeaz\u0103 unui amplu periplu expozi\u021bional al artistului \u00een Republica Moldova \u0219i continu\u0103 seria proiectelor dedicate anivers\u0103rii lui Constantin Br\u00e2ncu\u0219i.<\/p>\n<p id=\"p-11\">Artistul a participat \u0219i la proiectul interna\u021bional \u201eBR\u00c2NCU\u0218I 150\u201d, care a reunit 29 de graficieni rom\u00e2ni \u0219i a fost prezentat \u00een 21 de \u021b\u0103ri de pe \u0219ase continente.<\/p>\n<h2 id=\"chapter-2\">Br\u00e2ncu\u0219i 150, un an de art\u0103 f\u0103r\u0103 grani\u021be<\/h2>\n<p id=\"p-12\">Evenimentul din septembrie face parte din amplul program desf\u0103\u0219urat \u00een 2026 de Muzeul Na\u021bional \u201eConstantin Br\u00e2ncu\u0219i\u201d, anul \u00een care se \u00eemplinesc 150 de ani de la na\u0219terea sculptorului.<\/p>\n<p id=\"p-13\">Programul a debutat pe 19 februarie cu proiectul interna\u021bional \u201eBR\u00c2NCU\u0218I 150\u201d. Lucr\u0103rile a 29 de arti\u0219ti rom\u00e2ni contemporani au fost expuse simultan \u00een 21 de \u021b\u0103ri de pe \u0219ase continente, \u00eentr-o premier\u0103 pentru arta rom\u00e2neasc\u0103. Au urmat expozi\u021bii de art\u0103 contemporan\u0103, proiecte multimedia \u0219i muzicale, precum \u0219i prima edi\u021bie a Trienalei Interna\u021bionale de Sculptur\u0103 \u201eConstantin Br\u00e2ncu\u0219i\u201d.<\/p>\n<h2 id=\"chapter-3\">Muzeul, g\u0103zduit de casa \u00een care a locuit Br\u00e2ncu\u0219i<\/h2>\n<p id=\"p-14\">Muzeul Constantin Br\u00e2ncu\u0219i func\u021bioneaz\u0103 \u00een Casa \u201eBarbu G\u0103nescu\u201d, cl\u0103direa \u00een care sculptorul rom\u00e2n a fost g\u0103zduit \u00een perioada 1937-1938, c\u00e2nd lucra la realizarea Ansamblului Monumental \u201eCalea Eroilor\u201d de la T\u00e2rgu Jiu.<\/p>\n<p id=\"p-15\">\u00cen curtea muzeului se afl\u0103 \u0219i \u201eMesele de piatr\u0103 aranjate de Constantin Br\u00e2ncu\u0219i\u201d, cunoscute drept \u201eGr\u0103dina cu viet\u0103\u021bi de piatr\u0103\u201d, precum \u0219i \u201eMasa rotund\u0103\u201d, o alt\u0103 pies\u0103 realizat\u0103 de sculptor, la care acesta a renun\u021bat ulterior.<\/p>\n","protected":false},"excerpt":{"rendered":"<p>Mircia Dumitrescu, membru titular al Academiei Rom\u00e2ne, supranumit \u0219i \u201epatriarhul graficii rom\u00e2ne\u0219ti\u201d, va expune la T\u00e2rgu Jiu lucr\u0103ri de desen \u0219i sculptur\u0103. Expozi\u021bia, care va fi vernisat\u0103 joi, 3 septembrie, &hellip; <a href=\"https:\/\/microscopemedia.com\/?p=710959\" class=\"more-link\">Read More<\/a><\/p>\n","protected":false},"author":1,"featured_media":710960,"comment_status":"closed","ping_status":"closed","sticky":false,"template":"Default","format":"standard","meta":[],"categories":[1],"tags":[],"_links":{"self":[{"href":"https:\/\/microscopemedia.com\/index.php?rest_route=\/wp\/v2\/posts\/710959"}],"collection":[{"href":"https:\/\/microscopemedia.com\/index.php?rest_route=\/wp\/v2\/posts"}],"about":[{"href":"https:\/\/microscopemedia.com\/index.php?rest_route=\/wp\/v2\/types\/post"}],"author":[{"embeddable":true,"href":"https:\/\/microscopemedia.com\/index.php?rest_route=\/wp\/v2\/users\/1"}],"replies":[{"embeddable":true,"href":"https:\/\/microscopemedia.com\/index.php?rest_route=%2Fwp%2Fv2%2Fcomments&post=710959"}],"version-history":[{"count":0,"href":"https:\/\/microscopemedia.com\/index.php?rest_route=\/wp\/v2\/posts\/710959\/revisions"}],"wp:featuredmedia":[{"embeddable":true,"href":"https:\/\/microscopemedia.com\/index.php?rest_route=\/wp\/v2\/media\/710960"}],"wp:attachment":[{"href":"https:\/\/microscopemedia.com\/index.php?rest_route=%2Fwp%2Fv2%2Fmedia&parent=710959"}],"wp:term":[{"taxonomy":"category","embeddable":true,"href":"https:\/\/microscopemedia.com\/index.php?rest_route=%2Fwp%2Fv2%2Fcategories&post=710959"},{"taxonomy":"post_tag","embeddable":true,"href":"https:\/\/microscopemedia.com\/index.php?rest_route=%2Fwp%2Fv2%2Ftags&post=710959"}],"curies":[{"name":"wp","href":"https:\/\/api.w.org\/{rel}","templated":true}]}}