{"id":710991,"date":"2026-09-01T04:46:03","date_gmt":"2026-09-01T04:46:03","guid":{"rendered":"https:\/\/microscopemedia.com\/?p=710991"},"modified":"2026-09-01T04:46:03","modified_gmt":"2026-09-01T04:46:03","slug":"anm-prognoza-meteo-pentru-luna-septembrie-temperaturi-peste-normal-si-putine-ploi","status":"publish","type":"post","link":"https:\/\/microscopemedia.com\/?p=710991","title":{"rendered":"ANM, prognoza meteo pentru luna septembrie. Temperaturi peste normal \u0219i pu\u021bine ploi"},"content":{"rendered":"<div class=\"sgb-google-buttons\">\n<div class=\"display-flex justify-center google-logo\"><img decoding=\"async\" loading=\"lazy\" class=\"mg-x-auto\" width=\"30\" height=\"30\" src=\"https:\/\/microscopemedia.com\/wp-content\/uploads\/2026\/09\/anm-prognoza-meteo-pentru-luna-septembrie-temperaturi-peste-normal-si-putine-ploi.png\" alt><\/div>\n<\/p><\/div>\n<p class=\"isSelectedEnd\" id=\"p-0\">Administra\u021bia Na\u021bional\u0103 de Meteorologie (ANM) a actualizat prognoza meteo pentru urm\u0103toarele patru s\u0103pt\u0103m\u00e2ni, p\u00e2n\u0103 pe <strong>28 septembrie 2026<\/strong>. Estim\u0103rile indic\u0103 temperaturi mai ridicate dec\u00e2t cele normale pentru aceast\u0103 perioad\u0103 \u00een cea mai mare parte a \u021b\u0103rii, \u00een timp ce regimul pluviometric va fi deficitar \u00een primele dou\u0103 s\u0103pt\u0103m\u00e2ni.<\/p>\n<h2 id=\"chapter-0\">Vreme mai cald\u0103 dec\u00e2t normalul \u00een prima s\u0103pt\u0103m\u00e2n\u0103<\/h2>\n<p class=\"isSelectedEnd\" id=\"p-1\">\u00cen perioada <strong>31 august \u2013 7 septembrie<\/strong>, temperaturile medii vor fi mai ridicate dec\u00e2t cele specifice acestei s\u0103pt\u0103m\u00e2ni \u00een majoritatea regiunilor.<\/p>\n<p class=\"isSelectedEnd\" id=\"p-2\">Cea mai accentuat\u0103 abatere pozitiv\u0103 a temperaturilor este estimat\u0103 \u00een <strong>regiunile vestice<\/strong>.<\/p>\n<p class=\"isSelectedEnd\" id=\"p-3\">\u00cen acela\u0219i timp, cantit\u0103\u021bile de precipita\u021bii vor fi <strong>deficitare \u00een cea mai mare parte a \u021b\u0103rii<\/strong>, deficitul urm\u00e2nd s\u0103 fie mai accentuat \u00een zonele montane.<\/p>\n<h2 id=\"chapter-1\">7-14 septembrie: temperaturi peste normal \u00een aproape toat\u0103 \u021bara<\/h2>\n<p class=\"isSelectedEnd\" id=\"p-4\">Pentru s\u0103pt\u0103m\u00e2na <strong>7-14 septembrie<\/strong>, ANM estimeaz\u0103 men\u021binerea unui regim termic mai cald dec\u00e2t cel normal.<\/p>\n<p class=\"isSelectedEnd\" id=\"p-5\">Temperaturile medii vor fi peste valorile specifice perioadei \u00een cea mai mare parte a \u021b\u0103rii, cu cele mai mari abateri pozitive \u00een <strong>regiunile vestice<\/strong>.<\/p>\n<p class=\"isSelectedEnd\" id=\"p-6\">\u00cen ceea ce prive\u0219te precipita\u021biile, acestea vor fi <strong>deficitare \u00een toate regiunile<\/strong>, cu un deficit mai pronun\u021bat \u00een zonele montane.<\/p>\n<h2 id=\"chapter-2\">14-21 septembrie: temperaturi ridicate, precipita\u021bii apropiate de normal<\/h2>\n<p class=\"isSelectedEnd\" id=\"p-7\">\u00cen intervalul <strong>14-21 septembrie<\/strong>, temperaturile medii vor continua s\u0103 fie mai ridicate dec\u00e2t cele normale pentru aceast\u0103 perioad\u0103 la nivelul \u00eentregii \u021b\u0103ri.<\/p>\n<p class=\"isSelectedEnd\" id=\"p-8\">\u0218i \u00een aceast\u0103 s\u0103pt\u0103m\u00e2n\u0103, cele mai mari abateri pozitive sunt estimate \u00een regiunile vestice.<\/p>\n<p class=\"isSelectedEnd\" id=\"p-9\">Situa\u021bia se schimb\u0103 \u00eens\u0103 \u00een privin\u021ba precipita\u021biilor. Regimul pluviometric este estimat s\u0103 fie <strong>apropiat de cel normal \u00een toate regiunile<\/strong>.<\/p>\n<h2 id=\"chapter-3\">21-28 septembrie: temperaturi u\u0219or peste normal \u00een vest \u0219i centru<\/h2>\n<p class=\"isSelectedEnd\" id=\"p-10\">Pentru ultima s\u0103pt\u0103m\u00e2n\u0103 a prognozei, <strong>21-28 septembrie<\/strong>, temperaturile medii se vor situa u\u0219or peste valorile normale \u00een regiunile <strong>vestice \u0219i centrale<\/strong>.<\/p>\n<p class=\"isSelectedEnd\" id=\"p-11\">\u00cen restul \u021b\u0103rii, temperaturile medii vor fi, \u00een general, apropiate de cele normale pentru aceast\u0103 perioad\u0103.<\/p>\n<p id=\"p-12\">Cantit\u0103\u021bile de precipita\u021bii sunt estimate s\u0103 fie <strong>apropiate de valorile normale la nivelul \u00eentregii \u021b\u0103ri<\/strong>.<\/p>\n<p class=\"isSelectedEnd\" id=\"p-13\">Prognoza este realizat\u0103 pe baza estim\u0103rilor Centrului European pentru Prognoze pe Medie Durat\u0103 (ECMWF) \u0219i indic\u0103 abaterile s\u0103pt\u0103m\u00e2nale ale temperaturilor \u0219i precipita\u021biilor fa\u021b\u0103 de media perioadei 2006-2025.<\/p>\n<p class=\"isSelectedEnd\" id=\"p-14\"><a href=\"https:\/\/www.mediafax.ro\/meteo\/anm-cod-galben-de-canicula-in-vestul-si-sud-vestul-tarii-in-ultima-zi-de-vara-instabilitate-si-averse-torentiale-de-marti-23798977\">ANM<\/a> precizeaz\u0103 c\u0103 fenomenele meteorologice extreme cu durat\u0103 scurt\u0103 nu pot fi prognozate prin intermediul acestui produs.<\/p>\n","protected":false},"excerpt":{"rendered":"<p>Administra\u021bia Na\u021bional\u0103 de Meteorologie (ANM) a actualizat prognoza meteo pentru urm\u0103toarele patru s\u0103pt\u0103m\u00e2ni, p\u00e2n\u0103 pe 28 septembrie 2026. Estim\u0103rile indic\u0103 temperaturi mai ridicate dec\u00e2t cele normale pentru aceast\u0103 perioad\u0103 \u00een &hellip; <a href=\"https:\/\/microscopemedia.com\/?p=710991\" class=\"more-link\">Read More<\/a><\/p>\n","protected":false},"author":1,"featured_media":710992,"comment_status":"closed","ping_status":"closed","sticky":false,"template":"Default","format":"standard","meta":[],"categories":[1],"tags":[],"_links":{"self":[{"href":"https:\/\/microscopemedia.com\/index.php?rest_route=\/wp\/v2\/posts\/710991"}],"collection":[{"href":"https:\/\/microscopemedia.com\/index.php?rest_route=\/wp\/v2\/posts"}],"about":[{"href":"https:\/\/microscopemedia.com\/index.php?rest_route=\/wp\/v2\/types\/post"}],"author":[{"embeddable":true,"href":"https:\/\/microscopemedia.com\/index.php?rest_route=\/wp\/v2\/users\/1"}],"replies":[{"embeddable":true,"href":"https:\/\/microscopemedia.com\/index.php?rest_route=%2Fwp%2Fv2%2Fcomments&post=710991"}],"version-history":[{"count":0,"href":"https:\/\/microscopemedia.com\/index.php?rest_route=\/wp\/v2\/posts\/710991\/revisions"}],"wp:featuredmedia":[{"embeddable":true,"href":"https:\/\/microscopemedia.com\/index.php?rest_route=\/wp\/v2\/media\/710992"}],"wp:attachment":[{"href":"https:\/\/microscopemedia.com\/index.php?rest_route=%2Fwp%2Fv2%2Fmedia&parent=710991"}],"wp:term":[{"taxonomy":"category","embeddable":true,"href":"https:\/\/microscopemedia.com\/index.php?rest_route=%2Fwp%2Fv2%2Fcategories&post=710991"},{"taxonomy":"post_tag","embeddable":true,"href":"https:\/\/microscopemedia.com\/index.php?rest_route=%2Fwp%2Fv2%2Ftags&post=710991"}],"curies":[{"name":"wp","href":"https:\/\/api.w.org\/{rel}","templated":true}]}}