{"id":710993,"date":"2026-09-01T04:56:03","date_gmt":"2026-09-01T04:56:03","guid":{"rendered":"https:\/\/microscopemedia.com\/?p=710993"},"modified":"2026-09-01T04:56:03","modified_gmt":"2026-09-01T04:56:03","slug":"incepe-noul-an-bisericesc-ce-sarbatori-importante-sunt-in-calendarul-ortodox-din-septembrie-2026","status":"publish","type":"post","link":"https:\/\/microscopemedia.com\/?p=710993","title":{"rendered":"\u00cencepe noul an bisericesc. Ce s\u0103rb\u0103tori importante sunt \u00een calendarul ortodox din septembrie 2026"},"content":{"rendered":"<div class=\"sgb-google-buttons\">\n<div class=\"display-flex justify-center google-logo\"><img decoding=\"async\" loading=\"lazy\" class=\"mg-x-auto\" width=\"30\" height=\"30\" src=\"https:\/\/microscopemedia.com\/wp-content\/uploads\/2026\/09\/incepe-noul-an-bisericesc-ce-sarbatori-importante-sunt-in-calendarul-ortodox-din-septembrie-2026.png\" alt><\/div>\n<\/p><\/div>\n<p data-start=\"89\" data-end=\"384\" id=\"p-0\">Printre cele mai cunoscute se num\u0103r\u0103 Na\u0219terea Maicii Domnului, pr\u0103znuit\u0103 pe 8 septembrie, \u0219i \u00cen\u0103l\u021barea Sfintei Cruci, celebrat\u0103 pe 14 septembrie.<\/p>\n<p data-start=\"452\" data-end=\"782\" id=\"p-1\">Pe 1 septembrie \u00eencepe anul bisericesc ortodox, zi care deschide ciclul s\u0103rb\u0103torilor \u0219i al r\u00e2nduielilor liturgice pentru urm\u0103toarele 12 luni. \u00cen aceast\u0103 zi este pomenit \u0219i Sf\u00e2ntul Cuvios Dionisie Exiguul, teolog originar din Dobrogea, cunoscut pentru contribu\u021bia sa la sistemul de num\u0103rare a anilor de la Na\u0219terea lui Hristos.<\/p>\n<p data-start=\"784\" data-end=\"937\" id=\"p-2\">Calendarul ortodox din septembrie cuprinde numeroase zile dedicate sfin\u021bilor \u0219i martirilor, dar \u0219i duminici cu o importan\u021b\u0103 deosebit\u0103 \u00een via\u021ba liturgic\u0103.<\/p>\n<h2 data-section-id=\"1d8did\" data-start=\"939\" data-end=\"1017\" id=\"chapter-0\">Na\u0219terea Maicii Domnului, pe 8 septembrie<\/h2>\n<p data-start=\"1019\" data-end=\"1252\" id=\"p-3\">Pe 8 septembrie este s\u0103rb\u0103torit\u0103 Na\u0219terea Maicii Domnului, cunoscut\u0103 \u00een tradi\u021bia popular\u0103 drept Sf\u00e2nta Maria Mic\u0103. Este primul mare praznic al noului an bisericesc \u0219i una dintre cele patru mari s\u0103rb\u0103tori dedicate Fecioarei Maria.<\/p>\n<p data-start=\"1254\" data-end=\"1495\" id=\"p-4\">Potrivit tradi\u021biei cre\u0219tine, Maica Domnului s-a n\u0103scut din Sfin\u021bii \u0219i Drep\u021bii Ioachim \u0219i Ana, dup\u0103 o perioad\u0103 \u00eendelungat\u0103 \u00een care ace\u0219tia s-au rugat pentru a avea un copil. A doua zi, pe 9 septembrie, Biserica \u00eei pomene\u0219te pe Ioachim \u0219i Ana.<\/p>\n<h2 data-section-id=\"uj1blx\" data-start=\"1497\" data-end=\"1575\" id=\"chapter-1\">\u00cen\u0103l\u021barea Sfintei Cruci, pe 14 septembrie<\/h2>\n<p data-start=\"1577\" data-end=\"1718\" id=\"p-5\">Una dintre cele mai importante s\u0103rb\u0103tori din calendarul ortodox&nbsp;este \u00cen\u0103l\u021barea Sfintei Cruci, pr\u0103znuit\u0103 pe 14 septembrie.<\/p>\n<p data-start=\"1720\" data-end=\"1936\" id=\"p-6\">S\u0103rb\u0103toarea aminte\u0219te de descoperirea Crucii pe care a fost r\u0103stignit Iisus Hristos, eveniment asociat Sfintei \u00cemp\u0103r\u0103tese Elena, precum \u0219i de recuperarea Sfintei Cruci de la per\u0219i \u0219i readucerea acesteia la Ierusalim.<\/p>\n<p data-start=\"1938\" data-end=\"2220\" id=\"p-7\">\u00cen aceea\u0219i perioad\u0103 sunt pomeni\u021bi \u0219i mai mul\u021bi sfin\u021bi importan\u021bi pentru spiritualitatea rom\u00e2neasc\u0103. Pe 15 septembrie este s\u0103rb\u0103torit Sf\u00e2ntul Ierarh Iosif cel Nou de la Parto\u0219, mitropolit al Banatului, iar pe 16 septembrie este pomenit Sf\u00e2ntul Cuvios M\u0103rturisitor Sofian de la Antim.<\/p>\n<h2 data-section-id=\"1uk1ve0\" data-start=\"2222\" data-end=\"2289\" id=\"chapter-2\">Sfin\u021bi \u0219i s\u0103rb\u0103tori importante<\/h2>\n<p data-start=\"2291\" data-end=\"2469\" id=\"p-8\">Pe 17 septembrie sunt pomeni\u021bi Sf\u00e2nta Muceni\u021b\u0103 Sofia \u0219i fiicele sale, Pistis, Elpis \u0219i Agapis, ale c\u0103ror nume sunt asociate cu virtu\u021bile cre\u0219tine Credin\u021ba, N\u0103dejdea \u0219i Dragostea.<\/p>\n<p data-start=\"2471\" data-end=\"2650\" id=\"p-9\">Calendarul ortodox din septembrie \u00eei mai cuprinde pe Sf\u00e2ntul Preot Mucenic Ilarion Felea, Sf\u00e2ntul Teodosie de la Brazi, Sf\u00e2ntul Domnitor Neagoe Basarab \u0219i Sf\u00e2ntul Antim Ivireanul.<\/p>\n<p data-start=\"2652\" data-end=\"2848\" id=\"p-10\">Pe 20 septembrie este Duminica dup\u0103 \u00cen\u0103l\u021barea Sfintei Cruci, c\u00e2nd \u00een bisericile ortodoxe este citit un fragment din Evanghelia dup\u0103 Marcu despre lep\u0103darea de sine \u0219i asumarea crucii personale.<\/p>\n<p data-start=\"2850\" data-end=\"2928\" id=\"p-11\">Luna se \u00eencheie cu pomenirea Sf\u00e2ntului Grigorie Lumin\u0103torul, pe 30 septembrie.<\/p>\n<h2 data-section-id=\"a46vt9\" data-start=\"2930\" data-end=\"2974\" id=\"chapter-3\">Calendar ortodox complet septembrie 2026<\/h2>\n<ul data-start=\"2976\" data-end=\"3898\">\n<li data-section-id=\"w8t3v6\" data-start=\"2976\" data-end=\"3050\">1 septembrie \u2013 Sf\u00e2ntul Dionisie Exiguul; \u00cenceputul anului bisericesc<\/li>\n<li data-section-id=\"d6gtzz\" data-start=\"3051\" data-end=\"3096\">8 septembrie \u2013 Na\u0219terea Maicii Domnului<\/li>\n<li data-section-id=\"1u29lsr\" data-start=\"3097\" data-end=\"3140\">9 septembrie \u2013 Sfin\u021bii Ioachim \u0219i Ana<\/li>\n<li data-section-id=\"16ujxfj\" data-start=\"3141\" data-end=\"3186\">14 septembrie \u2013 \u00cen\u0103l\u021barea Sfintei Cruci<\/li>\n<li data-section-id=\"1gckv29\" data-start=\"3187\" data-end=\"3250\">15 septembrie \u2013 Sf\u00e2ntul Ierarh Iosif cel Nou de la Parto\u0219<\/li>\n<li data-section-id=\"rqo3ta\" data-start=\"3251\" data-end=\"3350\">16 septembrie \u2013 Sf\u00e2ntul Cuvios M\u0103rturisitor Sofian de la Antim; Sf\u00e2nta Muceni\u021b\u0103 Eufimia; post<\/li>\n<li data-section-id=\"150mu12\" data-start=\"3351\" data-end=\"3410\">17 septembrie \u2013 Sf\u00e2nta Muceni\u021b\u0103 Sofia \u0219i fiicele sale<\/li>\n<li data-section-id=\"1wsq5kj\" data-start=\"3411\" data-end=\"3468\">18 septembrie \u2013 Sf\u00e2ntul Preot Mucenic Ilarion Felea<\/li>\n<li data-section-id=\"t6ufe2\" data-start=\"3469\" data-end=\"3528\">20 septembrie \u2013 Duminica dup\u0103 \u00cen\u0103l\u021barea Sfintei Cruci<\/li>\n<li data-section-id=\"180fkul\" data-start=\"3529\" data-end=\"3579\">22 septembrie \u2013 Sf\u00e2ntul Teodosie de la Brazi<\/li>\n<li data-section-id=\"16vb2gl\" data-start=\"3580\" data-end=\"3639\">23 septembrie \u2013 Z\u0103mislirea Sf\u00e2ntului Ioan Botez\u0103torul<\/li>\n<li data-section-id=\"wc6qle\" data-start=\"3640\" data-end=\"3693\">26 septembrie \u2013 Sf\u00e2ntul Domnitor Neagoe Basarab<\/li>\n<li data-section-id=\"adig3o\" data-start=\"3694\" data-end=\"3739\">27 septembrie \u2013 Sf\u00e2ntul Antim Ivireanul<\/li>\n<li data-section-id=\"wqg0l9\" data-start=\"3740\" data-end=\"3799\">28 septembrie \u2013 Sf\u00e2ntul Cuvios Hariton M\u0103rturisitorul<\/li>\n<li data-section-id=\"1ya4wyu\" data-start=\"3800\" data-end=\"3847\">29 septembrie \u2013 Sf\u00e2ntul Chiriac Sihastrul<\/li>\n<li data-section-id=\"23z7a8\" data-start=\"3848\" data-end=\"3898\">30 septembrie \u2013 Sf\u00e2ntul Grigorie Lumin\u0103torul<\/li>\n<\/ul>\n","protected":false},"excerpt":{"rendered":"<p>Printre cele mai cunoscute se num\u0103r\u0103 Na\u0219terea Maicii Domnului, pr\u0103znuit\u0103 pe 8 septembrie, \u0219i \u00cen\u0103l\u021barea Sfintei Cruci, celebrat\u0103 pe 14 septembrie. Pe 1 septembrie \u00eencepe anul bisericesc ortodox, zi care &hellip; <a href=\"https:\/\/microscopemedia.com\/?p=710993\" class=\"more-link\">Read More<\/a><\/p>\n","protected":false},"author":1,"featured_media":710994,"comment_status":"closed","ping_status":"closed","sticky":false,"template":"Default","format":"standard","meta":[],"categories":[1],"tags":[],"_links":{"self":[{"href":"https:\/\/microscopemedia.com\/index.php?rest_route=\/wp\/v2\/posts\/710993"}],"collection":[{"href":"https:\/\/microscopemedia.com\/index.php?rest_route=\/wp\/v2\/posts"}],"about":[{"href":"https:\/\/microscopemedia.com\/index.php?rest_route=\/wp\/v2\/types\/post"}],"author":[{"embeddable":true,"href":"https:\/\/microscopemedia.com\/index.php?rest_route=\/wp\/v2\/users\/1"}],"replies":[{"embeddable":true,"href":"https:\/\/microscopemedia.com\/index.php?rest_route=%2Fwp%2Fv2%2Fcomments&post=710993"}],"version-history":[{"count":0,"href":"https:\/\/microscopemedia.com\/index.php?rest_route=\/wp\/v2\/posts\/710993\/revisions"}],"wp:featuredmedia":[{"embeddable":true,"href":"https:\/\/microscopemedia.com\/index.php?rest_route=\/wp\/v2\/media\/710994"}],"wp:attachment":[{"href":"https:\/\/microscopemedia.com\/index.php?rest_route=%2Fwp%2Fv2%2Fmedia&parent=710993"}],"wp:term":[{"taxonomy":"category","embeddable":true,"href":"https:\/\/microscopemedia.com\/index.php?rest_route=%2Fwp%2Fv2%2Fcategories&post=710993"},{"taxonomy":"post_tag","embeddable":true,"href":"https:\/\/microscopemedia.com\/index.php?rest_route=%2Fwp%2Fv2%2Ftags&post=710993"}],"curies":[{"name":"wp","href":"https:\/\/api.w.org\/{rel}","templated":true}]}}