{"id":710999,"date":"2026-09-01T05:37:04","date_gmt":"2026-09-01T05:37:04","guid":{"rendered":"https:\/\/microscopemedia.com\/?p=710999"},"modified":"2026-09-01T05:37:04","modified_gmt":"2026-09-01T05:37:04","slug":"plecare-de-la-varful-armatei-terestre-din-sua-dan-driscoll-demisioneaza-dupa-un-conflict-cu-secretarul-apararii","status":"publish","type":"post","link":"https:\/\/microscopemedia.com\/?p=710999","title":{"rendered":"Plecare de la v\u00e2rful Armatei Terestre din SUA: Dan Driscoll demisioneaz\u0103 dup\u0103 un conflict cu secretarul Ap\u0103r\u0103rii"},"content":{"rendered":"<div class=\"sgb-google-buttons\">\n<div class=\"display-flex justify-center google-logo\"><img decoding=\"async\" loading=\"lazy\" class=\"mg-x-auto\" width=\"30\" height=\"30\" src=\"https:\/\/microscopemedia.com\/wp-content\/uploads\/2026\/09\/plecare-de-la-varful-armatei-terestre-din-sua-dan-driscoll-demisioneaza-dupa-un-conflict-cu-secretarul-apararii.png\" alt><\/div>\n<\/p><\/div>\n<p id=\"p-0\">Dan Driscoll, secretarul For\u021belor Terestre ale SUA, \u0219i-a prezentat demisia din func\u021bie dup\u0103 un an \u0219i jum\u0103tate de mandat, a anun\u021bat luni Casa Alb\u0103, potrivit Associated Press. Este cea mai recent\u0103 plecare a unui \u00eenalt oficial militar din cadrul administra\u021biei Trump.<\/p>\n<p id=\"p-1\">Informa\u0163ia a fost dezv\u0103luit\u0103 ini\u0163ial de ziarul The Wall Street Journal, pentru ca mai apoi s\u0103 fie preluat\u0103 de alte publica\u021bii interna\u021bionale.<\/p>\n<p id=\"p-2\">\u201eSecretarul Driscoll a fost extrem de eficient \u00een promovarea agendei pre\u0219edintelui Trump de a \u00abFace America din nou puternic\u0103\u00bb \u00een cadrul Departamentului Armatei, oferind o conducere remarcabil\u0103 \u00een timpul opera\u021biunilor militare istorice, readuc\u00e2nd accentul pe preg\u0103tire \u0219i letalitate, contribuind la negocierile dintre Rusia \u0219i Ucraina \u0219i multe altele\u201d, a declarat purt\u0103toarea de cuv\u00e2nt a Casei Albe, Anna Kelly, \u00eentr-o reac\u021bie pentru <span><a href=\"https:\/\/apnews.com\/article\/driscoll-departure-army-secretary-hegseth-4853c46840a522911da5a510b01966d2\" target=\"_blank\" rel=\"noopener\">Associated Press.<\/a><\/span><\/p>\n<p id=\"p-3\">Momentan, nu este clar motivul pentru care Driscoll a demisionat, dar vine \u00een contextul mai multor luni de tensiuni cu secretarul american al Ap\u0103r\u0103rii, Pete Hegseth.<\/p>\n<p id=\"p-4\">Un oficial al Armatei SUA a declarat, sub anonimat, pentru Associated Press, c\u0103 Driscoll a discutat cu pre\u0219edintele Donald Trump despre situa\u021bia actual\u0103 a Armatei \u0219i \u0219i-a \u00eenaintat demisia.<\/p>\n<h2 id=\"chapter-0\">Demisia, \u00een urma altor plec\u0103ri din cadrul Armatei<\/h2>\n<p id=\"p-5\">Driscoll a avut un rol activ \u0219i \u00een diploma\u021bie. El a fost implicat \u00een negocierile privind evolu\u021bia r\u0103zboiului din Ucraina \u0219i sprijinul militar acordat Kievului.<\/p>\n<p id=\"p-6\">Plecarea lui Driscoll de la conducerea For\u021belor Terestre ale SUA vine&nbsp;dup\u0103 \u00eendep\u0103rtarea unuia dintre alia\u021bii s\u0103i din cadrul Armatei, precum \u0219i dup\u0103 reducerea unui program de drone pe care acesta \u00eel sus\u021binuse.<\/p>\n<p id=\"p-7\">De asemenea, Pete Hegseth l-a demis, \u00een aprilie, pe cel mai \u00eenalt lider \u00een uniform\u0103 al Armatei, generalul Randy George, \u00een timp ce comandantul Armatei \u00een Europa \u0219i Africa, generalul <span><a href=\"https:\/\/www.mediafax.ro\/externe\/cutremur-in-armata-sua-seful-trupelor-americane-din-europa-si-africa-fortat-sa-se-retraga-anticipat-23760679\">Christopher Donahu<\/a><\/span>e, \u0219i-a dat demisia \u00een mod nea\u0219teptat \u00een iunie.<\/p>\n","protected":false},"excerpt":{"rendered":"<p>Dan Driscoll, secretarul For\u021belor Terestre ale SUA, \u0219i-a prezentat demisia din func\u021bie dup\u0103 un an \u0219i jum\u0103tate de mandat, a anun\u021bat luni Casa Alb\u0103, potrivit Associated Press. Este cea mai &hellip; <a href=\"https:\/\/microscopemedia.com\/?p=710999\" class=\"more-link\">Read More<\/a><\/p>\n","protected":false},"author":1,"featured_media":711000,"comment_status":"closed","ping_status":"closed","sticky":false,"template":"Default","format":"standard","meta":[],"categories":[1],"tags":[],"_links":{"self":[{"href":"https:\/\/microscopemedia.com\/index.php?rest_route=\/wp\/v2\/posts\/710999"}],"collection":[{"href":"https:\/\/microscopemedia.com\/index.php?rest_route=\/wp\/v2\/posts"}],"about":[{"href":"https:\/\/microscopemedia.com\/index.php?rest_route=\/wp\/v2\/types\/post"}],"author":[{"embeddable":true,"href":"https:\/\/microscopemedia.com\/index.php?rest_route=\/wp\/v2\/users\/1"}],"replies":[{"embeddable":true,"href":"https:\/\/microscopemedia.com\/index.php?rest_route=%2Fwp%2Fv2%2Fcomments&post=710999"}],"version-history":[{"count":0,"href":"https:\/\/microscopemedia.com\/index.php?rest_route=\/wp\/v2\/posts\/710999\/revisions"}],"wp:featuredmedia":[{"embeddable":true,"href":"https:\/\/microscopemedia.com\/index.php?rest_route=\/wp\/v2\/media\/711000"}],"wp:attachment":[{"href":"https:\/\/microscopemedia.com\/index.php?rest_route=%2Fwp%2Fv2%2Fmedia&parent=710999"}],"wp:term":[{"taxonomy":"category","embeddable":true,"href":"https:\/\/microscopemedia.com\/index.php?rest_route=%2Fwp%2Fv2%2Fcategories&post=710999"},{"taxonomy":"post_tag","embeddable":true,"href":"https:\/\/microscopemedia.com\/index.php?rest_route=%2Fwp%2Fv2%2Ftags&post=710999"}],"curies":[{"name":"wp","href":"https:\/\/api.w.org\/{rel}","templated":true}]}}