{"id":711001,"date":"2026-09-01T05:47:02","date_gmt":"2026-09-01T05:47:02","guid":{"rendered":"https:\/\/microscopemedia.com\/?p=711001"},"modified":"2026-09-01T05:47:02","modified_gmt":"2026-09-01T05:47:02","slug":"adolescentele-care-au-traversat-din-maroc-in-ceuta-isi-cer-dreptul-la-un-viitor-nu-vreau-ca-altii-sa-decida-pentru-mine","status":"publish","type":"post","link":"https:\/\/microscopemedia.com\/?p=711001","title":{"rendered":"Adolescentele care au traversat din Maroc \u00een Ceuta \u00ee\u0219i cer dreptul la un viitor: Nu vreau ca al\u021bii s\u0103 decid\u0103 pentru mine"},"content":{"rendered":"<div class=\"sgb-google-buttons\">\n<div class=\"display-flex justify-center google-logo\"><img decoding=\"async\" loading=\"lazy\" class=\"mg-x-auto\" width=\"30\" height=\"30\" src=\"https:\/\/microscopemedia.com\/wp-content\/uploads\/2026\/09\/adolescentele-care-au-traversat-din-maroc-in-ceuta-isi-cer-dreptul-la-un-viitor-nu-vreau-ca-altii-sa-decida-pentru-mine.png\" alt><\/div>\n<\/p><\/div>\n<p data-start=\"116\" data-end=\"525\" id=\"p-0\">Fetele, aflate acum \u00eentr-o tab\u0103r\u0103 improvizat\u0103 din Ceuta, spun c\u0103 vor s\u0103-\u0219i continue studiile, s\u0103 munceasc\u0103 \u0219i s\u0103 aib\u0103 control asupra propriului viitor, relateaz\u0103 <a href=\"https:\/\/www.theguardian.com\/global-development\/ng-interactive\/2026\/aug\/31\/we-want-to-find-a-better-future-teenage-girls-on-why-they-risked-their-lives-to-reach-spain\" target=\"_blank\" rel=\"noopener\">The Guardian<\/a>.<\/p>\n<h2 data-section-id=\"1iuqxbe\" data-start=\"527\" data-end=\"607\" id=\"chapter-0\">Adolescentele din Maroc vor s\u0103-\u0219i continue studiile \u0219i s\u0103 munceasc\u0103 \u00een Spania<\/h2>\n<p data-start=\"609\" data-end=\"850\" id=\"p-1\">Una dintre adolescente, Fatin, spune c\u0103 decizia de a pleca din Maroc a \u00eenceput s\u0103 prind\u0103 contur dup\u0103 ce a fost nevoit\u0103 s\u0103 renun\u021be la \u0219coal\u0103. Ea \u00ee\u0219i dorea s\u0103-\u0219i continue studiile, \u00eens\u0103 familia se a\u0219tepta s\u0103 se ocupe de treburile gospod\u0103re\u0219ti.<\/p>\n<p data-start=\"852\" data-end=\"1090\" id=\"p-2\">Fatin se num\u0103r\u0103 printre cele 29 de fete care au vorbit pentru The Guardian despre trecutul lor \u0219i despre speran\u021bele pe care le au pentru viitor. Toate au participat la traversarea \u00een mas\u0103 din Maroc c\u0103tre Ceuta, la sf\u00e2r\u0219itul lunii iulie.<\/p>\n<p data-start=\"1092\" data-end=\"1399\" id=\"p-3\">La aproape o lun\u0103 de la <a href=\"https:\/\/www.mediafax.ro\/externe\/sunt-super-spaniole-si-nu-pot-fi-atinse-spania-refuza-sa-discute-cu-marocul-despre-suveranitatea-asupra-exclavelor-ceuta-si-melilla-23789638\">traversare<\/a>, adolescentele se afl\u0103 printre sutele de tineri marocani care dorm \u00eentr-o tab\u0103r\u0103 improvizat\u0103 din El Pr\u00edncipe, unul dintre cele mai s\u0103race cartiere din Ceuta. Ele nu \u0219tiu dac\u0103 autorit\u0103\u021bile spaniole le vor permite s\u0103 r\u0103m\u00e2n\u0103 \u00een Spania sau dac\u0103 vor fi trimise \u00eenapoi \u00een Maroc.<\/p>\n<h2 data-section-id=\"runiv\" data-start=\"1401\" data-end=\"1466\" id=\"chapter-1\">Fetele din Maroc vor un viitor \u00een care s\u0103 poat\u0103 decide singure<\/h2>\n<p data-start=\"1468\" data-end=\"1634\" id=\"p-4\">M\u0103rturiile adolescentelor, exprimate \u00een arab\u0103, darija, spaniol\u0103, francez\u0103 \u0219i englez\u0103, au un element comun: dorin\u021ba de a avea mai mult control asupra propriilor vie\u021bi.<\/p>\n<p data-start=\"1636\" data-end=\"1890\" id=\"p-5\">Unele vor s\u0103 termine \u0219coala \u0219i s\u0103 urmeze o profesie. Printre meseriile visate se num\u0103r\u0103 cea de asistent\u0103 medical\u0103, psiholog, buc\u0103t\u0103reas\u0103, fotbalist\u0103 sau antrenoare sportiv\u0103. Altele sper\u0103 s\u0103 munceasc\u0103 \u00een Spania pentru a-\u0219i putea ajuta financiar familiile.<\/p>\n<p data-start=\"1892\" data-end=\"2171\" id=\"p-6\">Malak, \u00een v\u00e2rst\u0103 de 17 ani, spune c\u0103 problemele familiale au \u00eempiedicat-o s\u0103-\u0219i continue studiile. \u00cenc\u0103 din copil\u0103rie visa s\u0103 lucreze \u00een serviciile de informa\u021bii, iar plecarea \u00een Spania reprezint\u0103 pentru ea o \u0219ans\u0103 de a recupera un viitor despre care sim\u021bea c\u0103 \u00eei fusese refuzat.<\/p>\n<p data-start=\"2173\" data-end=\"2306\" id=\"p-7\">O alt\u0103 adolescent\u0103 spune c\u0103 nu vrea ca familia s\u0103 decid\u0103 cu cine se va c\u0103s\u0103tori, ci \u00ee\u0219i dore\u0219te s\u0103 poat\u0103 lua singur\u0103 aceast\u0103 decizie.<\/p>\n<h2 data-section-id=\"1q9rbii\" data-start=\"2308\" data-end=\"2390\" id=\"chapter-2\">Adolescentele din Maroc se confrunt\u0103 cu diferen\u021be majore \u00eentre femei \u0219i b\u0103rba\u021bi<\/h2>\n<p data-start=\"2392\" data-end=\"2690\" id=\"p-8\">Situa\u021bia femeilor pe pia\u021ba muncii din Maroc eviden\u021biaz\u0103 o diferen\u021b\u0103 semnificativ\u0103 \u00eentre sexe. \u00cen al doilea trimestru al anului 2026, doar 18,1% dintre femeile de v\u00e2rst\u0103 activ\u0103 f\u0103ceau parte din for\u021ba de munc\u0103, fa\u021b\u0103 de 66,5% dintre b\u0103rba\u021bi, potrivit \u00cenaltului Comisariat pentru Planificare din Maroc.<\/p>\n<p data-start=\"2692\" data-end=\"2998\" id=\"p-9\">Diferen\u021bele apar \u0219i \u00een ceea ce prive\u0219te munca domestic\u0103. Femeile \u0219i fetele de cel pu\u021bin 15 ani petrec 20,8% din timp \u00een activit\u0103\u021bi neremunerate de \u00eengrijire \u0219i munc\u0103 domestic\u0103, \u00een timp ce procentul este de 3% \u00een cazul b\u0103rba\u021bilor \u0219i b\u0103ie\u021bilor, potrivit Organiza\u021biei pentru Cooperare \u0219i Dezvoltare Economic\u0103.<\/p>\n<p data-start=\"3000\" data-end=\"3208\" id=\"p-10\">Wiam, \u00een v\u00e2rst\u0103 de 16 ani, spune c\u0103 vrea s\u0103-\u0219i continue studiile \u0219i s\u0103 urmeze o carier\u0103 \u00een fotbal \u00een Spania. \u00cen acela\u0219i timp, \u00ee\u0219i dore\u0219te s\u0103-\u0219i ajute p\u0103rin\u021bii \u0219i \u201es\u0103 mai ia pu\u021bin din povara de pe umerii\u201d lor.<\/p>\n<p data-start=\"3210\" data-end=\"3400\" id=\"p-11\">Soraya, tot \u00een v\u00e2rst\u0103 de 16 ani, vrea s\u0103 devin\u0103 asistent\u0103 medical\u0103. Alte adolescente vorbesc despre dorin\u021ba de a avea \u201eo via\u021b\u0103 s\u0103n\u0103toas\u0103 \u0219i stabil\u0103\u201d sau \u201eun viitor mai bun \u0219i o via\u021b\u0103 demn\u0103\u201d.<\/p>\n<h2 data-section-id=\"1mx71bs\" data-start=\"3402\" data-end=\"3465\" id=\"chapter-3\">Adolescentele din Ceuta au nevoie de protec\u021bie \u0219i informa\u021bii<\/h2>\n<p data-start=\"3467\" data-end=\"3669\" id=\"p-12\">\u00cen prezent, problemele adolescentelor sunt \u00eens\u0103 mai urgente. Ele au nevoie de un loc sigur \u00een care s\u0103 locuiasc\u0103, acces la servicii medicale, intimitate, educa\u021bie \u0219i informa\u021bii clare despre viitorul lor.<\/p>\n<p data-start=\"3671\" data-end=\"3941\" id=\"p-13\">Ahmed Enfed-dal, pre\u0219edintele asocia\u021biei de cartier din El Pr\u00edncipe, spune c\u0103 localnicii \u00eencearc\u0103 s\u0103 creeze un spa\u021biu c\u00e2t mai sigur pentru fete. Potrivit acestuia, adolescentele sunt \u00eenso\u021bite atunci c\u00e2nd merg la toalet\u0103 sau la du\u0219, pentru a evita situa\u021biile periculoase.<\/p>\n<p data-start=\"3943\" data-end=\"4166\" id=\"p-14\">Situa\u021bia r\u0103m\u00e2ne \u00eens\u0103 \u00eengrijor\u0103toare. P\u00e2n\u0103 la 17 august, procurorii din Ceuta \u00eenregistraser\u0103 13 pl\u00e2ngeri oficiale privind agresiuni sexuale comise de la \u00eenceputul travers\u0103rii \u00een mas\u0103. Printre victime se aflau \u0219i trei minori.<\/p>\n<p data-start=\"4168\" data-end=\"4381\" id=\"p-15\">Pentru adolescentele ajunse \u00een Ceuta, traversarea nu a \u00eensemnat \u00eens\u0103 doar o \u00eencercare de a ajunge \u00een Europa, ci \u0219i speran\u021ba unei vie\u021bi \u00een care s\u0103 poat\u0103 studia, munci \u0219i lua singure decizii privind propriul viitor.<\/p>\n","protected":false},"excerpt":{"rendered":"<p>Fetele, aflate acum \u00eentr-o tab\u0103r\u0103 improvizat\u0103 din Ceuta, spun c\u0103 vor s\u0103-\u0219i continue studiile, s\u0103 munceasc\u0103 \u0219i s\u0103 aib\u0103 control asupra propriului viitor, relateaz\u0103 The Guardian. Adolescentele din Maroc vor &hellip; <a href=\"https:\/\/microscopemedia.com\/?p=711001\" class=\"more-link\">Read More<\/a><\/p>\n","protected":false},"author":1,"featured_media":711002,"comment_status":"closed","ping_status":"closed","sticky":false,"template":"Default","format":"standard","meta":[],"categories":[1],"tags":[],"_links":{"self":[{"href":"https:\/\/microscopemedia.com\/index.php?rest_route=\/wp\/v2\/posts\/711001"}],"collection":[{"href":"https:\/\/microscopemedia.com\/index.php?rest_route=\/wp\/v2\/posts"}],"about":[{"href":"https:\/\/microscopemedia.com\/index.php?rest_route=\/wp\/v2\/types\/post"}],"author":[{"embeddable":true,"href":"https:\/\/microscopemedia.com\/index.php?rest_route=\/wp\/v2\/users\/1"}],"replies":[{"embeddable":true,"href":"https:\/\/microscopemedia.com\/index.php?rest_route=%2Fwp%2Fv2%2Fcomments&post=711001"}],"version-history":[{"count":0,"href":"https:\/\/microscopemedia.com\/index.php?rest_route=\/wp\/v2\/posts\/711001\/revisions"}],"wp:featuredmedia":[{"embeddable":true,"href":"https:\/\/microscopemedia.com\/index.php?rest_route=\/wp\/v2\/media\/711002"}],"wp:attachment":[{"href":"https:\/\/microscopemedia.com\/index.php?rest_route=%2Fwp%2Fv2%2Fmedia&parent=711001"}],"wp:term":[{"taxonomy":"category","embeddable":true,"href":"https:\/\/microscopemedia.com\/index.php?rest_route=%2Fwp%2Fv2%2Fcategories&post=711001"},{"taxonomy":"post_tag","embeddable":true,"href":"https:\/\/microscopemedia.com\/index.php?rest_route=%2Fwp%2Fv2%2Ftags&post=711001"}],"curies":[{"name":"wp","href":"https:\/\/api.w.org\/{rel}","templated":true}]}}