{"id":711005,"date":"2026-09-01T06:27:02","date_gmt":"2026-09-01T06:27:02","guid":{"rendered":"https:\/\/microscopemedia.com\/?p=711005"},"modified":"2026-09-01T06:27:02","modified_gmt":"2026-09-01T06:27:02","slug":"reuniune-informala-a-ministrilor-de-externe-ai-ue-in-irlanda-ucraina-gaza-si-orientul-mijlociu-principalele-teme-de-discutie","status":"publish","type":"post","link":"https:\/\/microscopemedia.com\/?p=711005","title":{"rendered":"Reuniune informal\u0103 a mini\u0219trilor de externe ai UE, \u00een Irlanda. Ucraina, Gaza \u0219i Orientul Mijlociu, principalele teme de discu\u021bie"},"content":{"rendered":"<div class=\"sgb-google-buttons\">\n<div class=\"display-flex justify-center google-logo\"><img decoding=\"async\" loading=\"lazy\" class=\"mg-x-auto\" width=\"30\" height=\"30\" src=\"https:\/\/microscopemedia.com\/wp-content\/uploads\/2026\/09\/reuniune-informala-a-ministrilor-de-externe-ai-ue-in-irlanda-ucraina-gaza-si-orientul-mijlociu-principalele-teme-de-discutie.png\" alt><\/div>\n<\/p><\/div>\n<p class=\"PDq2pG_selectionAnchorContainer\" data-start=\"113\" data-end=\"351\" id=\"p-0\">Mini\u0219trii de externe ai Uniunii Europene se reunesc \u00een zilele de 1 \u0219i 2 septembrie 2026, la Wicklow, \u00een Irlanda, pentru o reuniune informal\u0103 \u00een format Gymnich. \u00cent\u00e2lnirea este organizat\u0103 de pre\u0219edin\u021bia rotativ\u0103 irlandez\u0103 a Consiliului UE, potrivit chiar <a href=\"https:\/\/www.consilium.europa.eu\/ro\/\">anun\u021bului<\/a> acestuia.<\/p>\n<p data-start=\"353\" data-end=\"632\" id=\"p-1\">Reuniunea va fi g\u0103zduit\u0103 de ministrul irlandez al afacerilor externe \u0219i comer\u021bului, Helen McEntee TD, \u00een cooperare cu \u00cenalta Reprezentant\u0103 a UE pentru Afaceri Externe \u0219i Politica de Securitate, Kaja Kallas, potrivit informa\u021biilor publicate pe <a href=\"https:\/\/cyprus-presidency.consilium.europa.eu\/\">site-ul pre\u0219edin\u021biei Consiliului UE<\/a>.<\/p>\n<p data-start=\"353\" data-end=\"632\" id=\"p-2\">Printre principalele teme de discu\u021bie se afl\u0103 sprijinul Uniunii Europene pentru Ucraina \u00een contextul r\u0103zboiului, situa\u021bia din Orientul Mijlociu, inclusiv conflictul din Iran \u0219i zona Golfului, situa\u021bia umanitar\u0103 din Gaza \u0219i deteriorarea situa\u021biei din Cisiordania.<\/p>\n<p data-start=\"353\" data-end=\"632\" id=\"p-3\">Vor exista discu\u021bii, de asemenea, \u0219i despre situa\u021bia actual\u0103 din Liban.<\/p>\n<h2 class=\"PDq2pG_selectionAnchorContainer\" data-section-id=\"1uzeon2\" data-start=\"952\" data-end=\"1003\" id=\"chapter-0\">Ucraina \u0219i Orientul Mijlociu, principalele teme<\/h2>\n<p data-start=\"1005\" data-end=\"1263\" id=\"p-4\">Reuniunea aceasta de la Wicklow vine dup\u0103 \u00eent\u00e2lnirea mini\u0219trilor de externe ai UE \u00een format Gymnich, desf\u0103\u0219urat\u0103 \u00een 27 \u0219i 28 mai 2026, la Limassol, \u00een Cipru. Atunci, discu\u021biile s-au concentrat \u00een principal pe evolu\u021biile din Orientul Mijlociu \u0219i r\u0103zboiul din Ucraina.<\/p>\n<p class=\"PDq2pG_selectionAnchorContainer\" data-start=\"1265\" data-end=\"1428\" id=\"p-5\">\u00cen cadrul reuniunii din Cipru, ministrul de externe Constantinos Kombos a declarat c\u0103 este nevoie urgent\u0103 de consolidare a rolului pe care Uniunea European\u0103 \u00eel are, ca actor geopolitic credibil.<\/p>\n<p data-start=\"1430\" data-end=\"1692\" id=\"p-6\">\u00cen ceea ce prive\u0219te Orientul Mijlociu, mini\u0219trii au analizat impactul evolu\u021biilor asupra securit\u0103\u021bii maritime, importan\u021ba respect\u0103rii dreptului interna\u021bional \u0219i a libert\u0103\u021bii de naviga\u021bie, al\u0103turi de nevoia de consolidare a rezilien\u021bei lan\u021burilor de aprovizionare.<\/p>\n<p data-start=\"1430\" data-end=\"1692\" id=\"p-7\">Discu\u021biile despre Ucraina au vizat r\u0103zboiul \u0219i pozi\u021bionarea strategic\u0103 a Uniunii Europene.<\/p>\n<h2 class=\"PDq2pG_selectionAnchorContainer\" data-section-id=\"1a3itoi\" data-start=\"1858\" data-end=\"1887\" id=\"chapter-1\">Ce este reuniunea Gymnich<\/h2>\n<p data-start=\"1889\" data-end=\"2067\" id=\"p-8\">Reuniunea informal\u0103 a mini\u0219trilor de externe ai UE este cunoscut\u0103 sub numele de \u201eGymnich\u201d, dup\u0103 localitatea din Germania \u00een care a avut loc prima \u00eent\u00e2lnire de acest tip, \u00een 1974.<\/p>\n<p data-start=\"2069\" data-end=\"2311\" id=\"p-9\">Reuniunile Gymnich au loc de dou\u0103 ori pe an \u0219i sunt g\u0103zduite de statul care de\u021bine pre\u0219edin\u021bia rotativ\u0103 a Consiliului Uniunii Europene. \u00cent\u00e2lnirile sunt prezidate de \u00cenaltul Reprezentant al UE pentru Afaceri Externe \u0219i Politica de Securitate.<\/p>\n<p data-start=\"2069\" data-end=\"2311\" id=\"p-10\">Formatul include o serie de discu\u021bii despre subiecte importante de pe agenda interna\u021bional\u0103 \u0219i despre dosarele de interes pentru Uniunea European\u0103. Lista temelor este stabilit\u0103 de \u00cenaltul Reprezentant, \u00een consultare cu statul care g\u0103zduie\u0219te reuniunea.<\/p>\n","protected":false},"excerpt":{"rendered":"<p>Mini\u0219trii de externe ai Uniunii Europene se reunesc \u00een zilele de 1 \u0219i 2 septembrie 2026, la Wicklow, \u00een Irlanda, pentru o reuniune informal\u0103 \u00een format Gymnich. \u00cent\u00e2lnirea este organizat\u0103 &hellip; <a href=\"https:\/\/microscopemedia.com\/?p=711005\" class=\"more-link\">Read More<\/a><\/p>\n","protected":false},"author":1,"featured_media":711006,"comment_status":"closed","ping_status":"closed","sticky":false,"template":"Default","format":"standard","meta":[],"categories":[1],"tags":[],"_links":{"self":[{"href":"https:\/\/microscopemedia.com\/index.php?rest_route=\/wp\/v2\/posts\/711005"}],"collection":[{"href":"https:\/\/microscopemedia.com\/index.php?rest_route=\/wp\/v2\/posts"}],"about":[{"href":"https:\/\/microscopemedia.com\/index.php?rest_route=\/wp\/v2\/types\/post"}],"author":[{"embeddable":true,"href":"https:\/\/microscopemedia.com\/index.php?rest_route=\/wp\/v2\/users\/1"}],"replies":[{"embeddable":true,"href":"https:\/\/microscopemedia.com\/index.php?rest_route=%2Fwp%2Fv2%2Fcomments&post=711005"}],"version-history":[{"count":0,"href":"https:\/\/microscopemedia.com\/index.php?rest_route=\/wp\/v2\/posts\/711005\/revisions"}],"wp:featuredmedia":[{"embeddable":true,"href":"https:\/\/microscopemedia.com\/index.php?rest_route=\/wp\/v2\/media\/711006"}],"wp:attachment":[{"href":"https:\/\/microscopemedia.com\/index.php?rest_route=%2Fwp%2Fv2%2Fmedia&parent=711005"}],"wp:term":[{"taxonomy":"category","embeddable":true,"href":"https:\/\/microscopemedia.com\/index.php?rest_route=%2Fwp%2Fv2%2Fcategories&post=711005"},{"taxonomy":"post_tag","embeddable":true,"href":"https:\/\/microscopemedia.com\/index.php?rest_route=%2Fwp%2Fv2%2Ftags&post=711005"}],"curies":[{"name":"wp","href":"https:\/\/api.w.org\/{rel}","templated":true}]}}