{"id":711009,"date":"2026-09-01T06:56:03","date_gmt":"2026-09-01T06:56:03","guid":{"rendered":"https:\/\/microscopemedia.com\/?p=711009"},"modified":"2026-09-01T06:56:03","modified_gmt":"2026-09-01T06:56:03","slug":"nicusor-dan-despre-viitorul-guvern-a-fost-o-criza-politica-care-ne-a-depasit-previziunile","status":"publish","type":"post","link":"https:\/\/microscopemedia.com\/?p=711009","title":{"rendered":"Nicu\u0219or Dan, despre viitorul Guvern: A fost o criz\u0103 politic\u0103 care ne-a dep\u0103\u0219it previziunile"},"content":{"rendered":"<div class=\"sgb-google-buttons\">\n<div class=\"display-flex justify-center google-logo\"><img decoding=\"async\" loading=\"lazy\" class=\"mg-x-auto\" width=\"30\" height=\"30\" src=\"https:\/\/microscopemedia.com\/wp-content\/uploads\/2026\/09\/nicusor-dan-despre-viitorul-guvern-a-fost-o-criza-politica-care-ne-a-depasit-previziunile.png\" alt><\/div>\n<\/p><\/div>\n<p data-path-to-node=\"0\" id=\"p-0\">Nicu\u0219or Dan, pre\u0219edintele Rom\u00e2niei, a declarat mar\u021bi, 1 septembrie, c\u0103 are regrete \u00een privin\u021ba situa\u021biei guvernamentale \u0219i a mai spus c\u0103 \u0219i-ar fi dorit ca un Guvern cu puteri depline s\u0103 se fi concretizat \u00een vara care tocmai a trecut.<\/p>\n<p data-path-to-node=\"0\" id=\"p-1\">\u00cen fa\u021ba a 200 de diploma\u021bi \u0219i consuli rom\u00e2ni din \u021b\u0103rile membre NATO \u0219i UE, Nicu\u0219or Dan a vorbit despre securitatea Rom\u00e2niei \u0219i rela\u021biile externe, dar \u0219i despre priorit\u0103\u021bile \u00een formarea unui nou Guvern.<\/p>\n<p data-path-to-node=\"0\" id=\"p-2\"><span class=\"cursor-pointer group\" title=\"Reda\u021bi \u00eencep\u00e2nd de la 12:54\"><span class=\"group-hover:bg-base-200 rounded p-0.5 -m-0.5\" data-start=\"773890\" data-end=\"781910\">\u201eA fost o criz\u0103 politic\u0103 care ne-a dep\u0103\u0219it previziunile\u201d, spune Nicu\u0219or Dan despre criza politic\u0103 din Rom\u00e2nia.<\/span><\/span><\/p>\n<h2 data-path-to-node=\"0\" id=\"chapter-0\">\u0218efia MAE, pozi\u021bie cheie din perspectiva pre\u0219edintelui<\/h2>\n<p data-path-to-node=\"0\" id=\"p-3\">\u0218eful statului spune c\u0103 \u00een formarea viitorului Guvern, prioritar\u0103 va fi alegerea persoanei care va conduce Ministerul de Externe.<\/p>\n<p data-path-to-node=\"0\" id=\"p-4\">\u201eSper c\u0103 \u00een rela\u021bia cu viitorul guvern, oricare va fi el, s\u0103 reu\u0219im s\u0103 g\u0103sim pozi\u021bia potrivit\u0103 pentru Ministerul de Externe, pentru c\u0103 exist\u0103, \u0219tim to\u021bi, exist\u0103 chestiuni logistice importante, am\u00e2nate \u0219i pe partea de finan\u021bare \u0219i pe partea de sedii administrative ale Rom\u00e2niei \u00een afar\u0103 \u0219i politica extern\u0103 este o, inclusiv din perspectiv\u0103 economic\u0103, este o zon\u0103 asupra c\u0103reia trebuie s\u0103 ne concentr\u0103m\u201d, a mai ad\u0103ugat Nicu\u0219or Dan.<\/p>\n<p data-path-to-node=\"0\" id=\"p-5\">Pre\u0219edintele a mai spus c\u0103 la capitolul probleme administrative din MAE, progrese se vor vedea pe parcursul anului urm\u0103tor.<\/p>\n<p data-path-to-node=\"0\" id=\"p-6\">\u201eDeci sper c\u0103 pe partea administrativ\u0103 vom avea ni\u0219te progrese \u00een cursul anului care urmeaz\u0103\u201d, a concluzionat \u0219eful statului.<\/p>\n<p data-path-to-node=\"0\" id=\"p-7\">Nicu\u0219or Dan urmeaz\u0103 s\u0103 discute din nou cu liderii partidelor politice pro-occidentale, \u00een urm\u0103toarele zile, pentru stabilirea unei noi formule de guvernare a \u021b\u0103rii.<\/p>\n<p data-path-to-node=\"0\" id=\"p-8\">Sorin&nbsp;Grindeanu&nbsp;a spus luni c\u0103 \u00ee\u0219i asum\u0103 func\u021bia de premier, dup\u0103 consiliul PSD de la Sinaia, unde conducerea partidului a votat priorit\u0103\u021bile pe care le vrea viitorul Guvern. Pre\u0219edintele PSD a mai ad\u0103ugat c\u0103 el are deja experien\u021ba func\u021biei de prim-ministru.<\/p>\n","protected":false},"excerpt":{"rendered":"<p>Nicu\u0219or Dan, pre\u0219edintele Rom\u00e2niei, a declarat mar\u021bi, 1 septembrie, c\u0103 are regrete \u00een privin\u021ba situa\u021biei guvernamentale \u0219i a mai spus c\u0103 \u0219i-ar fi dorit ca un Guvern cu puteri depline &hellip; <a href=\"https:\/\/microscopemedia.com\/?p=711009\" class=\"more-link\">Read More<\/a><\/p>\n","protected":false},"author":1,"featured_media":711010,"comment_status":"closed","ping_status":"closed","sticky":false,"template":"Default","format":"standard","meta":[],"categories":[1],"tags":[],"_links":{"self":[{"href":"https:\/\/microscopemedia.com\/index.php?rest_route=\/wp\/v2\/posts\/711009"}],"collection":[{"href":"https:\/\/microscopemedia.com\/index.php?rest_route=\/wp\/v2\/posts"}],"about":[{"href":"https:\/\/microscopemedia.com\/index.php?rest_route=\/wp\/v2\/types\/post"}],"author":[{"embeddable":true,"href":"https:\/\/microscopemedia.com\/index.php?rest_route=\/wp\/v2\/users\/1"}],"replies":[{"embeddable":true,"href":"https:\/\/microscopemedia.com\/index.php?rest_route=%2Fwp%2Fv2%2Fcomments&post=711009"}],"version-history":[{"count":0,"href":"https:\/\/microscopemedia.com\/index.php?rest_route=\/wp\/v2\/posts\/711009\/revisions"}],"wp:featuredmedia":[{"embeddable":true,"href":"https:\/\/microscopemedia.com\/index.php?rest_route=\/wp\/v2\/media\/711010"}],"wp:attachment":[{"href":"https:\/\/microscopemedia.com\/index.php?rest_route=%2Fwp%2Fv2%2Fmedia&parent=711009"}],"wp:term":[{"taxonomy":"category","embeddable":true,"href":"https:\/\/microscopemedia.com\/index.php?rest_route=%2Fwp%2Fv2%2Fcategories&post=711009"},{"taxonomy":"post_tag","embeddable":true,"href":"https:\/\/microscopemedia.com\/index.php?rest_route=%2Fwp%2Fv2%2Ftags&post=711009"}],"curies":[{"name":"wp","href":"https:\/\/api.w.org\/{rel}","templated":true}]}}