{"id":711011,"date":"2026-09-01T07:07:03","date_gmt":"2026-09-01T07:07:03","guid":{"rendered":"https:\/\/microscopemedia.com\/?p=711011"},"modified":"2026-09-01T07:07:03","modified_gmt":"2026-09-01T07:07:03","slug":"slovacia-trimite-radare-de-joaca-altitudine-in-romania-pentru-supravegherea-granitei-de-est-anuntul-ministrului-apararii-dupa-discutiile-cu-omologul-slovac","status":"publish","type":"post","link":"https:\/\/microscopemedia.com\/?p=711011","title":{"rendered":"Slovacia trimite radare de joac\u0103 altitudine \u00een Rom\u00e2nia pentru supravegherea grani\u021bei de est. Anun\u021bul ministrului Ap\u0103r\u0103rii dup\u0103 discu\u021biile cu omologul slovac"},"content":{"rendered":"<div readability=\"41.534596057209\">\n<div class=\"sgb-google-buttons\">\n<div class=\"display-flex justify-center google-logo\"><img decoding=\"async\" loading=\"lazy\" class=\"mg-x-auto\" width=\"30\" height=\"30\" src=\"https:\/\/microscopemedia.com\/wp-content\/uploads\/2026\/09\/slovacia-trimite-radare-de-joaca-altitudine-in-romania-pentru-supravegherea-granitei-de-est-anuntul-ministrului-apararii-dupa-discutiile-cu-omologul-slovac.png\" alt><\/div>\n<\/p><\/div>\n<p data-start=\"152\" data-end=\"500\" id=\"p-0\">Ministrul interimar al Ap\u0103r\u0103rii, Radu Miru\u021b\u0103, a anun\u021bat mar\u021bi c\u0103 Slovacia va trimite \u00een Rom\u00e2nia radare de joas\u0103 altitudine \u0219i personal specializat pentru utilizarea acestora, \u00een vederea monitoriz\u0103rii grani\u021bei de est.<\/p>\n<p data-start=\"152\" data-end=\"500\" id=\"p-1\">\u00cen aceast\u0103 zon\u0103 sunt semnalate \u00een mod frecvent drone care se apropie de spa\u021biul aerian al Rom\u00e2niei \u0219i, \u00een unele cazuri, acestea chiar p\u0103trund pe teritoriul \u021b\u0103rii.<\/p>\n<p data-start=\"502\" data-end=\"748\" id=\"p-2\">Anun\u021bul a fost f\u0103cut de Radu Miru\u021b\u0103 \u00eentr-un mesaj publicat mar\u021bi pe Facebook, dup\u0103 discu\u021biile cu ministrul slovac al Ap\u0103r\u0103rii, Robert Kali\u0148\u00e1k.<\/p>\n<p data-start=\"750\" data-end=\"1433\" id=\"p-4\">\u201eUneori \u00eent\u00e2lnirile muncite dau \u015fi roade concrete. \u00cei mul\u021bumesc omologului meu, Robert Kali\u0148\u00e1k, de asemenea \u0219i guvernului slovac pentru c\u0103 au aprobat s\u0103 trimit\u0103 \u00een Rom\u00e2nia radare de joas\u0103 altitudine \u0219i personal care s\u0103 le utilizeze! Este un r\u0103spuns pe care l-am primit la apelul pe care l-am f\u0103cut \u0219i la nivelul NATO \u0219i la nivelul Uniunii Europene pentru a \u00eent\u0103ri capacitatea de supraveghere de la grani\u021ba noastr\u0103 estic\u0103. Este un r\u0103spuns care m\u0103 bucur\u0103 dupa intalniri \u00een care am cerut, am explicat \u0219i am argumentat. Este un r\u0103spuns pe care l-am primit dup\u0103 ce am demonstrat prin programele SAFE c\u0103 doar \u00een c\u00e2teva luni la MApN ne-am f\u0103cut bine temele. Se poate!\u201d, a scris Radu Miru\u021b\u0103.<\/p>\n<p class=\"PDq2pG_selectionAnchorContainer\" data-start=\"1435\" data-end=\"1725\" id=\"p-5\">Ministrul interimar al Ap\u0103r\u0103rii se afl\u0103 acum \u00een Irlanda, unde particip\u0103 la <a href=\"https:\/\/www.mediafax.ro\/politic\/reuniune-informala-a-ministrilor-de-externe-ai-ue-in-irlanda-ucraina-si-orientul-mijlociu-principalele-teme-de-discutie-oana-toiu-prezenta-la-intrunire-23799576\">reuniunea informal\u0103 a mini\u0219trilor Ap\u0103r\u0103rii din Uniunea European\u0103<\/a>. Miru\u021b\u0103 a scris c\u0103 i-a mul\u021bumit personal ministrului slovac pentru sprijin.<\/p>\n<p data-start=\"1727\" data-end=\"2191\" id=\"p-6\">\u201eI-am mul\u021bumit personal ministrului Robert Kali\u0148\u00e1k \u00een cadrul reuniunii informale a mini\u0219trilor Ap\u0103r\u0103rii din Uniunea European\u0103, din Irlanda, \u0219i am subliniat \u00eenc\u0103 o dat\u0103 c\u00e2t de important este s\u0103 ar\u0103t\u0103m \u00een practic\u0103 felul \u00een care func\u021bioneaz\u0103 cooperarea dintre state. Rom\u00e2nia a dovedit ca este un partener serios care nu cere nimic \u00eenainte de a-\u0219i face singur\u0103 lec\u021biile. \u0218i da, lec\u021bii nef\u0103cute de ani buni, au fost f\u0103cute \u00een doar c\u00e2teva luni\u201d, a mai scris Radu Miru\u021b\u0103.<\/p>\n<p data-start=\"1727\" data-end=\"2191\" id=\"p-7\">Potrivit ministrului, sprijinul Slovaciei vine dup\u0103 demersurile f\u0103cute de Rom\u00e2nia la nivelul NATO \u0219i al Uniunii Europene pentru consolidarea capacit\u0103\u021bii de supraveghere a frontierei estice.<\/p>\n<\/p><\/div>\n","protected":false},"excerpt":{"rendered":"<p>Ministrul interimar al Ap\u0103r\u0103rii, Radu Miru\u021b\u0103, a anun\u021bat mar\u021bi c\u0103 Slovacia va trimite \u00een Rom\u00e2nia radare de joas\u0103 altitudine \u0219i personal specializat pentru utilizarea acestora, \u00een vederea monitoriz\u0103rii grani\u021bei de &hellip; <a href=\"https:\/\/microscopemedia.com\/?p=711011\" class=\"more-link\">Read More<\/a><\/p>\n","protected":false},"author":1,"featured_media":711012,"comment_status":"closed","ping_status":"closed","sticky":false,"template":"Default","format":"standard","meta":[],"categories":[1],"tags":[],"_links":{"self":[{"href":"https:\/\/microscopemedia.com\/index.php?rest_route=\/wp\/v2\/posts\/711011"}],"collection":[{"href":"https:\/\/microscopemedia.com\/index.php?rest_route=\/wp\/v2\/posts"}],"about":[{"href":"https:\/\/microscopemedia.com\/index.php?rest_route=\/wp\/v2\/types\/post"}],"author":[{"embeddable":true,"href":"https:\/\/microscopemedia.com\/index.php?rest_route=\/wp\/v2\/users\/1"}],"replies":[{"embeddable":true,"href":"https:\/\/microscopemedia.com\/index.php?rest_route=%2Fwp%2Fv2%2Fcomments&post=711011"}],"version-history":[{"count":0,"href":"https:\/\/microscopemedia.com\/index.php?rest_route=\/wp\/v2\/posts\/711011\/revisions"}],"wp:featuredmedia":[{"embeddable":true,"href":"https:\/\/microscopemedia.com\/index.php?rest_route=\/wp\/v2\/media\/711012"}],"wp:attachment":[{"href":"https:\/\/microscopemedia.com\/index.php?rest_route=%2Fwp%2Fv2%2Fmedia&parent=711011"}],"wp:term":[{"taxonomy":"category","embeddable":true,"href":"https:\/\/microscopemedia.com\/index.php?rest_route=%2Fwp%2Fv2%2Fcategories&post=711011"},{"taxonomy":"post_tag","embeddable":true,"href":"https:\/\/microscopemedia.com\/index.php?rest_route=%2Fwp%2Fv2%2Ftags&post=711011"}],"curies":[{"name":"wp","href":"https:\/\/api.w.org\/{rel}","templated":true}]}}