{"id":711013,"date":"2026-09-01T07:27:02","date_gmt":"2026-09-01T07:27:02","guid":{"rendered":"https:\/\/microscopemedia.com\/?p=711013"},"modified":"2026-09-01T07:27:02","modified_gmt":"2026-09-01T07:27:02","slug":"profesorul-dan-dungaciu-prim-vicepresedinte-aur-mae-a-devenit-un-ong-de-stat","status":"publish","type":"post","link":"https:\/\/microscopemedia.com\/?p=711013","title":{"rendered":"Profesorul Dan Dungaciu (prim-vicepre\u0219edinte AUR): \u201eMAE a devenit un ONG de stat!\u201d"},"content":{"rendered":"<div class=\"sgb-google-buttons\">\n<div class=\"display-flex justify-center google-logo\"><img decoding=\"async\" loading=\"lazy\" class=\"mg-x-auto\" width=\"30\" height=\"30\" src=\"https:\/\/microscopemedia.com\/wp-content\/uploads\/2026\/09\/profesorul-dan-dungaciu-prim-vicepresedinte-aur-mae-a-devenit-un-ong-de-stat.png\" alt><\/div>\n<\/p><\/div>\n<p id=\"p-0\"><strong>\u201eIRELEVAN\u021aA a devenit politic\u0103 de stat! La Reuniunea Anual\u0103 a Diploma\u021biei Rom\u00e2ne, niciun oficial str\u0103in de rang \u00eenalt nu a fost prezent \u00een sal\u0103. Reuniunea Anual\u0103 a Diploma\u021biei Rom\u00e2ne (RADR) ar fi trebuit s\u0103 fie demonstra\u021bia influen\u021bei externe a Rom\u00e2niei, locul \u00een care Bucure\u0219tiul \u00ee\u0219i prezint\u0103 proiectele, \u00ee\u0219i adun\u0103 partenerii \u0219i \u00ee\u0219i afirm\u0103 interesele. Edi\u021bia din acest an a demonstrat \u00eens\u0103 contrariul: niciun oficial str\u0103in de rang \u00eenalt nu a considerat necesar s\u0103 fie prezent \u00een sal\u0103.<\/strong><\/p>\n<p id=\"p-1\">Au r\u0103mas videoconferin\u021bele, mesajele \u00eenregistrate \u0219i discursurile oficiale rostite \u00eentre reprezentan\u021bii aceluia\u0219i aparat de stat. O reuniune a diploma\u021biei f\u0103r\u0103 diploma\u021bi str\u0103ini de rang \u00eenalt este&nbsp;<em>imaginea exact\u0103 a izol\u0103rii \u0219i irelevan\u021bei \u00een care actuala putere a \u00eempins Rom\u00e2nia<\/em>. Din 2024 \u00eencoace, pa\u0219ii irelevan\u021bei strategice au fost fermi \u0219i implacabili. \u00cen 2024, la RADR au fost prezen\u021bi ministru de externe al Luxemburgului, reprezentan\u021bi ai Ucrainei \u0219i R. Molodva. \u00cen 2025, doar reprezentantul R. Moldova. \u00cen 2026, nu a mai venit nimeni. (Ministrul de externe al Bahrainului a fost anun\u021bat ini\u021bial drept \u201einvitat special\u201d \u2013 \u201einvitatul special\u201d nu a mai venit \u0219i a participat numai prin\u2026 videoconferin\u021b\u0103.)<\/p>\n<p id=\"p-2\">\u00cen timp ce statele din regiune construiesc formate de cooperare, negociaz\u0103, intermediaz\u0103 \u0219i propun proiecte, Rom\u00e2nia repet\u0103 mecanic acelea\u0219i fraze scrise la Bruxelles sau \u00een sediile Partidului Democrat din SUA \u0219i \u00ee\u0219i confund\u0103 politica extern\u0103 cu activismul ideologic.<\/p>\n<p id=\"p-3\">Grupul de la Vi\u0219egrad \u00ee\u0219i relanseaz\u0103 cooperarea \u0219i discut\u0103 proiecte concrete privind infrastructura Nord\u2013Sud, energia, transporturile, digitalizarea \u0219i securitatea regional\u0103. Polonia \u00ee\u0219i construie\u0219te sistematic profilul de putere regional\u0103. Turcia discut\u0103 at\u00e2t cu alia\u021bii occidentali, c\u00e2t \u0219i cu actorii afla\u021bi \u00een conflict \u0219i produce ini\u021biative proprii pentru Marea Neagr\u0103. Bulgaria \u00ee\u0219i define\u0219te interesele, dezvolt\u0103 cooperarea regional\u0103 \u0219i \u00eencearc\u0103 s\u0103 transforme pozi\u021bia sa geografic\u0103 \u00eentr-un avantaj politic.<\/p>\n<h2 id=\"chapter-0\">Rom\u00e2nia ce proiect are?<\/h2>\n<p id=\"p-4\">Care este ini\u021biativa regional\u0103 conceput\u0103 la Bucure\u0219ti \u0219i asumat\u0103 de alte capitale? Ce format diplomatic a creat Rom\u00e2nia? Ce negociere important\u0103 a ini\u021biat? Ce dosar european a construit? Ce idee rom\u00e2neasc\u0103 a fost preluat\u0103 de partenerii no\u0219tri?<\/p>\n<p id=\"p-5\">\u00cen lipsa unor r\u0103spunsuri, MAE nu mai func\u021bioneaz\u0103 ca institu\u021bia care formuleaz\u0103 \u0219i ap\u0103r\u0103 interesele unui stat.&nbsp;<em>A devenit un ONG finan\u021bat de stat: produce lozinci, organizeaz\u0103 evenimente, distribuie comunicate, proclam\u0103 valori \u0219i execut\u0103 teme ideologice, dar nu construie\u0219te putere, influen\u021b\u0103 sau capacitate de negociere pentru Rom\u00e2nia.<\/em><\/p>\n<p id=\"p-6\">Ministerul Afacerilor Externe trebuie s\u0103 fie centrul de g\u00e2ndire strategic\u0103 al statului rom\u00e2n. Ast\u0103zi,&nbsp;<em>MAE se comport\u0103 ca o organiza\u021bie de activism diplomatic pl\u0103tit\u0103 din bugetul public.<\/em><\/p>\n<p id=\"p-7\">Fa\u021b\u0103 de evolu\u021biile din regiune, MAE este strident, belicos \u0219i isteric, f\u0103r\u0103 ca aceast\u0103 retoric\u0103 s\u0103 fie sus\u021binut\u0103 de o strategie rom\u00e2neasc\u0103. A condamna agresiunea Rusiei \u0219i a ap\u0103ra securitatea Rom\u00e2niei sunt obliga\u021bii fire\u0219ti. Dar politica extern\u0103 nu \u00eenseamn\u0103 concurs de strig\u0103te \u0219i nici multiplicarea mecanic\u0103 a comunicatelor altora.<\/p>\n<p id=\"p-8\">Rom\u00e2nia trebuie s\u0103 fie ferm\u0103, lucid\u0103 \u0219i puternic\u0103. Fermitatea f\u0103r\u0103 proiect devine g\u0103l\u0103gie. Belicismul verbal, atunci c\u00e2nd nu este sus\u021binut de putere, ini\u021biativ\u0103 \u0219i obiective proprii, nu impresioneaz\u0103 pe nimeni \u0219i nu ap\u0103r\u0103 niciun interes na\u021bional.<\/p>\n<p id=\"p-9\">Pot\u0103ile sunt isterice. Dul\u0103ii nu sunt isterici. Statele puternice nu \u021bip\u0103: \u00ee\u0219i definesc interesele, \u00ee\u0219i construiesc alian\u021bele, deschid canale, impun teme \u0219i ob\u021bin rezultate.<\/p>\n<p id=\"p-10\">Actuala conducere a MAE confund\u0103 diploma\u021bia cu indignarea public\u0103, iar politica extern\u0103 cu semnalizarea moral\u0103. Rom\u00e2nia nu are nevoie nici de ambiguitate fa\u021b\u0103 de Rusia, nici de obedien\u021b\u0103 fa\u021b\u0103 de altcineva.&nbsp;<em>Are nevoie de propria strategie.<\/em><\/p>\n<p id=\"p-11\">Rom\u00e2nia are nevoie de un proiect pentru Marea Neagr\u0103, de o politic\u0103 articulat\u0103 pentru Republica Moldova, de o strategie pentru Balcani, de o pozi\u021bie coerent\u0103 \u00een interiorul Uniunii Europene \u0219i de reconstruirea rela\u021biei strategice cu Statele Unite. Are nevoie s\u0103 transforme pozi\u021bia geografic\u0103, dimensiunea, resursele energetice \u0219i apartenen\u021ba la NATO \u00eentr-o capacitate real\u0103 de influen\u021b\u0103.<\/p>\n<p id=\"p-12\">AUR solicit\u0103 conducerii MAE s\u0103 prezinte public r\u0103spunsuri clare:<\/p>\n<ol>\n<li>Care este proiectul regional major propus de Rom\u00e2nia partenerilor s\u0103i?<\/li>\n<li>Care sunt obiectivele proprii ale Rom\u00e2niei la Marea Neagr\u0103?<\/li>\n<li>Ce ini\u021biativ\u0103 diplomatic\u0103 rom\u00e2neasc\u0103 a fost acceptat\u0103 \u00een ultimul an de alia\u021bii no\u0219tri?<\/li>\n<li>Care sunt rezultatele m\u0103surabile ale diploma\u021biei rom\u00e2ne, dincolo de reuniuni, declara\u021bii \u0219i fotografii?<\/li>\n<li>Cum explic\u0103 MAE faptul c\u0103 la principala reuniune anual\u0103 a diploma\u021biei rom\u00e2ne nu a fost prezent fizic niciun oficial str\u0103in de rang \u00eenalt?<\/li>\n<\/ol>\n<p id=\"p-13\">Absen\u021ba invita\u021bilor str\u0103ini din sala Reuniunii Anuale a Diploma\u021biei Rom\u00e2ne nu este un simplu accident de protocol. Este diagnosticul unei institu\u021bii care vorbe\u0219te tot mai tare \u0219i conteaz\u0103 tot mai pu\u021bin.<\/p>\n<p id=\"p-14\">MAE trebuie s\u0103 redevin\u0103 Ministerul Afacerilor Externe al Rom\u00e2niei, nu un ONG ideologic finan\u021bat de stat\u201d, a declarat Dan Dungaciu, prim-vicepre\u0219edinte AUR.<\/p>\n<p id=\"p-15\"><img loading=\"lazy\" fetchpriority=\"high\" decoding=\"async\" class=\"alignnone size-full wp-image-23739298\" src=\"https:\/\/microscopemedia.com\/wp-content\/uploads\/2026\/09\/profesorul-dan-dungaciu-prim-vicepresedinte-aur-mae-a-devenit-un-ong-de-stat.webp\" alt width=\"700\" height=\"100\" srcset=\"https:\/\/microscopemedia.com\/wp-content\/uploads\/2026\/09\/profesorul-dan-dungaciu-prim-vicepresedinte-aur-mae-a-devenit-un-ong-de-stat.webp 700w, https:\/\/www.mediafax.ro\/wp-content\/uploads\/2026\/05\/notificare-aur-mediafax-1-300x43.webp 300w\" sizes=\"(max-width: 700px) 100vw, 700px\"><\/p>\n","protected":false},"excerpt":{"rendered":"<p>\u201eIRELEVAN\u021aA a devenit politic\u0103 de stat! La Reuniunea Anual\u0103 a Diploma\u021biei Rom\u00e2ne, niciun oficial str\u0103in de rang \u00eenalt nu a fost prezent \u00een sal\u0103. Reuniunea Anual\u0103 a Diploma\u021biei Rom\u00e2ne (RADR) &hellip; <a href=\"https:\/\/microscopemedia.com\/?p=711013\" class=\"more-link\">Read More<\/a><\/p>\n","protected":false},"author":1,"featured_media":711014,"comment_status":"closed","ping_status":"closed","sticky":false,"template":"Default","format":"standard","meta":[],"categories":[1],"tags":[],"_links":{"self":[{"href":"https:\/\/microscopemedia.com\/index.php?rest_route=\/wp\/v2\/posts\/711013"}],"collection":[{"href":"https:\/\/microscopemedia.com\/index.php?rest_route=\/wp\/v2\/posts"}],"about":[{"href":"https:\/\/microscopemedia.com\/index.php?rest_route=\/wp\/v2\/types\/post"}],"author":[{"embeddable":true,"href":"https:\/\/microscopemedia.com\/index.php?rest_route=\/wp\/v2\/users\/1"}],"replies":[{"embeddable":true,"href":"https:\/\/microscopemedia.com\/index.php?rest_route=%2Fwp%2Fv2%2Fcomments&post=711013"}],"version-history":[{"count":0,"href":"https:\/\/microscopemedia.com\/index.php?rest_route=\/wp\/v2\/posts\/711013\/revisions"}],"wp:featuredmedia":[{"embeddable":true,"href":"https:\/\/microscopemedia.com\/index.php?rest_route=\/wp\/v2\/media\/711014"}],"wp:attachment":[{"href":"https:\/\/microscopemedia.com\/index.php?rest_route=%2Fwp%2Fv2%2Fmedia&parent=711013"}],"wp:term":[{"taxonomy":"category","embeddable":true,"href":"https:\/\/microscopemedia.com\/index.php?rest_route=%2Fwp%2Fv2%2Fcategories&post=711013"},{"taxonomy":"post_tag","embeddable":true,"href":"https:\/\/microscopemedia.com\/index.php?rest_route=%2Fwp%2Fv2%2Ftags&post=711013"}],"curies":[{"name":"wp","href":"https:\/\/api.w.org\/{rel}","templated":true}]}}