{"id":711019,"date":"2026-09-01T08:26:04","date_gmt":"2026-09-01T08:26:04","guid":{"rendered":"https:\/\/microscopemedia.com\/?p=711019"},"modified":"2026-09-01T08:26:04","modified_gmt":"2026-09-01T08:26:04","slug":"noul-rege-al-norvegiei-depune-juramantul-in-parlament-dupa-moartea-regelui-harald","status":"publish","type":"post","link":"https:\/\/microscopemedia.com\/?p=711019","title":{"rendered":"Noul rege al Norvegiei depune jur\u0103m\u00e2ntul \u00een Parlament dup\u0103 moartea regelui Harald"},"content":{"rendered":"<div class=\"sgb-google-buttons\">\n<div class=\"display-flex justify-center google-logo\"><img decoding=\"async\" loading=\"lazy\" class=\"mg-x-auto\" width=\"30\" height=\"30\" src=\"https:\/\/microscopemedia.com\/wp-content\/uploads\/2026\/09\/noul-rege-al-norvegiei-depune-juramantul-in-parlament-dupa-moartea-regelui-harald.png\" alt><\/div>\n<\/p><\/div>\n<p data-start=\"85\" data-end=\"378\" id=\"p-0\">Noul monarh va promite s\u0103 respecte Constitu\u021bia \u0219i legile \u021b\u0103rii, \u00een cadrul unei ceremonii care marcheaz\u0103 oficial \u00eenceputul domniei sale.<\/p>\n<p data-start=\"380\" data-end=\"660\" id=\"p-1\"><a href=\"https:\/\/www.mediafax.ro\/externe\/doliu-in-norvegia-regele-harald-al-v-lea-a-murit-la-89-de-ani-23797652\">Regele Harald a murit vineri<\/a>, la v\u00e2rsta de 89 de ani. \u00cen zilele care au urmat, zeci de mii de norvegieni s-au deplasat la Palatul Regal pentru a-i aduce un ultim omagiu. Oamenii au depus flori, desene, lum\u00e2n\u0103ri \u0219i steaguri \u0219i au transmis mesaje de apreciere pentru fostul suveran.<\/p>\n<p data-start=\"662\" data-end=\"783\" id=\"p-2\">Haakon a vorbit despre tat\u0103l s\u0103u ca despre \u201eun tat\u0103 minunat\u201d, \u00een primul s\u0103u discurs adresat na\u021biunii \u00een calitate de rege, titreaz\u0103 <a href=\"https:\/\/www.reuters.com\/world\/europe\/norways-new-king-swear-oath-before-parliament-after-haralds-death-2026-09-01\/\" target=\"_blank\" rel=\"noopener\">Reuters<\/a>.<\/p>\n<h2 data-section-id=\"cf2h9i\" data-start=\"785\" data-end=\"856\" id=\"chapter-0\">Regele Haakon al VIII-lea depune jur\u0103m\u00e2ntul \u00een Parlamentul Norvegiei<\/h2>\n<p data-start=\"858\" data-end=\"1038\" id=\"p-3\">Ceremonia va avea loc \u00een sala Parlamentului, care are 169 de locuri, \u0219i va \u00eencepe la ora 11:00 (ora 14:00, ora Rom\u00e2niei, n.r.). Evenimentul va sublinia caracterul de monarhie constitu\u021bional\u0103 al Norvegiei.<\/p>\n<p data-start=\"1040\" data-end=\"1182\" id=\"p-4\">Conform Constitu\u021biei, regele Haakon va declara c\u0103 promite \u0219i jur\u0103 s\u0103 conduc\u0103 Regatul Norvegiei \u00een conformitate cu Constitu\u021bia \u0219i legile \u021b\u0103rii.<\/p>\n<p data-start=\"1184\" data-end=\"1480\" id=\"p-5\">La ceremonie va participa \u0219i so\u021bia sa, regina Mette-Marit, \u00een v\u00e2rst\u0103 de 53 de ani. Ea se recupereaz\u0103 dup\u0103 un <a href=\"https:\/\/www.mediafax.ro\/stirile-zilei\/printesa-mostenitoare-a-norvegiei-a-suferit-un-transplant-pulmonar-de-succes-23756994\">transplant pulmonar<\/a> realizat cu succes \u00een luna iunie. Mette-Marit \u00eei va fi al\u0103turi noului rege, a\u0219a cum regina Sonja a fost prezent\u0103 la depunerea jur\u0103m\u00e2ntului de c\u0103tre Harald \u00een 1991.<\/p>\n<p data-start=\"1482\" data-end=\"1694\" id=\"p-6\">Vor participa, de asemenea, copiii cuplului regal, prin\u021besa mo\u0219tenitoare Ingrid Alexandra, \u00een v\u00e2rst\u0103 de 22 de ani, \u0219i prin\u021bul Sverre Magnus, \u00een v\u00e2rst\u0103 de 20 de ani, precum \u0219i regina Sonja, \u00een v\u00e2rst\u0103 de 89 de ani.<\/p>\n<h2 data-section-id=\"grfnj7\" data-start=\"1696\" data-end=\"1763\" id=\"chapter-1\">Regele Haakon al VIII-lea, sus\u021binut de majoritatea norvegienilor<\/h2>\n<p data-start=\"1765\" data-end=\"1918\" id=\"p-7\">Haakon a devenit automat rege \u00een momentul mor\u021bii tat\u0103lui s\u0103u. Norvegia nu va organiza o \u00eencoronare, deoarece aceast\u0103 practic\u0103 a fost abolit\u0103 \u00een 1908.<\/p>\n<p data-start=\"1920\" data-end=\"2233\" id=\"p-8\">Monarhia se bucur\u0103 \u00een continuare de un sprijin important \u00een r\u00e2ndul popula\u021biei. Potrivit unui sondaj Norstat realizat pentru postul NRK \u0219i publicat mar\u021bi, 72% dintre norvegieni sus\u021bin monarhia, \u00een timp ce 20% prefer\u0103 o republic\u0103 sau o alt\u0103 form\u0103 de guvernare. \u00cen luna mai, sprijinul pentru monarhie era de 64%.<\/p>\n<p data-start=\"2235\" data-end=\"2414\" id=\"p-9\">Dup\u0103 ceremonia din Parlament, publicul va putea s\u0103-i aduc\u0103 un ultim omagiu regelui Harald. Sicriul fostului suveran va r\u0103m\u00e2ne depus \u00een capela Palatului Regal p\u00e2n\u0103 pe 8 septembrie.<\/p>\n<p data-start=\"2416\" data-end=\"2548\" id=\"p-10\">Funeraliile regelui Harald vor avea loc la Oslo pe 9 septembrie, iar la ceremonie sunt a\u0219tepta\u021bi \u0219efi de stat din \u00eentreaga lume.<\/p>\n","protected":false},"excerpt":{"rendered":"<p>Noul monarh va promite s\u0103 respecte Constitu\u021bia \u0219i legile \u021b\u0103rii, \u00een cadrul unei ceremonii care marcheaz\u0103 oficial \u00eenceputul domniei sale. Regele Harald a murit vineri, la v\u00e2rsta de 89 de &hellip; <a href=\"https:\/\/microscopemedia.com\/?p=711019\" class=\"more-link\">Read More<\/a><\/p>\n","protected":false},"author":1,"featured_media":711020,"comment_status":"closed","ping_status":"closed","sticky":false,"template":"Default","format":"standard","meta":[],"categories":[1],"tags":[],"_links":{"self":[{"href":"https:\/\/microscopemedia.com\/index.php?rest_route=\/wp\/v2\/posts\/711019"}],"collection":[{"href":"https:\/\/microscopemedia.com\/index.php?rest_route=\/wp\/v2\/posts"}],"about":[{"href":"https:\/\/microscopemedia.com\/index.php?rest_route=\/wp\/v2\/types\/post"}],"author":[{"embeddable":true,"href":"https:\/\/microscopemedia.com\/index.php?rest_route=\/wp\/v2\/users\/1"}],"replies":[{"embeddable":true,"href":"https:\/\/microscopemedia.com\/index.php?rest_route=%2Fwp%2Fv2%2Fcomments&post=711019"}],"version-history":[{"count":0,"href":"https:\/\/microscopemedia.com\/index.php?rest_route=\/wp\/v2\/posts\/711019\/revisions"}],"wp:featuredmedia":[{"embeddable":true,"href":"https:\/\/microscopemedia.com\/index.php?rest_route=\/wp\/v2\/media\/711020"}],"wp:attachment":[{"href":"https:\/\/microscopemedia.com\/index.php?rest_route=%2Fwp%2Fv2%2Fmedia&parent=711019"}],"wp:term":[{"taxonomy":"category","embeddable":true,"href":"https:\/\/microscopemedia.com\/index.php?rest_route=%2Fwp%2Fv2%2Fcategories&post=711019"},{"taxonomy":"post_tag","embeddable":true,"href":"https:\/\/microscopemedia.com\/index.php?rest_route=%2Fwp%2Fv2%2Ftags&post=711019"}],"curies":[{"name":"wp","href":"https:\/\/api.w.org\/{rel}","templated":true}]}}