{"id":711021,"date":"2026-09-01T08:36:04","date_gmt":"2026-09-01T08:36:04","guid":{"rendered":"https:\/\/microscopemedia.com\/?p=711021"},"modified":"2026-09-01T08:36:04","modified_gmt":"2026-09-01T08:36:04","slug":"muntenegru-tot-mai-aproape-de-uniunea-europeana-dar-cu-un-obstacol-in-calea-sa-serbia-acuzata-ca-incearca-sa-i-franeze-aderarea","status":"publish","type":"post","link":"https:\/\/microscopemedia.com\/?p=711021","title":{"rendered":"Muntenegru, tot mai aproape de Uniunea European\u0103, dar cu un obstacol \u00een calea sa. Serbia, acuzat\u0103 c\u0103 \u00eencearc\u0103 s\u0103-i fr\u00e2neze aderarea"},"content":{"rendered":"<div class=\"sgb-google-buttons\">\n<div class=\"display-flex justify-center google-logo\"><img decoding=\"async\" loading=\"lazy\" class=\"mg-x-auto\" width=\"30\" height=\"30\" src=\"https:\/\/microscopemedia.com\/wp-content\/uploads\/2026\/09\/muntenegru-tot-mai-aproape-de-uniunea-europeana-dar-cu-un-obstacol-in-calea-sa-serbia-acuzata-ca-incearca-sa-i-franeze-aderarea.png\" alt><\/div>\n<\/p><\/div>\n<p id=\"p-0\">Muntenegru este \u00een prezent \u021bara candidat\u0103 aflat\u0103 cel mai aproape de aderarea la Uniunea European\u0103, \u00eens\u0103 apropierea de acest moment important aduce foarte multe discu\u021bii \u00een Serbia.<\/p>\n<p id=\"p-1\">Diploma\u021bii \u0219i oamenii politici se tem c\u0103 Belgradul ar putea \u00eencerca s\u0103 influen\u021beze politica intern\u0103 de la Podgorica pentru a-\u0219i proteja statutul pe care \u00eel are la nivel regional \u0219i pentru a evita compara\u021biile cu propriul proces de aderare, potrivit Euronews.<\/p>\n<p id=\"p-2\">\u00cen timp ce Muntenegru \u00eenainteaz\u0103 \u00een negocierile cu UE, parcursul Serbiei pare s\u0103 fi intrat \u00eentr-un blocaj. \u021aara nu a deschis \u00eenc\u0103 toate capitolele de negociere, iar ultima sa \u00eencercare a fost blocat\u0103 luna trecut\u0103 de opt state membre ale UE.<\/p>\n<p class=\"PDq2pG_selectionAnchorContainer\" data-start=\"778\" data-end=\"1079\" id=\"p-3\">\u201eObserv\u0103m unele ac\u021biuni ale guvernului [s\u00e2rb] \u0219i ale partidelor de opozi\u021bie care complic\u0103 situa\u021bia intern\u0103 din Muntenegru\u201d, a declarat europarlamentarul Tonino Picula (Croa\u021bia\/S&amp;D), \u00eenaintea votului din plenul Parlamentului European din iulie privind raportul anual de progres pentru \u021b\u0103rile candidate.<\/p>\n<p data-start=\"1081\" data-end=\"1323\" id=\"p-4\">Trei oficiali care lucreaz\u0103 pentru Comisia European\u0103 \u0219i pentru guverne na\u021bionale au confirmat c\u0103 sunt la curent cu tentativele de implicare \u00een afacerile interne ale Muntenegrului.<\/p>\n<h2 class=\"PDq2pG_selectionAnchorContainer\" data-section-id=\"1rn51wk\" data-start=\"1325\" data-end=\"1382\" id=\"chapter-0\">Serbia, acuzat\u0103 c\u0103 \u00eencearc\u0103 s\u0103 influen\u021beze Muntenegru<\/h2>\n<p data-start=\"1384\" data-end=\"1562\" id=\"p-5\">Referitor la influen\u021ba pe care Serbia o are, Jovana Marovi\u0107, fost viceprim-ministru al Muntenegrului, sus\u021bine c\u0103&nbsp;\u201eSerbia face tot ce poate pentru a modela Muntenegru din interior, influen\u021b\u00e2nd identitatea noastr\u0103 ca \u021bar\u0103\u201d.<\/p>\n<p class=\"PDq2pG_selectionAnchorContainer\" data-start=\"1710\" data-end=\"1843\" id=\"p-6\">\u201eAceste eforturi vor continua \u0219i dup\u0103 aderarea Muntenegrului la UE, dar atingerea anumitor obiective se va dovedi mult mai dificil\u0103.\u201d, a declarat ea pentru <a href=\"https:\/\/www.euronews.com\/my-europe\/2026\/09\/01\/montenegro-is-approaching-eu-membership-serbia-may-try-to-stop-it\">Euronews<\/a>.<\/p>\n<p data-start=\"1845\" data-end=\"2018\" id=\"p-7\">Ea a povestit despre ini\u021biativele prin care Belgradul \u00eencearc\u0103 s\u0103 compromit\u0103 procesul de aderare a Muntenegrului, inclusiv o tentativ\u0103 de a conferi limbii s\u00e2rbe statutul de limb\u0103 oficial\u0103, al\u0103turi de limba muntenegrean\u0103, prin consacrarea acestuia \u00een Constitu\u021bia \u021b\u0103rii.<\/p>\n<p data-start=\"1845\" data-end=\"2018\" id=\"p-8\">O alt\u0103 controvers\u0103 a ap\u0103rut dup\u0103 o \u00eencercare, oprit\u0103 de Ministerul Culturii, de a schimba numele Bibliotecii Na\u021bionale din Podgorica.<\/p>\n<p data-start=\"1845\" data-end=\"2018\" id=\"p-9\">Institu\u021bia poart\u0103 numele lui Radosav Ljumovi\u0107, un cunoscut antifascist, iar propunerea urm\u0103rea redenumirea sa \u00een onoarea lui Marko Miljanov, lider militar \u0219i scriitor asociat cu tradi\u021bia istoric\u0103 muntenegreano-s\u00e2rb\u0103.<\/p>\n<p data-start=\"1845\" data-end=\"2018\" id=\"p-10\">\u201eSerbia \u00eencearc\u0103 sistematic s\u0103 creeze diviziuni etnice\u201d, a spus Marovi\u0107, indic\u00e2nd ini\u021biativele la nivel municipal promovate de for\u021bele politice pro-s\u00e2rbe pentru a \u201eanula\u201d recunoa\u0219terea Kosovo de c\u0103tre Muntenegru.<\/p>\n<h2 data-start=\"1845\" data-end=\"2018\" id=\"chapter-1\">Muntenegru \u00ee\u0219i men\u021bine consensul pentru aderarea la UE<\/h2>\n<p data-start=\"1845\" data-end=\"2018\" id=\"p-11\">Tot ea a spus c\u0103 aceast\u0103 list\u0103 de demersuri nu au oprit \u021bara din a-\u0219i continua demersul de aderare la Uniunea European\u0103. Clasa politic\u0103 de la Podgorica a continuat s\u0103-\u0219i sus\u021bin\u0103 eforturile.<\/p>\n<p data-start=\"1845\" data-end=\"2018\" id=\"p-12\">\u00cen iulie, 74 dintre cei 77 de parlamentari au votat pentru demararea procedurii de reform\u0103 constitu\u021bional\u0103, opozi\u021bia venind doar din partea unui partid pro-s\u00e2rb de linie dur\u0103.<\/p>\n<p data-start=\"1845\" data-end=\"2018\" id=\"p-13\">Consensul politic a fost reafirmat la sf\u00e2r\u0219itul lunii august, c\u00e2nd amendamentele constitu\u021bionale au fost adoptate cu o majoritate de dou\u0103 treimi, respectiv 68 de voturi.<\/p>\n<h2 class=\"PDq2pG_selectionAnchorContainer\" data-section-id=\"64yc8g\" data-start=\"3334\" data-end=\"3403\" id=\"chapter-2\">Rela\u021bia dintre Serbia \u0219i Muntenegru, marcat\u0103 de tensiuni istorice<\/h2>\n<p data-start=\"3405\" data-end=\"3697\" id=\"p-14\">Rela\u021biile dintre cele dou\u0103 state au \u00een spate o \u00eentreag\u0103 istorie, c\u00e2nd au existat multe perioade de conflict. Muntenegru a fost recunoscut ca stat independent la Congresul de la Berlin din 1878, \u0219i-a pierdut ulterior independen\u021ba \u00een favoarea Serbiei \u0219i a devenit din nou stat independent \u00een 2006.<\/p>\n<p data-start=\"3699\" data-end=\"3855\" id=\"p-15\">La 20 de ani de la proclamarea independen\u021bei Muntenegrului, \u00een luna mai, pre\u0219edintele s\u00e2rb Aleksandar Vu\u010di\u0107 a criticat modul \u00een care acest lucru s-a \u00eent\u00e2mplat.<\/p>\n<p data-start=\"3857\" data-end=\"4035\" id=\"p-16\">El a descris evenimentul drept \u201eo s\u0103rb\u0103toare fastuoas\u0103 a secesiunii de l\u00e2ng\u0103 Serbia mea\u201d \u0219i a spus c\u0103 participarea sa ar fi fost echivalent\u0103 cu \u201eo palm\u0103 peste fa\u021b\u0103\u201d pentru s\u00e2rbi.<\/p>\n<p data-start=\"3857\" data-end=\"4035\" id=\"p-17\">O lun\u0103 mai t\u00e2rziu, Vu\u010di\u0107 a participat la summitul UE-Balcanii de Vest de la Tivat, Muntenegru, unde a spus c\u0103 serviciile de informa\u021bii s\u00e2rbe l-au avertizat cu privire la un risc ridicat de securitate din cauza unui posibil complot de asasinat al clanurilor criminale muntenegrene.<\/p>\n<h2 class=\"PDq2pG_selectionAnchorContainer\" data-section-id=\"4lo7qj\" data-start=\"5228\" data-end=\"5261\" id=\"chapter-3\">Belgradul respinge acuza\u021biile<\/h2>\n<p data-start=\"5263\" data-end=\"5364\" id=\"p-18\">Chiar dac\u0103 este atacat\u0103 cu repro\u0219uri, Serbia respinge \u00eens\u0103 acuza\u021biile potrivit c\u0103rora ar \u00eencerca s\u0103 \u00eempiedice aderarea vecinului s\u0103u la Uniunea European\u0103.<\/p>\n<p data-start=\"5366\" data-end=\"5532\" id=\"p-19\">\u201eSerbia nu are niciun interes s\u0103 se amestece \u00een procesul de aderare a Muntenegrului la UE\u201d, a declarat pentru Euronews ambasadorul Serbiei la UE, Danijel Apostolovi\u0107.<\/p>\n<p data-start=\"5534\" data-end=\"5853\" id=\"p-20\">\u201eNe concentr\u0103m pe propriul nostru proces de reform\u0103 \u0219i pe cre\u0219terea economic\u0103. \u00cen acela\u0219i timp, regret lipsa unei decizii strategice din partea unor state membre ale UE \u00een ceea ce prive\u0219te Serbia. Comisia European\u0103 a recomandat de cinci ori deschiderea Clusterului 3, \u00eens\u0103 \u00eenc\u0103 nu am reu\u0219it s\u0103 \u00eel deschidem\u201d, a spus el.<\/p>\n","protected":false},"excerpt":{"rendered":"<p>Muntenegru este \u00een prezent \u021bara candidat\u0103 aflat\u0103 cel mai aproape de aderarea la Uniunea European\u0103, \u00eens\u0103 apropierea de acest moment important aduce foarte multe discu\u021bii \u00een Serbia. Diploma\u021bii \u0219i oamenii &hellip; <a href=\"https:\/\/microscopemedia.com\/?p=711021\" class=\"more-link\">Read More<\/a><\/p>\n","protected":false},"author":1,"featured_media":711022,"comment_status":"closed","ping_status":"closed","sticky":false,"template":"Default","format":"standard","meta":[],"categories":[1],"tags":[],"_links":{"self":[{"href":"https:\/\/microscopemedia.com\/index.php?rest_route=\/wp\/v2\/posts\/711021"}],"collection":[{"href":"https:\/\/microscopemedia.com\/index.php?rest_route=\/wp\/v2\/posts"}],"about":[{"href":"https:\/\/microscopemedia.com\/index.php?rest_route=\/wp\/v2\/types\/post"}],"author":[{"embeddable":true,"href":"https:\/\/microscopemedia.com\/index.php?rest_route=\/wp\/v2\/users\/1"}],"replies":[{"embeddable":true,"href":"https:\/\/microscopemedia.com\/index.php?rest_route=%2Fwp%2Fv2%2Fcomments&post=711021"}],"version-history":[{"count":0,"href":"https:\/\/microscopemedia.com\/index.php?rest_route=\/wp\/v2\/posts\/711021\/revisions"}],"wp:featuredmedia":[{"embeddable":true,"href":"https:\/\/microscopemedia.com\/index.php?rest_route=\/wp\/v2\/media\/711022"}],"wp:attachment":[{"href":"https:\/\/microscopemedia.com\/index.php?rest_route=%2Fwp%2Fv2%2Fmedia&parent=711021"}],"wp:term":[{"taxonomy":"category","embeddable":true,"href":"https:\/\/microscopemedia.com\/index.php?rest_route=%2Fwp%2Fv2%2Fcategories&post=711021"},{"taxonomy":"post_tag","embeddable":true,"href":"https:\/\/microscopemedia.com\/index.php?rest_route=%2Fwp%2Fv2%2Ftags&post=711021"}],"curies":[{"name":"wp","href":"https:\/\/api.w.org\/{rel}","templated":true}]}}