{"id":711023,"date":"2026-09-01T08:46:03","date_gmt":"2026-09-01T08:46:03","guid":{"rendered":"https:\/\/microscopemedia.com\/?p=711023"},"modified":"2026-09-01T08:46:03","modified_gmt":"2026-09-01T08:46:03","slug":"nicusor-dan-discurs-la-catedrala-nationala-despre-nationalism-sanatos-si-divizarea-societatii-spatiul-public-este-dominat-de-defetisti-si-demagogi","status":"publish","type":"post","link":"https:\/\/microscopemedia.com\/?p=711023","title":{"rendered":"Nicu\u0219or Dan, discurs la Catedrala Na\u021bional\u0103 despre \u201ena\u021bionalism s\u0103n\u0103tos\u201d \u0219i divizarea societ\u0103\u021bii: \u201eSpa\u021biul public este dominat de defeti\u0219ti \u0219i demagogi\u201d"},"content":{"rendered":"<div class=\"sgb-google-buttons\">\n<div class=\"display-flex justify-center google-logo\"><img decoding=\"async\" loading=\"lazy\" class=\"mg-x-auto\" width=\"30\" height=\"30\" src=\"https:\/\/microscopemedia.com\/wp-content\/uploads\/2026\/09\/nicusor-dan-discurs-la-catedrala-nationala-despre-nationalism-sanatos-si-divizarea-societatii-spatiul-public-este-dominat-de-defetisti-si-demagogi.png\" alt><\/div>\n<\/p><\/div>\n<p id=\"p-0\">\u201e\u00cen primul r\u00e2nd, a\u0219 vrea s\u0103 v\u0103 invit s\u0103 m\u0103rturisi\u021bi public, \u0219i nu doar \u00een interiorul bisericii, lucrurile, valorile \u00een care crede\u021bi, pentru c\u0103 mi se pare c\u0103 aceast\u0103 m\u0103rturisire lipse\u0219te din societatea noastr\u0103 \u0219i pare c\u0103 locul unei m\u0103rturisiri care s\u0103 fie ferme, dar simple \u0219i decente, \u00een spa\u021biul public este luat de farisei. \u0218i m\u0103 \u00eengrijoreaz\u0103 aderen\u021ba pe care unii dintre ace\u0219tia o au \u00een p\u0103r\u021bi ale societ\u0103\u021bii rom\u00e2ne\u0219ti\u201d, a declarat pre\u0219edintele.<\/p>\n<p id=\"p-1\">Pre\u0219edintele a vorbit apoi despre na\u021bionalism \u0219i despre modul \u00een care rom\u00e2nii se raporteaz\u0103 la trecutul \u021b\u0103rii.<\/p>\n<p id=\"p-2\">\u201e\u021aara asta are o istorie. Noi nu venim de nic\u0103ieri. Au fost oameni \u00een locurile astea care au luptat pentru ni\u0219te valori \u0219i care au f\u0103cut ca noi s\u0103 fim azi ceea ce suntem. \u0218i trebuie s\u0103 fim m\u00e2ndri de oamenii \u0103\u0219tia. \u0218i, privind \u00eenapoi la ce au reu\u0219it ei s\u0103 realizeze, trebuie s\u0103 credem c\u0103 noi putem s\u0103 facem din \u021bara asta ceea ce au visat ei \u0219i ceea ce viseaz\u0103 fiecare dintre noi pentru copiii no\u0219tri\u201d, a spus pre\u0219edintele la Catedrala Na\u021bional\u0103.<\/p>\n<h2 id=\"chapter-0\">\u201eSpa\u021biul public este dominat de defeti\u0219ti \u0219i demagogi\u201d<\/h2>\n<p id=\"p-3\">Pre\u0219edintele a sus\u021binut c\u0103 \u00een spa\u021biul public se vorbe\u0219te prea pu\u021bin despre aprecierea trecutului \u021b\u0103rii \u0219i despre un \u201ena\u021bionalism s\u0103n\u0103tos\u201d.<\/p>\n<p id=\"p-4\">\u201eTocmai pentru c\u0103 \u00een spa\u021biul public nu exist\u0103 suficient aceast\u0103 m\u0103rturisire \u0219i aprecierea noastr\u0103 fa\u021b\u0103 de trecutul acestei \u021b\u0103ri \u0219i a unui na\u021bionalism s\u0103n\u0103tos, vedem c\u0103 spa\u021biul public este dominat, pe de o parte, de defeti\u0219ti care spun c\u0103 nu o s\u0103 putem s\u0103 facem niciodat\u0103 nimic \u00een \u021bara asta \u0219i, \u00een partea cealalt\u0103, de demagogi care se bat cu pumnul \u00een piept \u0219i se ca\u021b\u0103r\u0103 ei pe ni\u0219te elemente esen\u021biale ale trecutului. \u0218i exact vocea celor care, cu decen\u021b\u0103, cred \u0219i muncesc pentru Rom\u00e2nia, din p\u0103cate, nu se aude. \u0218i trebuie s\u0103 se aud\u0103\u201d, a declarat Nicu\u0219or Dan.<\/p>\n<h2 id=\"chapter-1\">Nicu\u0219or Dan, despre divizarea societ\u0103\u021bii: \u201eNu mai avem r\u0103bdare s\u0103 \u00eel ascult\u0103m pe cel\u0103lalt\u201d<\/h2>\n<p id=\"p-5\">Nicu\u0219or Dan a vorbit \u0219i despre polarizarea din societate, afirm\u00e2nd c\u0103 diferen\u021bele de opinie sunt fire\u0219ti, \u00eens\u0103 problema apare atunci c\u00e2nd oamenii nu mai sunt dispu\u0219i s\u0103 \u00eei asculte pe cei care g\u00e2ndesc diferit.<\/p>\n<p id=\"p-6\">\u201eDespre divizarea din societate. Pare c\u0103 nu mai avem r\u0103bdare s\u0103 \u00eel ascult\u0103m pe cel\u0103lalt. Evident c\u0103 tot timpul vom fi diferi\u021bi, tot timpul vom avea argumente unii \u00eempotriva celorlal\u021bi \u0219i asta e s\u0103n\u0103tos\u201d, a spus pre\u0219edintele.<\/p>\n<p id=\"p-7\">\u201eCe nu e s\u0103n\u0103tos este s\u0103 ne \u00eenchist\u0103m \u0219i s\u0103 nu mai auzim ce crede cel\u0103lalt \u0219i, \u00een felul \u0103sta, s\u0103 nu reu\u0219im s\u0103 colabor\u0103m ca s\u0103 avans\u0103m \u00eempreun\u0103\u201d, a continuat acesta.<\/p>\n<p id=\"p-8\">El a spus c\u0103 \u00een spa\u021biul public sunt prea pu\u021bini oameni care vin cu argumente \u0219i sunt capabili s\u0103 \u00eei asculte pe ceilal\u021bi.<\/p>\n<p id=\"p-9\">\u201eNu sunt suficient de prezen\u021bi \u00een spa\u021biul public oameni care au argumente, oameni capabili s\u0103 \u00eel asculte pe cel\u0103lalt. \u0218i, \u00een loc s\u0103 auzim un dialog de substan\u021b\u0103 care s\u0103 ne fac\u0103 pe to\u021bi s\u0103 progres\u0103m, auzim urlete dintr-o parte \u0219i din alta\u201d, a spus pre\u0219edintele.<\/p>\n<p id=\"p-10\">Nicu\u0219or Dan \u0219i-a \u00eencheiat discursul cu un mesaj adresat tinerilor prezen\u021bi la eveniment.<\/p>\n<p id=\"p-11\">\u201eAici suntem, dar c\u00e2nd v\u0103d at\u00e2\u021bia tineri, nu pot dec\u00e2t s\u0103 fiu optimist. Deci v\u0103 doresc zile rodnice, v\u0103 doresc s\u0103 sim\u021bi\u021bi aceast\u0103 comuniune, s\u0103 profita\u021bi de oameni mai \u00een\u021belep\u021bi dec\u00e2t voi \u0219i s\u0103 continua\u021bi s\u0103 crede\u021bi \u00een Rom\u00e2nia\u201d, a transmis pre\u0219edintele.<\/p>\n","protected":false},"excerpt":{"rendered":"<p>\u201e\u00cen primul r\u00e2nd, a\u0219 vrea s\u0103 v\u0103 invit s\u0103 m\u0103rturisi\u021bi public, \u0219i nu doar \u00een interiorul bisericii, lucrurile, valorile \u00een care crede\u021bi, pentru c\u0103 mi se pare c\u0103 aceast\u0103 m\u0103rturisire &hellip; <a href=\"https:\/\/microscopemedia.com\/?p=711023\" class=\"more-link\">Read More<\/a><\/p>\n","protected":false},"author":1,"featured_media":711024,"comment_status":"closed","ping_status":"closed","sticky":false,"template":"Default","format":"standard","meta":[],"categories":[1],"tags":[],"_links":{"self":[{"href":"https:\/\/microscopemedia.com\/index.php?rest_route=\/wp\/v2\/posts\/711023"}],"collection":[{"href":"https:\/\/microscopemedia.com\/index.php?rest_route=\/wp\/v2\/posts"}],"about":[{"href":"https:\/\/microscopemedia.com\/index.php?rest_route=\/wp\/v2\/types\/post"}],"author":[{"embeddable":true,"href":"https:\/\/microscopemedia.com\/index.php?rest_route=\/wp\/v2\/users\/1"}],"replies":[{"embeddable":true,"href":"https:\/\/microscopemedia.com\/index.php?rest_route=%2Fwp%2Fv2%2Fcomments&post=711023"}],"version-history":[{"count":0,"href":"https:\/\/microscopemedia.com\/index.php?rest_route=\/wp\/v2\/posts\/711023\/revisions"}],"wp:featuredmedia":[{"embeddable":true,"href":"https:\/\/microscopemedia.com\/index.php?rest_route=\/wp\/v2\/media\/711024"}],"wp:attachment":[{"href":"https:\/\/microscopemedia.com\/index.php?rest_route=%2Fwp%2Fv2%2Fmedia&parent=711023"}],"wp:term":[{"taxonomy":"category","embeddable":true,"href":"https:\/\/microscopemedia.com\/index.php?rest_route=%2Fwp%2Fv2%2Fcategories&post=711023"},{"taxonomy":"post_tag","embeddable":true,"href":"https:\/\/microscopemedia.com\/index.php?rest_route=%2Fwp%2Fv2%2Ftags&post=711023"}],"curies":[{"name":"wp","href":"https:\/\/api.w.org\/{rel}","templated":true}]}}