{"id":711029,"date":"2026-09-01T09:26:04","date_gmt":"2026-09-01T09:26:04","guid":{"rendered":"https:\/\/microscopemedia.com\/?p=711029"},"modified":"2026-09-01T09:26:04","modified_gmt":"2026-09-01T09:26:04","slug":"biletul-la-autobuz-de-1-leu-pe-zi-aduce-schimbari-in-arad-calatoriile-s-au-dublat-dupa-prima-luna","status":"publish","type":"post","link":"https:\/\/microscopemedia.com\/?p=711029","title":{"rendered":"Biletul la autobuz de \u201e1 leu pe zi\u201d aduce schimb\u0103ri \u00een Arad. C\u0103l\u0103toriile s-au dublat dup\u0103 prima lun\u0103"},"content":{"rendered":"<div readability=\"25.998383185125\">\n<div class=\"sgb-google-buttons\">\n<div class=\"display-flex justify-center google-logo\"><img decoding=\"async\" loading=\"lazy\" class=\"mg-x-auto\" width=\"30\" height=\"30\" src=\"https:\/\/microscopemedia.com\/wp-content\/uploads\/2026\/09\/biletul-la-autobuz-de-1-leu-pe-zi-aduce-schimbari-in-arad-calatoriile-s-au-dublat-dupa-prima-luna.png\" alt><\/div>\n<\/p><\/div>\n<p id=\"p-0\">Prim\u0103ria Arad anun\u021b\u0103 c\u0103 v\u00e2nz\u0103rile biletelor la transportul \u00een comun s-au dublat dup\u0103 ce au implementat programul <a href=\"https:\/\/www.mediafax.ro\/social\/arad-transport-public-la-doar-un-leu-proiectul-a-fost-aprobat-23744371\">\u201e1 leu pe zi\u201d<\/a>. Num\u0103rul biletelor a crescut de la 36.072, cele v\u00e2ndute \u00een luna iulie, la 80.556, \u00een luna august.<\/p>\n<p id=\"p-1\">Cre\u0219teri au fost \u00eenregistrate \u0219i \u00een r\u00e2ndul abonamentelor, unde s-au \u00eenregistrat cre\u0219teri de aproximativ 40%, \u00eensemn\u00e2nd un plus de 2.565 fa\u021b\u0103 de luna anterioar\u0103.<\/p>\n<h2 id=\"chapter-0\">Cum c\u0103l\u0103toresc locuitorii din Arad aproape gratuit<\/h2>\n<p data-path-to-node=\"0\" id=\"p-2\">Practic, ar\u0103denii pl\u0103tesc suma de un leu, primesc un bilet valabil 24 de ore \u0219i pot c\u0103l\u0103tori cu toate mijloacele de transport \u00een comun pe raza municipiului.<\/p>\n<p data-path-to-node=\"0\" id=\"p-3\">\u201eNe dorim s\u0103 schimb\u0103m treptat comportamentul de mobilitate \u00een ora\u0219 \u0219i s\u0103 \u00eei convingem pe ar\u0103deni c\u0103 transportul public poate fi o alternativ\u0103 accesibil\u0103 \u0219i eficient\u0103. Cre\u0219terea \u00eenregistrat\u0103 de la o lun\u0103 la alta ne arat\u0103 c\u0103 suntem pe drumul bun\u201d, a declarat primarul Aradului.<\/p>\n<p data-path-to-node=\"0\" id=\"p-4\">Reducerea este valabil\u0103 pentru toate categoriile de persoane, iar biletele se pot folosi <a href=\"https:\/\/www.mediafax.ro\/social\/cum-vrea-primarul-unui-municipiu-sa-incurajeze-folosirea-mijloacelor-de-transport-in-comun-la-scara-larga-23794987\">at\u00e2t pentru autobuz, c\u00e2t \u0219i pentru tramvai.<\/a><\/p>\n<\/p><\/div>\n","protected":false},"excerpt":{"rendered":"<p>Prim\u0103ria Arad anun\u021b\u0103 c\u0103 v\u00e2nz\u0103rile biletelor la transportul \u00een comun s-au dublat dup\u0103 ce au implementat programul \u201e1 leu pe zi\u201d. Num\u0103rul biletelor a crescut de la 36.072, cele v\u00e2ndute &hellip; <a href=\"https:\/\/microscopemedia.com\/?p=711029\" class=\"more-link\">Read More<\/a><\/p>\n","protected":false},"author":1,"featured_media":711030,"comment_status":"closed","ping_status":"closed","sticky":false,"template":"Default","format":"standard","meta":[],"categories":[1],"tags":[],"_links":{"self":[{"href":"https:\/\/microscopemedia.com\/index.php?rest_route=\/wp\/v2\/posts\/711029"}],"collection":[{"href":"https:\/\/microscopemedia.com\/index.php?rest_route=\/wp\/v2\/posts"}],"about":[{"href":"https:\/\/microscopemedia.com\/index.php?rest_route=\/wp\/v2\/types\/post"}],"author":[{"embeddable":true,"href":"https:\/\/microscopemedia.com\/index.php?rest_route=\/wp\/v2\/users\/1"}],"replies":[{"embeddable":true,"href":"https:\/\/microscopemedia.com\/index.php?rest_route=%2Fwp%2Fv2%2Fcomments&post=711029"}],"version-history":[{"count":0,"href":"https:\/\/microscopemedia.com\/index.php?rest_route=\/wp\/v2\/posts\/711029\/revisions"}],"wp:featuredmedia":[{"embeddable":true,"href":"https:\/\/microscopemedia.com\/index.php?rest_route=\/wp\/v2\/media\/711030"}],"wp:attachment":[{"href":"https:\/\/microscopemedia.com\/index.php?rest_route=%2Fwp%2Fv2%2Fmedia&parent=711029"}],"wp:term":[{"taxonomy":"category","embeddable":true,"href":"https:\/\/microscopemedia.com\/index.php?rest_route=%2Fwp%2Fv2%2Fcategories&post=711029"},{"taxonomy":"post_tag","embeddable":true,"href":"https:\/\/microscopemedia.com\/index.php?rest_route=%2Fwp%2Fv2%2Ftags&post=711029"}],"curies":[{"name":"wp","href":"https:\/\/api.w.org\/{rel}","templated":true}]}}