{"id":711031,"date":"2026-09-01T09:36:04","date_gmt":"2026-09-01T09:36:04","guid":{"rendered":"https:\/\/microscopemedia.com\/?p=711031"},"modified":"2026-09-01T09:36:04","modified_gmt":"2026-09-01T09:36:04","slug":"israel-lanseaza-noi-bombardamente-in-gaza-un-atac-neobisnuit-a-declansat-loviturile-aeriene","status":"publish","type":"post","link":"https:\/\/microscopemedia.com\/?p=711031","title":{"rendered":"Israel lanseaz\u0103 noi bombardamente \u00een Gaza. Un atac neobi\u0219nuit a declan\u0219at loviturile aeriene"},"content":{"rendered":"<div readability=\"42.512667660209\">\n<div class=\"sgb-google-buttons\">\n<div class=\"display-flex justify-center google-logo\"><img decoding=\"async\" loading=\"lazy\" class=\"mg-x-auto\" width=\"30\" height=\"30\" src=\"https:\/\/microscopemedia.com\/wp-content\/uploads\/2026\/09\/israel-lanseaza-noi-bombardamente-in-gaza-un-atac-neobisnuit-a-declansat-loviturile-aeriene.png\" alt><\/div>\n<\/p><\/div>\n<p id=\"p-0\">Televiziunea israelian\u0103<strong><span><a href=\"https:\/\/www.i24news.tv\/en\"> I24News<\/a><\/span><\/strong> transmite c\u0103 atacuri aeriene lansate de Israel asupra vestului ora\u0219ului <span><strong><a href=\"https:\/\/www.mediafax.ro\/social\/al-12-lea-zbor-umanitar-al-romaniei-din-gaza-cinci-copii-au-fost-evacuati-pentru-ingrijiri-medicale-de-urgenta-23799249\">Gaza<\/a><\/strong><\/span> au coincis cu relat\u0103ri despre ciocniri \u00eentre trupele IDF \u0219i atacatori Hamas.<\/p>\n<p id=\"p-1\">\u0218i coresponden\u021bii <span><strong><a href=\"https:\/\/www.aljazeera.com\/news\/liveblog\/2026\/9\/1\/iran-war-live-trump-vows-to-hit-iran-following-first-clash-in-a-month?update=4905914\">Al Jazeera<\/a><\/strong><\/span> sus\u021bin c\u0103 dronele israeliene au aruncat un num\u0103r mare de muni\u021bii \u00een districtul al-Kateeba de la vest de ora\u0219ul Gaza.<\/p>\n<p id=\"p-2\"><span dir=\"auto\">Cel pu\u021bin 10 explozii au avut loc p\u00e2n\u0103 \u00een prezent \u00een zon\u0103. Surse de la Spitalul al-Shifa spun c\u0103 \u00eenc\u0103 sosesc victime.<\/span><\/p>\n<p id=\"p-3\"><span dir=\"auto\">\u00centre timp, \u00een sudul F\u00e2\u0219iei Gaza, exist\u0103 rapoarte despre ciocniri \u00een curs de desf\u0103\u0219urare \u00een ora\u0219ul Khan Younis, \u00een apropierea Spitalului American.<\/span><\/p>\n<h2 id=\"chapter-0\">Unitate special\u0103 a Israelului, demascat\u0103<\/h2>\n<p class=\"p1\" id=\"p-4\">Atacul IDF din Gaza ar fi fost&nbsp; declan\u0219at dup\u0103 ce o unitate special\u0103 de mili\u021bii opozante Hamas, sus\u021binute de Israel, a fost demascat\u0103 \u00een timpul unei opera\u021biuni \u201especiale\u201d.<\/p>\n<p class=\"p1\" id=\"p-5\">\u00cen urma acestui eveniment, a \u00eenceput un val de atacuri. Cel pu\u021bin 8 persoane au fost ucise p\u00e2n\u0103 \u00een prezent.<\/p>\n<p class=\"p1\" id=\"p-6\">Mili\u021bia sus\u021binut\u0103 de Israel ar \u00eencercat s\u0103 r\u0103peasc\u0103 un oficial Hamas, au avut loc schimburi de focuri, iar armata israelian\u0103 a intervenit, evacu\u00e2nd membrii mili\u021biei cu sprijin aerian \u0219i lans\u00e2nd bombardamente.<\/p>\n<p class=\"p1\" id=\"p-7\">Persoana vizat\u0103 \u00een opera\u021biunea din zona Al-Katiba, la vest de Gaza, este un oficial de rang \u00eenalt din cadrul serviciilor de securitate interne ale Hamas, transmit jurnali\u0219tii canalului de \u0219tiri Al-Arabi din Qatar.<\/p>\n<h2 id=\"chapter-1\">IDF recunoa\u0219te<\/h2>\n<p class=\"p1\" id=\"p-8\">\u00centr-un comunicat, IDF a anun\u021bat: \u201d Armata israelian\u0103 a atacat \u00een urm\u0103 cu pu\u021bin timp mai multe \u021binte \u00een zona F\u00e2\u0219iei Gaza, cu scopul de a elimina amenin\u021b\u0103rile la adresa for\u021belor de securitate.\u201d<\/p>\n<p class=\"p1\" id=\"p-9\">Nu au existat victime \u00een r\u00e2ndul for\u021belor noastre\u201d.<\/p>\n<\/p><\/div>\n","protected":false},"excerpt":{"rendered":"<p>Televiziunea israelian\u0103 I24News transmite c\u0103 atacuri aeriene lansate de Israel asupra vestului ora\u0219ului Gaza au coincis cu relat\u0103ri despre ciocniri \u00eentre trupele IDF \u0219i atacatori Hamas. \u0218i coresponden\u021bii Al Jazeera &hellip; <a href=\"https:\/\/microscopemedia.com\/?p=711031\" class=\"more-link\">Read More<\/a><\/p>\n","protected":false},"author":1,"featured_media":711032,"comment_status":"closed","ping_status":"closed","sticky":false,"template":"Default","format":"standard","meta":[],"categories":[1],"tags":[],"_links":{"self":[{"href":"https:\/\/microscopemedia.com\/index.php?rest_route=\/wp\/v2\/posts\/711031"}],"collection":[{"href":"https:\/\/microscopemedia.com\/index.php?rest_route=\/wp\/v2\/posts"}],"about":[{"href":"https:\/\/microscopemedia.com\/index.php?rest_route=\/wp\/v2\/types\/post"}],"author":[{"embeddable":true,"href":"https:\/\/microscopemedia.com\/index.php?rest_route=\/wp\/v2\/users\/1"}],"replies":[{"embeddable":true,"href":"https:\/\/microscopemedia.com\/index.php?rest_route=%2Fwp%2Fv2%2Fcomments&post=711031"}],"version-history":[{"count":0,"href":"https:\/\/microscopemedia.com\/index.php?rest_route=\/wp\/v2\/posts\/711031\/revisions"}],"wp:featuredmedia":[{"embeddable":true,"href":"https:\/\/microscopemedia.com\/index.php?rest_route=\/wp\/v2\/media\/711032"}],"wp:attachment":[{"href":"https:\/\/microscopemedia.com\/index.php?rest_route=%2Fwp%2Fv2%2Fmedia&parent=711031"}],"wp:term":[{"taxonomy":"category","embeddable":true,"href":"https:\/\/microscopemedia.com\/index.php?rest_route=%2Fwp%2Fv2%2Fcategories&post=711031"},{"taxonomy":"post_tag","embeddable":true,"href":"https:\/\/microscopemedia.com\/index.php?rest_route=%2Fwp%2Fv2%2Ftags&post=711031"}],"curies":[{"name":"wp","href":"https:\/\/api.w.org\/{rel}","templated":true}]}}