{"id":711035,"date":"2026-09-01T09:57:03","date_gmt":"2026-09-01T09:57:03","guid":{"rendered":"https:\/\/microscopemedia.com\/?p=711035"},"modified":"2026-09-01T09:57:03","modified_gmt":"2026-09-01T09:57:03","slug":"sotia-lui-benjamin-netanyahu-starneste-un-val-de-indignare-dupa-ce-a-acuzat-un-general-din-opozitie-ca-stia-de-atacul-hamas-din-7-octombrie","status":"publish","type":"post","link":"https:\/\/microscopemedia.com\/?p=711035","title":{"rendered":"So\u021bia lui Benjamin Netanyahu st\u00e2rne\u0219te un val de indignare dup\u0103 ce a acuzat un general din opozi\u021bie c\u0103 \u0219tia de atacul Hamas din 7 octombrie"},"content":{"rendered":"<div readability=\"44.067961165049\">\n<div class=\"sgb-google-buttons\">\n<div class=\"display-flex justify-center google-logo\"><img decoding=\"async\" loading=\"lazy\" class=\"mg-x-auto\" width=\"30\" height=\"30\" src=\"https:\/\/microscopemedia.com\/wp-content\/uploads\/2026\/09\/sotia-lui-benjamin-netanyahu-starneste-un-val-de-indignare-dupa-ce-a-acuzat-un-general-din-opozitie-ca-stia-de-atacul-hamas-din-7-octombrie.png\" alt><\/div>\n<\/p><\/div>\n<p id=\"p-0\"><span>Sara Netanyahu a afirmat c\u0103 Yair Golan, un general \u00een rezerv\u0103 care conduce partidul \u201eDemocra\u021bii\u201d, era \u201edeja \u00eembr\u0103cat \u0219i preg\u0103tit\u201d \u00een diminea\u021ba zilei de 7 octombrie 2023, \u00een timp ce alte persoane, inclusiv premierul Benjamin Netanyahu, nu ar fi \u0219tiut ce urma s\u0103 se \u00eent\u00e2mple, noteaz\u0103 <span><a href=\"https:\/\/www.lefigaro.fr\/international\/en-israel-l-epouse-de-benyamin-netanyahou-s-attaque-a-un-de-ses-opposants-et-reprend-une-theorie-complotiste-20260901\">AFP<\/a><\/span>.&nbsp;<\/span><\/p>\n<h2 id=\"chapter-0\">Reac\u021bii vehemente din partea opozi\u021biei<\/h2>\n<p id=\"p-1\"><span>Declara\u021biile au provocat reac\u021bii dure din partea opozi\u021biei. Partidul lui Yair Golan a calificat afirma\u021biile drept \u201ejosnice \u0219i mincinoase\u201d \u0219i a condamnat r\u0103sp\u00e2ndirea teoriilor conspira\u021biei privind presupusa implicare sau cunoa\u0219tere prealabil\u0103 a atacului.&nbsp;&nbsp;<\/span><\/p>\n<p id=\"p-2\"><span>\u201eR\u0103sp\u00e2ndirea teoriilor conspira\u021biei la adresa generalului Yair Golan \u0219i denigrarea actelor sale de eroism din 7 octombrie dep\u0103\u0219esc o linie ro\u0219ie, la limita nebuniei\u201d, au transmis democra\u021bii.&nbsp;<\/span><\/p>\n<p id=\"p-3\"><span>La declara\u021biile Sarei Netanyahu a reac\u021bionat \u0219i Gadi Eizenkot, liderul partidului Yashar \u0219i unul dintre principalii adversari politici ai lui Benjamin Netanyahu.&nbsp;<\/span><\/p>\n<p id=\"p-4\"><span>Acesta a condamnat \u201eteoria tr\u0103d\u0103rii\u201d, subliniind c\u0103 zvonul este propagat de cercul premierului.&nbsp;<\/span><\/p>\n<h2 id=\"chapter-1\">Teoria conspira\u021biei \u0219i r\u0103zboiul din Gaza<\/h2>\n<p id=\"p-5\"><span>Afirma\u021biile vin \u00eentr-un context politic tensionat, cu alegeri parlamentare a\u0219teptate s\u0103 fie disputate. Potrivit unui sondaj, 40% dintre israelieni \u0219i 63% dintre votan\u021bii coali\u021biei de guvernare consider\u0103 c\u0103 atacul din 7 octombrie 2023 a fost posibil din cauza unei tr\u0103d\u0103ri.&nbsp;<\/span><\/p>\n<p id=\"p-6\"><span>\u00cen urma atacului terorist coordonat de Hamas, 1221 de israelieni \u0219i-au pierdut via\u021ba \u0219i 251 au fost lua\u021bi ostatici \u00een F\u00e2\u0219ia Gaza.&nbsp;<\/span><\/p>\n<p id=\"p-7\"><span>Ofensiva israelian\u0103 declan\u0219at\u0103 ulterior \u00een enclava palestinian\u0103 a provocat peste 73.000 de mor\u021bi, p\u00e2n\u0103 la implementarea unui armisti\u021biu \u00een octombrie 2025. \u00cen ciuda armisti\u021biului, IDF a lansat mai multe atacuri asupra Gazei, provoc\u00e2nd moartea a aproximativ o mie de palestinieni.&nbsp;<\/span><\/p>\n<\/p><\/div>\n","protected":false},"excerpt":{"rendered":"<p>Sara Netanyahu a afirmat c\u0103 Yair Golan, un general \u00een rezerv\u0103 care conduce partidul \u201eDemocra\u021bii\u201d, era \u201edeja \u00eembr\u0103cat \u0219i preg\u0103tit\u201d \u00een diminea\u021ba zilei de 7 octombrie 2023, \u00een timp ce &hellip; <a href=\"https:\/\/microscopemedia.com\/?p=711035\" class=\"more-link\">Read More<\/a><\/p>\n","protected":false},"author":1,"featured_media":711036,"comment_status":"closed","ping_status":"closed","sticky":false,"template":"Default","format":"standard","meta":[],"categories":[1],"tags":[],"_links":{"self":[{"href":"https:\/\/microscopemedia.com\/index.php?rest_route=\/wp\/v2\/posts\/711035"}],"collection":[{"href":"https:\/\/microscopemedia.com\/index.php?rest_route=\/wp\/v2\/posts"}],"about":[{"href":"https:\/\/microscopemedia.com\/index.php?rest_route=\/wp\/v2\/types\/post"}],"author":[{"embeddable":true,"href":"https:\/\/microscopemedia.com\/index.php?rest_route=\/wp\/v2\/users\/1"}],"replies":[{"embeddable":true,"href":"https:\/\/microscopemedia.com\/index.php?rest_route=%2Fwp%2Fv2%2Fcomments&post=711035"}],"version-history":[{"count":0,"href":"https:\/\/microscopemedia.com\/index.php?rest_route=\/wp\/v2\/posts\/711035\/revisions"}],"wp:featuredmedia":[{"embeddable":true,"href":"https:\/\/microscopemedia.com\/index.php?rest_route=\/wp\/v2\/media\/711036"}],"wp:attachment":[{"href":"https:\/\/microscopemedia.com\/index.php?rest_route=%2Fwp%2Fv2%2Fmedia&parent=711035"}],"wp:term":[{"taxonomy":"category","embeddable":true,"href":"https:\/\/microscopemedia.com\/index.php?rest_route=%2Fwp%2Fv2%2Fcategories&post=711035"},{"taxonomy":"post_tag","embeddable":true,"href":"https:\/\/microscopemedia.com\/index.php?rest_route=%2Fwp%2Fv2%2Ftags&post=711035"}],"curies":[{"name":"wp","href":"https:\/\/api.w.org\/{rel}","templated":true}]}}