{"id":711039,"date":"2026-09-01T10:36:03","date_gmt":"2026-09-01T10:36:03","guid":{"rendered":"https:\/\/microscopemedia.com\/?p=711039"},"modified":"2026-09-01T10:36:03","modified_gmt":"2026-09-01T10:36:03","slug":"bolojan-mesaj-pentru-diplomatii-romani-instabilitatea-politica-ne-poate-costa-scump","status":"publish","type":"post","link":"https:\/\/microscopemedia.com\/?p=711039","title":{"rendered":"Bolojan, mesaj pentru diploma\u021bii rom\u00e2ni: Instabilitatea politic\u0103 ne poate costa scump"},"content":{"rendered":"<div class=\"sgb-google-buttons\">\n<div class=\"display-flex justify-center google-logo\"><img decoding=\"async\" loading=\"lazy\" class=\"mg-x-auto\" width=\"30\" height=\"30\" src=\"https:\/\/microscopemedia.com\/wp-content\/uploads\/2026\/09\/bolojan-mesaj-pentru-diplomatii-romani-instabilitatea-politica-ne-poate-costa-scump.png\" alt><\/div>\n<\/p><\/div>\n<p data-start=\"122\" data-end=\"601\" id=\"p-0\">\u0218eful Guvernului le-a mul\u021bumit diploma\u021bilor pentru activitatea din ultimul an \u0219i a atras aten\u021bia c\u0103 problemele interne, \u00een special deficitul bugetar \u0219i lipsa competitivit\u0103\u021bii economice, influen\u021beaz\u0103 direct capacitatea Rom\u00e2niei de a-\u0219i promova interesele \u00een exterior.<\/p>\n<p data-start=\"786\" data-end=\"1107\" id=\"p-1\">\u201e\u00cen primul r\u00e2nd, doresc s\u0103 v\u0103 mul\u021bumesc pentru acest an de colaborare pe care l-am avut cu echipa Ministerului de Externe, cu doamna ministru, cu secretarii de stat, cu dumneavoastr\u0103, \u0219i s\u0103 v\u0103 asigur de respectul meu, pentru c\u0103 un element de baz\u0103 al reprezent\u0103rii Rom\u00e2niei sunte\u021bi dumneavoastr\u0103\u201d, a declarat Ilie Bolojan.<\/p>\n<p data-start=\"1109\" data-end=\"1460\" id=\"p-2\">Premierul a descris ultimul an drept unul dificil, marcat at\u00e2t de probleme interne, c\u00e2t \u0219i de multiple crize interna\u021bionale. Bolojan a enumerat r\u0103zboaiele din vecin\u0103tatea Rom\u00e2niei, incidentele cu drone, situa\u021bia din Marea Neagr\u0103, conflictul din Orientul Mijlociu, crizele energetice \u0219i seceta printre principalele provoc\u0103ri care au solicitat Guvernul.<\/p>\n<h2 data-section-id=\"15zqd2v\" data-start=\"1462\" data-end=\"1530\" id=\"chapter-0\">Bolojan avertizeaz\u0103 asupra deficitului \u0219i instabilit\u0103\u021bii politice<\/h2>\n<p data-start=\"1532\" data-end=\"1823\" id=\"p-3\">\u00cen discursul s\u0103u, premierul a pus accent pe situa\u021bia finan\u021belor publice \u0219i pe necesitatea continu\u0103rii m\u0103surilor de reducere a deficitului bugetar. El a sus\u021binut c\u0103 dezechilibrele acumulate nu pot fi corectate rapid \u0219i c\u0103 viitorul Guvern va trebui s\u0103 continue m\u0103surile de consolidare fiscal\u0103.<\/p>\n<p data-start=\"1825\" data-end=\"2009\" id=\"p-4\">\u201eCu bune, cu rele, consider c\u0103 acest guvern a f\u0103cut ceea ce trebuie \u00een aceast\u0103 perioad\u0103 \u0219i, prin m\u0103surile pe care le-am adoptat, am evitat o downgradare a Rom\u00e2niei\u201d, a afirmat Bolojan.<\/p>\n<p data-start=\"2011\" data-end=\"2185\" id=\"p-5\">Premierul a avertizat \u00eens\u0103 c\u0103 instabilitatea politic\u0103 \u0219i lipsa de predictibilitate pot afecta credibilitatea \u021b\u0103rii \u0219i pot amplifica ne\u00eencrederea popula\u021biei \u00een institu\u021bii.<\/p>\n<p data-start=\"2187\" data-end=\"2421\" id=\"p-6\">\u201eInstabilitatea politic\u0103, lipsa de predictibilitate vizavi de ce se va \u00eent\u00e2mpla \u00een Rom\u00e2nia sunt factori agravan\u021bi. Iar crearea de a\u0219tept\u0103ri care nu pot fi acoperite e unul dintre cele mai periculoase lucruri\u201d, a spus \u0219eful Guvernului.<\/p>\n<h2 data-section-id=\"zo34ec\" data-start=\"2423\" data-end=\"2490\" id=\"chapter-1\">Bolojan: Rom\u00e2nia a pierdut bani din PNRR din cauza \u00eent\u00e2rzierilor<\/h2>\n<p data-start=\"2492\" data-end=\"2729\" id=\"p-7\">Ilie Bolojan a vorbit \u0219i despre fondurile europene, \u00een special despre PNRR \u0219i programul SAFE, apreciind contribu\u021bia diploma\u021bilor rom\u00e2ni, \u00een special a echipei de la Bruxelles, la negocierile cu institu\u021biile europene \u0219i \u00een cadrul NATO.<\/p>\n<p data-start=\"2731\" data-end=\"3010\" id=\"p-8\">Premierul a recunoscut c\u0103 Rom\u00e2nia a pierdut bani din PNRR din cauza \u00eent\u00e2rzierilor \u00een implementarea unor proiecte \u0219i a unor reforme. El a dat drept exemplu reducerea num\u0103rului de spitale prev\u0103zute ini\u021bial \u00een program \u0219i a criticat \u00eent\u00e2rzierile \u00een adoptarea unor m\u0103suri legislative.<\/p>\n<p data-start=\"3012\" data-end=\"3152\" id=\"p-9\">\u00cen ceea ce prive\u0219te programul SAFE, Bolojan a apreciat c\u0103 Rom\u00e2nia a reu\u0219it s\u0103 direc\u021bioneze o parte din fonduri c\u0103tre infrastructura rutier\u0103.<\/p>\n<p data-start=\"3154\" data-end=\"3350\" id=\"p-10\">\u201eDac\u0103 nu mutam cele 4,2 miliarde din SAFE pe autostr\u0103zi, aveam \u00eenc\u0103 o poveste ratat\u0103 cu autostr\u0103zile din nord-estul Rom\u00e2niei, Pa\u0219cani\u2013Ia\u0219i\u2013Ungheni sau Pa\u0219cani\u2013Suceava\u2013Siret\u201d, a declarat premierul.<\/p>\n<h2 data-section-id=\"5aez4o\" data-start=\"3352\" data-end=\"3421\" id=\"chapter-2\">Bolojan: Diploma\u021bia economic\u0103 depinde de competitivitatea Rom\u00e2niei<\/h2>\n<p data-start=\"3423\" data-end=\"3629\" id=\"p-11\">Premierul a subliniat c\u0103 diploma\u021bia economic\u0103 trebuie s\u0103 reprezinte o component\u0103 important\u0103 a politicii externe, dar a atras aten\u021bia c\u0103 eficien\u021ba diploma\u021bilor depinde \u0219i de situa\u021bia economiei rom\u00e2ne\u0219ti.<\/p>\n<p data-start=\"3631\" data-end=\"3862\" id=\"p-12\">Bolojan a sus\u021binut c\u0103 majorarea costurilor cu for\u021ba de munc\u0103 \u0219i cre\u0219terea pre\u021burilor la energie au afectat competitivitatea companiilor din Rom\u00e2nia, inclusiv a unor mari produc\u0103tori interna\u021bionali care au fabrici \u00een mai multe \u021b\u0103ri.<\/p>\n<p data-start=\"3864\" data-end=\"3983\" id=\"p-13\">\u201ePentru a putea fi eficien\u021bi, ai nevoie de companii care sunt competitive. Altfel, n-am f\u0103cut nimic\u201d, a spus premierul.<\/p>\n<p data-start=\"3985\" data-end=\"4232\" id=\"p-14\">\u00cen acest context, Bolojan a afirmat c\u0103 politicile interne \u0219i cele externe nu pot fi tratate separat, \u00eentruc\u00e2t competitivitatea economiei influen\u021beaz\u0103 capacitatea Rom\u00e2niei de a atrage investi\u021bii \u0219i de a-\u0219i promova interesele economice peste hotare.<\/p>\n<h2 data-section-id=\"1a4h0ve\" data-start=\"4234\" data-end=\"4286\" id=\"chapter-3\">Bolojan reafirm\u0103 ancorele strategice ale Rom\u00e2niei<\/h2>\n<p data-start=\"4288\" data-end=\"4435\" id=\"p-15\">Premierul a reafirmat c\u0103 principalele ancore strategice ale Rom\u00e2niei r\u0103m\u00e2n NATO, Uniunea European\u0103 \u0219i parteneriatul strategic cu Statele Unite.<\/p>\n<p data-start=\"4437\" data-end=\"4590\" id=\"p-16\">\u201eAncorele pe care noi le avem, le \u0219ti\u021bi: NATO, Uniunea European\u0103, parteneriatul cu Statele Unite \u2013 cred c\u0103 astea nu sunt de discutat\u201d, a afirmat Bolojan.<\/p>\n<p data-start=\"4592\" data-end=\"4810\" id=\"p-17\">\u0218eful Guvernului a men\u021bionat \u0219i importan\u021ba rela\u021biei cu diaspora rom\u00e2neasc\u0103, \u00een special cu comunit\u0103\u021bile din statele Uniunii Europene, precum \u0219i necesitatea consolid\u0103rii reprezent\u0103rii economice a Rom\u00e2niei \u00een str\u0103in\u0103tate.<\/p>\n<p data-start=\"4812\" data-end=\"5034\" id=\"p-18\">La finalul discursului, premierul le-a mul\u021bumit diploma\u021bilor pentru activitatea desf\u0103\u0219urat\u0103 \u0219i \u0219i-a exprimat speran\u021ba c\u0103 Rom\u00e2nia va avea c\u00e2t mai cur\u00e2nd un Guvern stabil, capabil s\u0103 continue m\u0103surile de consolidare fiscal\u0103.<\/p>\n<p data-start=\"5036\" data-end=\"5185\" id=\"p-19\">\u201eSper s\u0103 existe politici predictibile \u0219i curajoase care s\u0103 v\u0103 creeze portan\u021ba pentru a reprezenta \u0219i mai bine \u021bara noastr\u0103\u201d, a transmis Ilie Bolojan.<\/p>\n<p data-start=\"5187\" data-end=\"5326\" id=\"p-20\">Premierul \u0219i-a \u00eencheiat mesajul adresat diploma\u021bilor cu un apel simbolic: \u201eV\u0103 rog s\u0103 \u021bine\u021bi steagul Rom\u00e2niei acolo unde \u00eei este locul.\u201d<\/p>\n","protected":false},"excerpt":{"rendered":"<p>\u0218eful Guvernului le-a mul\u021bumit diploma\u021bilor pentru activitatea din ultimul an \u0219i a atras aten\u021bia c\u0103 problemele interne, \u00een special deficitul bugetar \u0219i lipsa competitivit\u0103\u021bii economice, influen\u021beaz\u0103 direct capacitatea Rom\u00e2niei de &hellip; <a href=\"https:\/\/microscopemedia.com\/?p=711039\" class=\"more-link\">Read More<\/a><\/p>\n","protected":false},"author":1,"featured_media":711040,"comment_status":"closed","ping_status":"closed","sticky":false,"template":"Default","format":"standard","meta":[],"categories":[1],"tags":[],"_links":{"self":[{"href":"https:\/\/microscopemedia.com\/index.php?rest_route=\/wp\/v2\/posts\/711039"}],"collection":[{"href":"https:\/\/microscopemedia.com\/index.php?rest_route=\/wp\/v2\/posts"}],"about":[{"href":"https:\/\/microscopemedia.com\/index.php?rest_route=\/wp\/v2\/types\/post"}],"author":[{"embeddable":true,"href":"https:\/\/microscopemedia.com\/index.php?rest_route=\/wp\/v2\/users\/1"}],"replies":[{"embeddable":true,"href":"https:\/\/microscopemedia.com\/index.php?rest_route=%2Fwp%2Fv2%2Fcomments&post=711039"}],"version-history":[{"count":0,"href":"https:\/\/microscopemedia.com\/index.php?rest_route=\/wp\/v2\/posts\/711039\/revisions"}],"wp:featuredmedia":[{"embeddable":true,"href":"https:\/\/microscopemedia.com\/index.php?rest_route=\/wp\/v2\/media\/711040"}],"wp:attachment":[{"href":"https:\/\/microscopemedia.com\/index.php?rest_route=%2Fwp%2Fv2%2Fmedia&parent=711039"}],"wp:term":[{"taxonomy":"category","embeddable":true,"href":"https:\/\/microscopemedia.com\/index.php?rest_route=%2Fwp%2Fv2%2Fcategories&post=711039"},{"taxonomy":"post_tag","embeddable":true,"href":"https:\/\/microscopemedia.com\/index.php?rest_route=%2Fwp%2Fv2%2Ftags&post=711039"}],"curies":[{"name":"wp","href":"https:\/\/api.w.org\/{rel}","templated":true}]}}