{"id":711041,"date":"2026-09-01T10:46:04","date_gmt":"2026-09-01T10:46:04","guid":{"rendered":"https:\/\/microscopemedia.com\/?p=711041"},"modified":"2026-09-01T10:46:04","modified_gmt":"2026-09-01T10:46:04","slug":"lider-usr-pronostic-dur-pentru-nicusor-dan-il-vor-arunca-peste-bord-foarte-curand-in-ce-situatie-paradoxala-se-afla-partidul-lui-dominic-fritz","status":"publish","type":"post","link":"https:\/\/microscopemedia.com\/?p=711041","title":{"rendered":"Lider USR, pronostic dur pentru Nicu\u0219or Dan: \u201e\u00cel vor arunca peste bord foarte cur\u00e2nd\u201d. \u00cen ce situa\u021bie paradoxal\u0103 se afl\u0103 partidul lui Dominic Fritz"},"content":{"rendered":"<div readability=\"28.468281430219\">\n<div class=\"sgb-google-buttons\">\n<div class=\"display-flex justify-center google-logo\"><img decoding=\"async\" loading=\"lazy\" class=\"mg-x-auto\" width=\"30\" height=\"30\" src=\"https:\/\/microscopemedia.com\/wp-content\/uploads\/2026\/09\/lider-usr-pronostic-dur-pentru-nicusor-dan-il-vor-arunca-peste-bord-foarte-curand-in-ce-situatie-paradoxala-se-afla-partidul-lui-dominic-fritz.png\" alt><\/div>\n<\/p><\/div>\n<p class=\"p1\" id=\"p-0\">\u00centr-un <span><a href=\"https:\/\/www.facebook.com\/reel\/1602776741430724\"><strong>podcast<\/strong>,<\/a><\/span> Cristian Ghinea (USR) a declarat c\u0103 el crede c\u0103 Nicu\u0219or Dan va fi l\u0103sat din bra\u021be de \u201ePSD, serviciile de informa\u021bii \u0219i Lia Savonea\u201d, pre\u0219edintele \u00ceCCJ.<\/p>\n<p class=\"p1\" id=\"p-1\"><strong>\u201eCred c\u0103-l vor arunca peste bord foarte cur\u00e2nd. Pe Nicu\u0219or Dan. De ce ar mai avea PSD nevoie de el dup\u0103 ce l-a compromis politic? Asta este, omul a dezertat\u201d<\/strong>, a spus Ghinea.<\/p>\n<p class=\"p3\" id=\"p-2\">Liderul USR a amintit c\u0103, dup\u0103 decizia pre\u0219edintelui Rom\u00e2niei, pe Legea integrit\u0103\u021bii, care \u00eei va pune cap\u0103t mandatului lui Dominic Fritz la Prim\u0103ria Timi\u0219oara \u2013 pre\u0219edintele USR fiind condamnat definitiv de \u00ceCCJ pentru conflict de interese administrativ \u2013 \u00een Timi\u0219oara, oamenii au strigat: \u201e<strong>Nicu\u0219or tr\u0103d\u0103tor!<\/strong>\u201d<\/p>\n<p class=\"p3\" id=\"p-3\">Cristian Ghinea crede \u00eens\u0103 c\u0103 USR va ajunge \u00eentr-o situa\u021bie paradoxal\u0103: \u201evom ajunge \u00een situa\u021bia \u00een care tot noi va trebui s\u0103-l ap\u0103r\u0103m\u201d.<\/p>\n<p class=\"p3\" id=\"p-4\">El crede c\u0103, de facto, PSD \u0219i AUR guverneaz\u0103 \u00een Rom\u00e2nia.<\/p>\n<p id=\"p-5\"><span><strong><a href=\"https:\/\/www.mediafax.ro\/politic\/asta-i-antisemit-nu-vrea-ghinea-oameni-implicati-in-muzeul-holocaustului-il-suspectau-pe-nicusor-dan-de-antisemitism-23788981\">Criticile lui Cristian Ghinea<\/a><\/strong><\/span> la adresa pre\u0219edintelui Nicu\u0219or Dan sunt constante. Cei doi lideri \u2013 Ghinea \u0219i Dan \u2013 nu s-au \u00een\u021beles nici \u00een interiorul USR, c\u00e2nd actualul pre\u0219edinte conducea partidul, iar dup\u0103 ce a ajuns pre\u0219edinte al Rom\u00e2niei, <span><strong><a href=\"https:\/\/www.mediafax.ro\/politic\/cristian-ghinea-usr-il-desfiinteaza-pe-nicusor-dan-un-tantalau-ajuns-in-locuri-gresite-acuzatii-despre-campania-din-2025-23767379\">Ghinea a declarat c\u0103 Nicu\u0219or Dan este un \u201et\u0103nt\u0103l\u0103u\u201d<\/a><\/strong><\/span>. Ulterior, Ghinea l-a acuzat pe pre\u0219edintele Rom\u00e2niei \u0219i de <span><strong><a href=\"https:\/\/www.mediafax.ro\/politic\/asta-i-antisemit-nu-vrea-ghinea-oameni-implicati-in-muzeul-holocaustului-il-suspectau-pe-nicusor-dan-de-antisemitism-23788981\">antisemitism<\/a><\/strong><\/span>.<\/p>\n<\/p><\/div>\n","protected":false},"excerpt":{"rendered":"<p>\u00centr-un podcast, Cristian Ghinea (USR) a declarat c\u0103 el crede c\u0103 Nicu\u0219or Dan va fi l\u0103sat din bra\u021be de \u201ePSD, serviciile de informa\u021bii \u0219i Lia Savonea\u201d, pre\u0219edintele \u00ceCCJ. \u201eCred c\u0103-l &hellip; <a href=\"https:\/\/microscopemedia.com\/?p=711041\" class=\"more-link\">Read More<\/a><\/p>\n","protected":false},"author":1,"featured_media":711042,"comment_status":"closed","ping_status":"closed","sticky":false,"template":"Default","format":"standard","meta":[],"categories":[1],"tags":[],"_links":{"self":[{"href":"https:\/\/microscopemedia.com\/index.php?rest_route=\/wp\/v2\/posts\/711041"}],"collection":[{"href":"https:\/\/microscopemedia.com\/index.php?rest_route=\/wp\/v2\/posts"}],"about":[{"href":"https:\/\/microscopemedia.com\/index.php?rest_route=\/wp\/v2\/types\/post"}],"author":[{"embeddable":true,"href":"https:\/\/microscopemedia.com\/index.php?rest_route=\/wp\/v2\/users\/1"}],"replies":[{"embeddable":true,"href":"https:\/\/microscopemedia.com\/index.php?rest_route=%2Fwp%2Fv2%2Fcomments&post=711041"}],"version-history":[{"count":0,"href":"https:\/\/microscopemedia.com\/index.php?rest_route=\/wp\/v2\/posts\/711041\/revisions"}],"wp:featuredmedia":[{"embeddable":true,"href":"https:\/\/microscopemedia.com\/index.php?rest_route=\/wp\/v2\/media\/711042"}],"wp:attachment":[{"href":"https:\/\/microscopemedia.com\/index.php?rest_route=%2Fwp%2Fv2%2Fmedia&parent=711041"}],"wp:term":[{"taxonomy":"category","embeddable":true,"href":"https:\/\/microscopemedia.com\/index.php?rest_route=%2Fwp%2Fv2%2Fcategories&post=711041"},{"taxonomy":"post_tag","embeddable":true,"href":"https:\/\/microscopemedia.com\/index.php?rest_route=%2Fwp%2Fv2%2Ftags&post=711041"}],"curies":[{"name":"wp","href":"https:\/\/api.w.org\/{rel}","templated":true}]}}