{"id":711043,"date":"2026-09-01T10:56:04","date_gmt":"2026-09-01T10:56:04","guid":{"rendered":"https:\/\/microscopemedia.com\/?p=711043"},"modified":"2026-09-01T10:56:04","modified_gmt":"2026-09-01T10:56:04","slug":"configuratia-viitorului-guvern-mircea-abrudean-pnl-este-pregatit-sa-treaca-in-opozitie","status":"publish","type":"post","link":"https:\/\/microscopemedia.com\/?p=711043","title":{"rendered":"Configura\u021bia viitorului Guvern. Mircea Abrudean: PNL este preg\u0103tit s\u0103 treac\u0103 \u00een opozi\u021bie"},"content":{"rendered":"<div class=\"sgb-google-buttons\">\n<div class=\"display-flex justify-center google-logo\"><img decoding=\"async\" loading=\"lazy\" class=\"mg-x-auto\" width=\"30\" height=\"30\" src=\"https:\/\/microscopemedia.com\/wp-content\/uploads\/2026\/09\/configuratia-viitorului-guvern-mircea-abrudean-pnl-este-pregatit-sa-treaca-in-opozitie.png\" alt><\/div>\n<\/p><\/div>\n<p data-path-to-node=\"0\" id=\"p-0\">Mircea Abrudean, pre\u0219edintele Senatului, spune c\u0103 Partidul Na\u021bional Liberal este preg\u0103tit s\u0103 treac\u0103 \u00een opozi\u021bie, \u00een cazul \u00een care urm\u0103toarea desemnare a pre\u0219edintelui este un social-democrat.<\/p>\n<p data-path-to-node=\"0\" id=\"p-1\">\u201ePNL este preg\u0103tit s\u0103 treac\u0103 \u00een opozi\u021bie, a\u0219a cum am afirmat \u00een ultima perioad\u0103, consider\u0103m c\u0103 este nevoie de formarea unui guvern c\u00e2t mai rapid, un guvern care s\u0103 aib\u0103 o majoritate stabil\u0103, pentru c\u0103 cred c\u0103 de asta are nevoie Rom\u00e2nia \u00een aceast\u0103 perioad\u0103\u201d, a declarat <a href=\"https:\/\/www.mediafax.ro\/politic\/siegfried-muresan-afirma-ca-pnl-nu-va-vota-un-guvern-controlat-de-psd-le-sticlesc-ochii-sa-risipeasca-ceea-ce-romanii-au-reusit-sa-economiseasca-23799695\">Mircea Abrudean, <\/a>\u00een Parlament.<\/p>\n<h2 data-path-to-node=\"0\" id=\"chapter-0\">PNL se opune \u00eenvestirii unui guvern PSD<\/h2>\n<p data-path-to-node=\"0\" id=\"p-2\">Chiar dac\u0103 <a href=\"https:\/\/www.mediafax.ro\/politic\/sorin-grindeanu-spune-ca-isi-asuma-functia-de-prim-ministru-eu-stiu-ce-inseamna-sa-fii-premier-cum-vrea-psd-sa-arate-viitorul-guvern-23799090\">Sorin Grindeanu<\/a> declara luni c\u0103 singurele variante acceptate de social-democra\u021bi sunt ori un guvern monocolor PSD, ori un guvern \u201e\u00een jurul PSD\u201d, Mircea Abrudean spune c\u0103 partidul nu va beneficia de votul PNL.<\/p>\n<p data-path-to-node=\"0\" id=\"p-3\">Mai mult, liderul PNL sus\u021bine c\u0103 liberalii nu sunt de acord nici cu varianta unui premier independent, c\u00e2t timp PSD face parte din configura\u021bia guvernamental\u0103.<\/p>\n<p data-path-to-node=\"0\" id=\"p-4\">\u201e\u00cen acest moment, Partidul Na\u021bional Liberal are acelea\u0219i decizii pe care le-a reiterat de c\u00e2teva ori de a nu sus\u021bine un guvern din care face parte PSD. Suntem \u00een aceea\u0219i logic\u0103 \u00een acest moment, cu premier independent sau cu alt fel de premier. Dac\u0103 PSD va fi \u00een acel guvern, PNL nu-l sus\u021bine. Nu s-a schimbat nimic p\u00e2n\u0103 ast\u0103zi\u201d, a ad\u0103ugat pre\u0219edintele Senatului.<\/p>\n<h2 data-path-to-node=\"0\" id=\"chapter-1\">Cine d\u0103 voturile<\/h2>\n<p data-path-to-node=\"0\" id=\"p-5\">Mircea Abrudean a vorbit \u0219i despre un eventual episod II al tr\u0103d\u0103rilor \u00een PNL. \u00centrebat dac\u0103, \u00een cazul \u00een care membrii partidului ar vota un guvern social-democrat, contrar deciziei PNL, ar fi exclu\u0219i din partid, Mircea Abrudean r\u0103spunde afirmativ.<\/p>\n<p data-path-to-node=\"0\" id=\"p-6\">\u201eCred c\u0103 e normal. Nu cred c\u0103 pot fi alte a\u0219tept\u0103ri aici\u201d, a confirmat liberalul.<\/p>\n<p data-path-to-node=\"0\" id=\"p-7\">La Palatul <a href=\"https:\/\/www.mediafax.ro\/politic\/nicusor-dan-despre-viitorul-guvern-a-fost-o-criza-care-ne-a-depasit-previziunile-23799582\">Cotroceni<\/a> vor avea loc discu\u021bii privind viitorul Guvern cu toate partidele pro-occidentale, iar \u00een perioada urm\u0103toare pre\u0219edintele ar putea face o nominalizare de premier, dac\u0103 liderii forma\u021biunilor reu\u0219esc s\u0103 se pun\u0103 de acord.<\/p>\n","protected":false},"excerpt":{"rendered":"<p>Mircea Abrudean, pre\u0219edintele Senatului, spune c\u0103 Partidul Na\u021bional Liberal este preg\u0103tit s\u0103 treac\u0103 \u00een opozi\u021bie, \u00een cazul \u00een care urm\u0103toarea desemnare a pre\u0219edintelui este un social-democrat. \u201ePNL este preg\u0103tit s\u0103 &hellip; <a href=\"https:\/\/microscopemedia.com\/?p=711043\" class=\"more-link\">Read More<\/a><\/p>\n","protected":false},"author":1,"featured_media":711044,"comment_status":"closed","ping_status":"closed","sticky":false,"template":"Default","format":"standard","meta":[],"categories":[1],"tags":[],"_links":{"self":[{"href":"https:\/\/microscopemedia.com\/index.php?rest_route=\/wp\/v2\/posts\/711043"}],"collection":[{"href":"https:\/\/microscopemedia.com\/index.php?rest_route=\/wp\/v2\/posts"}],"about":[{"href":"https:\/\/microscopemedia.com\/index.php?rest_route=\/wp\/v2\/types\/post"}],"author":[{"embeddable":true,"href":"https:\/\/microscopemedia.com\/index.php?rest_route=\/wp\/v2\/users\/1"}],"replies":[{"embeddable":true,"href":"https:\/\/microscopemedia.com\/index.php?rest_route=%2Fwp%2Fv2%2Fcomments&post=711043"}],"version-history":[{"count":0,"href":"https:\/\/microscopemedia.com\/index.php?rest_route=\/wp\/v2\/posts\/711043\/revisions"}],"wp:featuredmedia":[{"embeddable":true,"href":"https:\/\/microscopemedia.com\/index.php?rest_route=\/wp\/v2\/media\/711044"}],"wp:attachment":[{"href":"https:\/\/microscopemedia.com\/index.php?rest_route=%2Fwp%2Fv2%2Fmedia&parent=711043"}],"wp:term":[{"taxonomy":"category","embeddable":true,"href":"https:\/\/microscopemedia.com\/index.php?rest_route=%2Fwp%2Fv2%2Fcategories&post=711043"},{"taxonomy":"post_tag","embeddable":true,"href":"https:\/\/microscopemedia.com\/index.php?rest_route=%2Fwp%2Fv2%2Ftags&post=711043"}],"curies":[{"name":"wp","href":"https:\/\/api.w.org\/{rel}","templated":true}]}}