{"id":711047,"date":"2026-09-01T11:16:03","date_gmt":"2026-09-01T11:16:03","guid":{"rendered":"https:\/\/microscopemedia.com\/?p=711047"},"modified":"2026-09-01T11:16:03","modified_gmt":"2026-09-01T11:16:03","slug":"diana-buzoianu-acuza-ca-apele-romane-au-fost-acaparate-politic-anar-a-devenit-un-sistem-vulnerabil-condus-mai-degraba-la-comanda-politica","status":"publish","type":"post","link":"https:\/\/microscopemedia.com\/?p=711047","title":{"rendered":"Diana Buzoianu acuz\u0103 c\u0103 Apele Rom\u00e2ne au fost \u201eacaparate politic\u201d: ANAR a devenit un sistem vulnerabil, condus mai degrab\u0103 la comand\u0103 politic\u0103"},"content":{"rendered":"<div class=\"sgb-google-buttons\">\n<div class=\"display-flex justify-center google-logo\"><img decoding=\"async\" loading=\"lazy\" class=\"mg-x-auto\" width=\"30\" height=\"30\" src=\"https:\/\/microscopemedia.com\/wp-content\/uploads\/2026\/09\/diana-buzoianu-acuza-ca-apele-romane-au-fost-acaparate-politic-anar-a-devenit-un-sistem-vulnerabil-condus-mai-degraba-la-comanda-politica.png\" alt><\/div>\n<\/p><\/div>\n<p id=\"p-0\">Administra\u021bia Na\u021bional\u0103 \u201eApele Rom\u00e2ne\u201d (ANAR) a devenit un sistem vulnerabil, condus de prea mult timp mai degrab\u0103 la comand\u0103 politic\u0103, f\u0103r\u0103 destule m\u0103suri \u00eempotriva celor care au ignorat ilegalit\u0103\u021bi cu prejudicii de zeci de milioane de lei pentru Rom\u00e2nia, a declarat, mar\u021bi, ministra Mediului, Diana Buzoianu.<\/p>\n<p id=\"p-1\">Ea a prezentat rezultatele unui raport al Corpului de Control privind situa\u021bia din zona Olt.<\/p>\n<p class=\"isSelectedEnd\" id=\"p-2\">\u201eANAR a devenit un sistem vulnerabil, condus de prea mult timp mai degrab\u0103 la comand\u0103 politic\u0103, f\u0103r\u0103 mari semne de r\u0103spundere din partea celor care \u00eentorc ochii la ilegalit\u0103\u021bi cu prejudicii de zeci de milioane de lei pentru Rom\u00e2nia. Raportul Corpului de Control pe situa\u021bia de la Olt tocmai a fost, acum o s\u0103pt\u0103m\u00e2n\u0103, venit la Ministerul Mediului (\u2026) Aici poate s\u0103 par\u0103 c\u0103 este o form\u0103 de relief, poate s\u0103 par\u0103 c\u0103 este un lac. De fapt aici, s-a creat un lac de unde toat\u0103 zona era p\u0103m\u00e2nt prin extragere de agregate complet ilegal, f\u0103r\u0103 niciun fel de autoriza\u021bie. Acest lac creat pe 75 de hectare este un lac creat cu \u00eenc\u0103lcarea tuturor legisla\u021biilor, f\u0103r\u0103 niciun fel de autoriza\u021bie. Pentru acest lac, \u00een ultimii 15 ani, nu s-a realizat niciun fel de control\u201d, a declarat ministra.<\/p>\n<p class=\"isSelectedEnd\" id=\"p-3\">\u201eSistemul pentru Gospod\u0103rirea Apelor de la nivel local, directorul de la nivelul Administra\u021biei Bazinale, directorul de la nivelul Sistemului de Gospod\u0103rire a Apelor, inspectorii care trebuiau s\u0103 se ocupe de control, nu au f\u0103cut niciun control la Mineralport, compania care practic a s\u0103pat toat\u0103 aceast\u0103 zon\u0103. A luat peste cinci milioane de metri cubi de agregate ilegal, a adus un prejudiciu pentru Rom\u00e2nia numai pe agregate de peste 10 milioane de lei. Nu mai vorbim de ap\u0103\u2026\u201d, a declarat Buzoianu.<\/p>\n<h2 id=\"chapter-0\">Pu\u021bine controale \u0219i sanc\u021biuni<\/h2>\n<p class=\"isSelectedEnd\" id=\"p-4\">Potrivit ministrei Mediului, la nivelul Administra\u021biei Bazinale Olt au fost f\u0103cute controale privind exploatarea agregatelor \u00een perioada 2019-2026, \u00eens\u0103 sanc\u021biunile au fost pu\u021bine.<\/p>\n<p id=\"p-5\">\u00cen anul 2019 au fost realizate 12 controale, iar \u00een 2020 tot acela\u0219i num\u0103r. \u00cen 2021 au fost f\u0103cute dou\u0103 controale, iar \u00een 2022, cinci controale. \u00cen anul 2023 au fost realizate zece verific\u0103ri, iar \u00een 2024, 12 verific\u0103ri.<\/p>\n<p class=\"isSelectedEnd\" id=\"p-6\">\u00cen 2025 au fost efectuate zece controale \u0219i a fost aplicat\u0103 o singur\u0103 sanc\u021biune, \u00een valoare de 40.000 de lei. \u00cen 2026 au fost \u00eentocmite cinci procese-verbale, iar pentru dou\u0103 dintre acestea au fost aplicate deja amenzi \u00een valoare total\u0103 de 115.000 de lei.<\/p>\n<p id=\"p-7\">Buzoianu a spus c\u0103, \u00een cazul companiilor Mineralport \u0219i Pond Star, exploat\u0103rile ilegale \u201e\u00eensumeaz\u0103 \u00een total 100 de hectare\u201d \u0219i ar fi produs Rom\u00e2niei prejudicii de \u201ezeci de milioane de lei\u201d.<\/p>\n<p id=\"p-8\">\u201eAu fost realizate mai multe controale. A\u0219 vrea doar s\u0103 men\u021bionez c\u0103 pentru cele dou\u0103 companii care au fost verificate, Mineralport \u0219i Pond Star, \u00eensumeaz\u0103 \u00een total 100 de hectare pe care s-a f\u0103cut exploatare de agregate ilegal cu \u00eenc\u0103lcarea tuturor normelor, cu prejudicii de zeci de milioane pentru Rom\u00e2nia (\u2026) Pe scurt, Administra\u021bia Bazinal\u0103 Olt \u0219i Sistemul de Gospod\u0103rire a Apelor Olt, \u00eentre 2010 \u0219i 2021, deci timp de 11 ani de zile, nu au f\u0103cut niciun control la Pond Star, una dintre companiile care erau responsabile pentru agregatele ilegale pe 25 de hectare (\u2026) La Mineralport situa\u021bia este tot la fel. S-a ajuns \u00een punctul \u00een care nu au f\u0103cut din 2011 p\u00e2n\u0103 \u00een 2026 nici m\u0103car un control\u201d, a afirmat ministra Mediului.<\/p>\n<h2 id=\"chapter-1\">Disput\u0103 privind conducerea Administra\u021biei Bazinale Olt<\/h2>\n<p class=\"isSelectedEnd\" id=\"p-9\">Raportul Corpului de Control al Ministerului Mediului a fost transmis c\u0103tre ANAR. Mandatul M\u0103d\u0103linei Ion-Duca, director general al Administra\u021biei Bazinale Olt, care urma s\u0103 expire pe 2 septembrie, este alt subiect abordat de Buzoianu.<\/p>\n<p id=\"p-10\">Ea a spus c\u0103, fiind vorba despre o numire temporar\u0103, mandatul putea fi \u00eenlocuit sau prelungit. Potrivit acesteia, \u00een urma constat\u0103rilor Corpului de Control, care a recomandat m\u0103suri disciplinare, conducerea ANAR ar fi propus \u00eenlocuirea directoarei.<\/p>\n<p class=\"isSelectedEnd\" id=\"p-11\">\u201eM\u00e2ine (miercuri, 2 septembrie 2026, n.r.) \u00eei expir\u0103 mandatul doamnei M\u0103d\u0103lina Ion-Duca, \u00een calitate de director general pentru Administra\u021bia Bazinal\u0103 Olt. \u00cen mod normal, fiind o numire temporar\u0103, trebuie s\u0103 fie numit altcineva sau, evident, exista \u0219i posibilitatea s\u0103 fie prelungit (mandatul, n.r.).<\/p>\n<p class=\"isSelectedEnd\" id=\"p-12\">Av\u00e2nd \u00een vedere toate aceste ilegalit\u0103\u021bi care au fost g\u0103site, Corpul de Control care spune foarte clar c\u0103 trebuie s\u0103 fie luate m\u0103suri disciplinare \u00eempotriva acestor oameni, evident, directorii generali de la nivel ANAR au propus \u00eenlocuirea de m\u00e2ine a acestei doamne cu o alt\u0103 persoan\u0103 care s\u0103 poat\u0103 s\u0103 preia inclusiv m\u0103surile de verificare \u0219i de sanc\u021bionare la nivel local a oamenilor responsabili de aceste ilegalit\u0103\u021bi.<\/p>\n<p class=\"isSelectedEnd\" id=\"p-13\">R\u0103spunsul juridic din interiorul ANAR, al domnului C\u0103t\u0103lin Caloian, este c\u0103 nu exist\u0103 nicio alt\u0103 versiune legal\u0103 dec\u00e2t s\u0103-i fie prelungit mandatul doamnei M\u0103d\u0103lina Ion-Duca. Deci, domnul C\u0103t\u0103lin Caloian, \u0219ef serviciu juridic la ANAR, argumenteaz\u0103 c\u0103 un om care a fost prins ignor\u00e2nd complet aceste ilegalit\u0103\u021bi este singurul om c\u0103ruia i se mai poate prelungi mandatul, s\u0103 fie director \u00een continuare la Administra\u021bia Bazinal\u0103 Olt\u201d, a sus\u021binut Buzoianu.<\/p>\n<p id=\"p-14\">Aceasta a mai spus c\u0103 \u201efavorizarea \u00een felul acesta, prin folosirea func\u021biei, este \u00eenc\u0103 o dovad\u0103 c\u0103 aceast\u0103 institu\u021bie a fost acaparat\u0103 cu totul politic \u0219i sigur \u00een cazul de fa\u021b\u0103 avem reprezentan\u021bi PSD care sunt acolo\u201d.<\/p>\n","protected":false},"excerpt":{"rendered":"<p>Administra\u021bia Na\u021bional\u0103 \u201eApele Rom\u00e2ne\u201d (ANAR) a devenit un sistem vulnerabil, condus de prea mult timp mai degrab\u0103 la comand\u0103 politic\u0103, f\u0103r\u0103 destule m\u0103suri \u00eempotriva celor care au ignorat ilegalit\u0103\u021bi cu &hellip; <a href=\"https:\/\/microscopemedia.com\/?p=711047\" class=\"more-link\">Read More<\/a><\/p>\n","protected":false},"author":1,"featured_media":711048,"comment_status":"closed","ping_status":"closed","sticky":false,"template":"Default","format":"standard","meta":[],"categories":[1],"tags":[],"_links":{"self":[{"href":"https:\/\/microscopemedia.com\/index.php?rest_route=\/wp\/v2\/posts\/711047"}],"collection":[{"href":"https:\/\/microscopemedia.com\/index.php?rest_route=\/wp\/v2\/posts"}],"about":[{"href":"https:\/\/microscopemedia.com\/index.php?rest_route=\/wp\/v2\/types\/post"}],"author":[{"embeddable":true,"href":"https:\/\/microscopemedia.com\/index.php?rest_route=\/wp\/v2\/users\/1"}],"replies":[{"embeddable":true,"href":"https:\/\/microscopemedia.com\/index.php?rest_route=%2Fwp%2Fv2%2Fcomments&post=711047"}],"version-history":[{"count":0,"href":"https:\/\/microscopemedia.com\/index.php?rest_route=\/wp\/v2\/posts\/711047\/revisions"}],"wp:featuredmedia":[{"embeddable":true,"href":"https:\/\/microscopemedia.com\/index.php?rest_route=\/wp\/v2\/media\/711048"}],"wp:attachment":[{"href":"https:\/\/microscopemedia.com\/index.php?rest_route=%2Fwp%2Fv2%2Fmedia&parent=711047"}],"wp:term":[{"taxonomy":"category","embeddable":true,"href":"https:\/\/microscopemedia.com\/index.php?rest_route=%2Fwp%2Fv2%2Fcategories&post=711047"},{"taxonomy":"post_tag","embeddable":true,"href":"https:\/\/microscopemedia.com\/index.php?rest_route=%2Fwp%2Fv2%2Ftags&post=711047"}],"curies":[{"name":"wp","href":"https:\/\/api.w.org\/{rel}","templated":true}]}}