{"id":711053,"date":"2026-09-01T11:56:03","date_gmt":"2026-09-01T11:56:03","guid":{"rendered":"https:\/\/microscopemedia.com\/?p=711053"},"modified":"2026-09-01T11:56:03","modified_gmt":"2026-09-01T11:56:03","slug":"adio-veto-romania-si-alte-10-state-vor-o-revolutie-in-politica-externa-a-ue","status":"publish","type":"post","link":"https:\/\/microscopemedia.com\/?p=711053","title":{"rendered":"Adio, Veto! Rom\u00e2nia \u0219i alte 10 state vor o revolu\u021bie \u00een politica extern\u0103 a UE"},"content":{"rendered":"<div class=\"sgb-google-buttons\">\n<div class=\"display-flex justify-center google-logo\"><img decoding=\"async\" loading=\"lazy\" class=\"mg-x-auto\" width=\"30\" height=\"30\" src=\"https:\/\/microscopemedia.com\/wp-content\/uploads\/2026\/09\/adio-veto-romania-si-alte-10-state-vor-o-revolutie-in-politica-externa-a-ue.png\" alt><\/div>\n<\/p><\/div>\n<p id=\"p-0\"><span dir=\"auto\"><strong>Austria, Danemarca, Belgia, Finlanda, Fran\u021ba, Germania, Luxemburg, Olanda, Rom\u00e2nia, Spania \u0219i Suedia<\/strong> insist\u0103 s\u0103 exploreze ideea <span><strong><a href=\"https:\/\/www.mediafax.ro\/externe\/opt-tari-vor-sa-impiedice-blocarea-politicii-externe-a-ue-de-catre-un-singur-stat-exemplul-invocat-ungaria-23799499\">trecerii de la unanimitate la majoritate calificat\u0103 \u00een politica extern\u0103 a UE<\/a><\/strong><\/span>, transmite ast\u0103zi <strong><a href=\"https:\/\/www.euronews.com\/my-europe\/2026\/09\/01\/11-eu-countries-demand-end-to-obstructive-vetoes-on-foreign-policy\">presa european\u0103<\/a>.<\/strong><\/span><\/p>\n<p id=\"p-1\"><span dir=\"auto\">Un grup de 11 \u021b\u0103ri ale Uniunii Europene \u0219i-a unit for\u021bele pentru a cere \u00eencetarea vetourilor \u201eobstructive\u201d care au paralizat ac\u021biunea extern\u0103 a blocului comunitar \u00een ultimii ani, argument\u00e2nd c\u0103 principiul cooper\u0103rii sincere trebuie s\u0103 aib\u0103 prioritate.<\/span><\/p>\n<h2 id=\"chapter-0\">Rom\u00e2nia a semnat scrisoarea<\/h2>\n<p id=\"p-2\"><span dir=\"auto\">\u201eCultura consensului a Uniunii este o surs\u0103 important\u0103 a legitimit\u0103\u021bii sale. Prin urmare, continu\u0103m s\u0103 depunem eforturi pentru consens oriunde este posibil\u201d, spun \u021b\u0103rile \u00eentr-o scrisoare adresat\u0103 \u00cenaltului Reprezentant Kaja Kallas \u0219i v\u0103zut\u0103 de Euronews.<\/span><span dir=\"auto\">\u201eDar trebuie s\u0103 ne asigur\u0103m, de asemenea, c\u0103 aceast\u0103 cultur\u0103 a consensului \u00eencurajeaz\u0103 ac\u021biunea comun\u0103, \u00een loc s\u0103 o \u00eempiedice \u2013 altfel vom avea legitimitate, dar nu \u0219i for\u021b\u0103.\u201d<\/span><span dir=\"auto\">Austria, Danemarca, Belgia, Finlanda, Fran\u021ba, Germania, Luxemburg, Olanda, Rom\u00e2nia, Spania \u0219i Suedia au semnat scrisoarea. Germania, cel mai mare stat membru,&nbsp;<\/span><a href=\"https:\/\/www.euronews.com\/my-europe\/2026\/05\/07\/germany-calls-for-end-to-eu-unanimity-rule-to-stop-decision-making-standstill\"><span dir=\"auto\">a condus apelurile<\/span><\/a><span dir=\"auto\">&nbsp;pentru reforma politicii externe a blocului comunitar.<\/span><\/p>\n<h2 id=\"chapter-1\">Un stat nu mai poate bloca toat\u0103 UE<\/h2>\n<p id=\"p-3\"><span dir=\"auto\">\u201eAc\u021biunea extern\u0103 a Uniunii se confrunt\u0103 cu un peisaj fundamental schimbat, modelat de concuren\u021ba strategic\u0103, instabilitatea cresc\u00e2nd\u0103 \u0219i \u00eencerc\u0103rile de a submina ordinea interna\u021bional\u0103 bazat\u0103 pe reguli\u201d, scriu ace\u0219tia \u00een documentul, trimis \u0219i statelor membre care nu au semnat.<\/span><span dir=\"auto\">\u201e\u00cen acest context, capacitatea Uniunii de a-\u0219i ap\u0103ra valorile \u0219i interesele depinde de posibilitatea acesteia de a-\u0219i mobiliza rapid \u0219i eficient greutatea politic\u0103, economic\u0103 \u0219i diplomatic\u0103 colectiv\u0103.\u201d<\/span><span dir=\"auto\">Conform normelor UE, politica extern\u0103 este strict guvernat\u0103 de unanimitate, ceea ce \u00eenseamn\u0103 c\u0103 o singur\u0103 \u021bar\u0103 poate, \u00een orice moment, s\u0103 \u201elege m\u00e2inile\u201d celorlalte 26 de state membre.<\/span><\/p>\n<h2 id=\"chapter-2\">Precedente \u0219i \u00eengrijor\u0103ri<\/h2>\n<p id=\"p-4\"><span dir=\"auto\">Acest tipar s-a repetat \u00een mod repetat \u00een timpul mandatului de 16 ani al prim-ministrului ungar Viktor Orb\u00e1n. \u00cenainte de a pierde puterea \u00een aprilie, Orb\u00e1n \u0219i-a indignat \u00een mod regulat colegii folosindu-\u0219i puterea de veto pentru a ob\u021bine concesii \u0219i a-\u0219i promova interesele.<\/span><span dir=\"auto\">La \u00eenceputul acestui an, el a declan\u0219at o criz\u0103 f\u0103r\u0103 precedent c\u00e2nd a blocat brusc un&nbsp;<\/span><a href=\"https:\/\/www.euronews.com\/my-europe\/2026\/04\/23\/eu-approves-90-billion-loan-for-ukraine-after-hungary-lifts-controversial-veto\"><span dir=\"auto\">\u00eemprumut de 90 de miliarde de euro<\/span><\/a><span dir=\"auto\">&nbsp;pentru Ucraina, aprobat personal de liderii UE, din cauza unei dispute f\u0103r\u0103 leg\u0103tur\u0103 cu Kievul care implic\u0103 conducta de petrol Drujba.<\/span><\/p>\n<h2 id=\"chapter-3\"><span dir=\"auto\">Schimbarea<\/span><\/h2>\n<p id=\"p-5\"><span dir=\"auto\">Pe baza lec\u021biilor \u00eenv\u0103\u021bate din anii lui Orb\u00e1n, semnatarii stabilesc cinci principii care, \u00een opinia lor, ar trebui s\u0103 ghideze \u0219i s\u0103 \u00eembun\u0103t\u0103\u021beasc\u0103 politica extern\u0103 comun\u0103 a blocului comunitar:<\/span><\/p>\n<ul>\n<li><span dir=\"auto\">S\u0103 sus\u021bin\u0103 principiile cooper\u0103rii sincere \u0219i solidarit\u0103\u021bii reciproce<\/span><\/li>\n<li><span dir=\"auto\">Cre\u0219terea utiliz\u0103rii ab\u021binerilor constructive pentru a \u00eenlocui vetourile<\/span><\/li>\n<li><span dir=\"auto\">Ab\u021binerea de a lega deciziile de politic\u0103 extern\u0103 de aspecte \u201esubstan\u021bial f\u0103r\u0103 leg\u0103tur\u0103\u201d<\/span><\/li>\n<li><span dir=\"auto\">Explorarea op\u021biunilor din cadrul tratatelor UE pentru a trece de la unanimitate la majoritate calificat\u0103<\/span><\/li>\n<li><span dir=\"auto\">Furniza\u021bi \u201emotive vitale \u00eentemeiate\u201d pentru a bloca o astfel de mi\u0219care<\/span><\/li>\n<\/ul>\n<p id=\"p-6\"><span dir=\"auto\">\u201eCadrul legal pentru toate cele cinci principii este deja \u00een vigoare. Depinde exclusiv de noi s\u0103 le punem \u00een practic\u0103 \u0219i, astfel, s\u0103 ne promov\u0103m politica extern\u0103\u201d, se arat\u0103 \u00een scrisoare.<\/span><\/p>\n<p id=\"p-7\"><span dir=\"auto\">Ideea activ\u0103rii a\u0219a-numitei \u201e<span><strong><a href=\"https:\/\/eur-lex.europa.eu\/EN\/legal-content\/glossary\/passerelle-clauses.html\">clauze pasarele<\/a><\/strong><\/span>\u201d din Articolul 31 pentru a trece de la votul cu unanimitate la votul cu majoritate calificat\u0103 a fost o dezbatere de lung\u0103 durat\u0103 la Bruxelles, care <\/span><a href=\"https:\/\/www.euronews.com\/my-europe\/2023\/05\/04\/nine-eu-countries-join-forces-to-reform-voting-rules-on-foreign-policy-and-dent-veto-power\"><span dir=\"auto\">a c\u0103p\u0103tat importan\u021b\u0103<\/span><\/a><span dir=\"auto\">&nbsp;\u00een urma r\u0103zboiului Rusiei \u00eempotriva Ucrainei.<\/span><\/p>\n<p id=\"p-8\"><span dir=\"auto\">Schimbarea s-ar putea face de la caz la caz, mai degrab\u0103 dec\u00e2t dintr-o dat\u0103. (Germania, de exemplu,&nbsp;<\/span><a href=\"https:\/\/www.euronews.com\/my-europe\/2026\/07\/23\/no-real-sense-of-direction-eu-struggling-to-find-path-to-sanctioning-israeli-settlements\"><span dir=\"auto\">se opune utiliz\u0103rii unanimit\u0103\u021bii<\/span><\/a><span dir=\"auto\">&nbsp;\u00een ceea ce prive\u0219te comer\u021bul cu a\u0219ez\u0103rile israeliene.)<\/span><\/p>\n<p id=\"p-9\"><span dir=\"auto\">Sus\u021bin\u0103torii spun c\u0103 acest lucru ar accelera procesul decizional \u0219i ar evita vetourile inutile, \u00een timp ce oponen\u021bii spun c\u0103 ar submina legitimitatea democratic\u0103. Statele membre mici consider\u0103 vetoul un instrument util de ultim\u0103 instan\u021b\u0103 pentru a-\u0219i ap\u0103ra opiniile \u0219i interesele \u00eempotriva influen\u021bei majoritare a membrilor mai mari. Niciuna dintre \u021b\u0103rile baltice nu a semnat ini\u021biativa.<\/span><\/p>\n<p id=\"p-10\"><span dir=\"auto\">\u201eClauza pasarel\u0103\u201d a fost descris\u0103 ca o&nbsp;<\/span><a href=\"https:\/\/www.euronews.com\/my-europe\/2023\/06\/13\/the-eu-has-the-tools-to-move-from-unanimity-to-qualified-majority-but-its-a-classic-catch-\"><span dir=\"auto\">situa\u021bie dificil\u0103<\/span><\/a><span dir=\"auto\">&nbsp;, deoarece trecerea de la unanimitate la majoritate calificat\u0103 ar necesita unanimitate, ceea ce \u00eenseamn\u0103 c\u0103 adversarii ar fi siguri c\u0103 vor c\u00e2\u0219tiga b\u0103t\u0103lia. Scrisoarea comun\u0103 solicit\u0103 consult\u0103ri \u201esemnificative\u201d pentru a aborda o poten\u021bial\u0103 disput\u0103 \u0219i a ajunge la un compromis.<\/span><span dir=\"auto\">Eforturile de revizuire a politicii externe a UE au c\u00e2\u0219tigat teren dup\u0103 \u00eenfr\u00e2ngerea lui Orb\u00e1n, pe care mul\u021bi o v\u0103d ca pe o oportunitate nepre\u021buit\u0103 ce s-ar putea \u00eenchide dac\u0103 Marine Le Pen, o eurosceptic\u0103 convins\u0103, c\u00e2\u0219tig\u0103 alegerile preziden\u021biale franceze de anul viitor.<\/span><\/p>\n<p id=\"p-11\"><span dir=\"auto\">Germania \u0219i Fran\u021ba&nbsp;<\/span><a href=\"https:\/\/www.euronews.com\/my-europe\/2026\/08\/31\/germany-and-france-float-plan-to-bring-kallas-under-von-der-leyens-supervision\"><strong><span dir=\"auto\">au lansat un plan<\/span><\/strong><\/a><span dir=\"auto\">&nbsp;care a<span><strong><a href=\"https:\/\/www.mediafax.ro\/stirile-zilei\/politico-franta-si-germania-propun-o-reforma-a-politicii-externe-a-ue-chestionar-trimis-catre-toate-statele-23799071\">r consolida rolul \u00cenaltei Reprezentante, Kaja Kallas, dar ar plasa-o sub supravegherea direct\u0103 a pre\u0219edintelui Comisiei Europene<\/a><\/strong><\/span>, Ursula von der Leyen.<\/span><\/p>\n","protected":false},"excerpt":{"rendered":"<p>Austria, Danemarca, Belgia, Finlanda, Fran\u021ba, Germania, Luxemburg, Olanda, Rom\u00e2nia, Spania \u0219i Suedia insist\u0103 s\u0103 exploreze ideea trecerii de la unanimitate la majoritate calificat\u0103 \u00een politica extern\u0103 a UE, transmite ast\u0103zi &hellip; <a href=\"https:\/\/microscopemedia.com\/?p=711053\" class=\"more-link\">Read More<\/a><\/p>\n","protected":false},"author":1,"featured_media":711054,"comment_status":"closed","ping_status":"closed","sticky":false,"template":"Default","format":"standard","meta":[],"categories":[1],"tags":[],"_links":{"self":[{"href":"https:\/\/microscopemedia.com\/index.php?rest_route=\/wp\/v2\/posts\/711053"}],"collection":[{"href":"https:\/\/microscopemedia.com\/index.php?rest_route=\/wp\/v2\/posts"}],"about":[{"href":"https:\/\/microscopemedia.com\/index.php?rest_route=\/wp\/v2\/types\/post"}],"author":[{"embeddable":true,"href":"https:\/\/microscopemedia.com\/index.php?rest_route=\/wp\/v2\/users\/1"}],"replies":[{"embeddable":true,"href":"https:\/\/microscopemedia.com\/index.php?rest_route=%2Fwp%2Fv2%2Fcomments&post=711053"}],"version-history":[{"count":0,"href":"https:\/\/microscopemedia.com\/index.php?rest_route=\/wp\/v2\/posts\/711053\/revisions"}],"wp:featuredmedia":[{"embeddable":true,"href":"https:\/\/microscopemedia.com\/index.php?rest_route=\/wp\/v2\/media\/711054"}],"wp:attachment":[{"href":"https:\/\/microscopemedia.com\/index.php?rest_route=%2Fwp%2Fv2%2Fmedia&parent=711053"}],"wp:term":[{"taxonomy":"category","embeddable":true,"href":"https:\/\/microscopemedia.com\/index.php?rest_route=%2Fwp%2Fv2%2Fcategories&post=711053"},{"taxonomy":"post_tag","embeddable":true,"href":"https:\/\/microscopemedia.com\/index.php?rest_route=%2Fwp%2Fv2%2Ftags&post=711053"}],"curies":[{"name":"wp","href":"https:\/\/api.w.org\/{rel}","templated":true}]}}