{"id":711067,"date":"2026-09-01T13:46:03","date_gmt":"2026-09-01T13:46:03","guid":{"rendered":"https:\/\/microscopemedia.com\/?p=711067"},"modified":"2026-09-01T13:46:03","modified_gmt":"2026-09-01T13:46:03","slug":"mediafax-aniverseaza-35-de-ani-35-de-ani-de-stiri-35-de-ani-de-istorie","status":"publish","type":"post","link":"https:\/\/microscopemedia.com\/?p=711067","title":{"rendered":"Mediafax aniverseaz\u0103 35 de ani: 35 de ani de \u0219tiri, 35 de ani de istorie"},"content":{"rendered":"<div class=\"sgb-google-buttons\">\n<div class=\"display-flex justify-center google-logo\"><img decoding=\"async\" loading=\"lazy\" class=\"mg-x-auto\" width=\"30\" height=\"30\" src=\"https:\/\/microscopemedia.com\/wp-content\/uploads\/2026\/09\/mediafax-aniverseaza-35-de-ani-35-de-ani-de-stiri-35-de-ani-de-istorie.png\" alt><\/div>\n<\/p><\/div>\n<p id=\"p-0\">Sunt 35 de ani de c\u00e2nd Mediafax relateaz\u0103 istoria \u00een timp real.<\/p>\n<p id=\"p-1\">\u00cen 1991, \u00eentr-o Rom\u00e2nie care \u00ee\u0219i construia institu\u021biile democratice \u0219i descoperea libertatea presei, lua na\u0219tere Mediafax, prima agen\u021bie de pres\u0103 independent\u0103 din Rom\u00e2nia.<\/p>\n<p id=\"p-2\">\u00cen acela\u0219i an, Rom\u00e2nia adopta o nou\u0103 Constitu\u021bie. Uniunea Sovietic\u0103 se destr\u0103ma. Europa se redesena. Lumea intra \u00eentr-o nou\u0103 epoc\u0103.<\/p>\n<p id=\"p-3\">\u00cencepea, \u00een acela\u0219i timp, \u0219i povestea Mediafax.<\/p>\n<p id=\"p-4\">De atunci, genera\u021bii de jurnali\u0219ti Mediafax au fost martorii celor mai importante momente care au schimbat Rom\u00e2nia \u0219i lumea. Au relatat schimb\u0103ri de pre\u0219edin\u021bi \u0219i de guverne, aderarea Rom\u00e2niei la NATO \u0219i Uniunea European\u0103, r\u0103zboaie \u0219i crize economice, proteste \u0219i tragedii, victorii sportive \u0219i performan\u021be care au f\u0103cut o \u021bar\u0103 \u00eentreag\u0103 s\u0103 se bucure.<\/p>\n<p id=\"p-5\">Au relatat o pandemie care a oprit lumea \u0219i un r\u0103zboi care a ajuns la grani\u021ba Rom\u00e2niei.<\/p>\n<p id=\"p-6\">Au relatat istoria \u00een timp ce se \u00eent\u00e2mpla.<\/p>\n<h2 id=\"chapter-0\"><strong>35 de ani. 35 de momente.<\/strong><\/h2>\n<p id=\"p-7\">Privit\u0103 prin \u0219tirile ultimelor trei decenii \u0219i jum\u0103tate, Rom\u00e2nia anului 2026 este o \u021bar\u0103 profund diferit\u0103 de cea \u00een care ap\u0103rea Mediafax \u00een 1991.<\/p>\n<p id=\"p-8\"><strong>1991 \u2013 Rom\u00e2nia adopt\u0103 o nou\u0103 Constitu\u021bie. Se na\u0219te Mediafax.<\/strong><\/p>\n<p id=\"p-9\">\u00cencepe construc\u021bia institu\u021bional\u0103 a Rom\u00e2niei democratice \u0219i, odat\u0103 cu ea, povestea primei agen\u021bii de pres\u0103 independente din \u021bar\u0103.<\/p>\n<p id=\"p-10\"><strong>1992 \u2013 Regele Mihai revine \u00een Rom\u00e2nia.<\/strong><\/p>\n<p id=\"p-11\">La prima sa vizit\u0103 \u00een \u021bar\u0103 dup\u0103 Revolu\u021bie, sute de mii de oameni ies \u00een strad\u0103 pentru a-l \u00eent\u00e2mpina.<\/p>\n<p id=\"p-12\"><strong>1993 \u2013 Rom\u00e2nia intr\u0103 \u00een Consiliul Europei.<\/strong><\/p>\n<p id=\"p-13\">Un pas major c\u0103tre integrarea \u00een familia democra\u021biilor europene.<\/p>\n<p id=\"p-14\"><strong>1994 \u2013 Genera\u021bia de Aur cucere\u0219te America.<\/strong><\/p>\n<p id=\"p-15\">Rom\u00e2nia ajunge \u00een sferturile Campionatului Mondial de fotbal din SUA, cea mai mare performan\u021b\u0103 din istoria na\u021bionalei la un Mondial.<\/p>\n<p id=\"p-16\"><strong>1995 \u2013 Rom\u00e2nia \u00ee\u0219i asum\u0103 drumul european.<\/strong><\/p>\n<p id=\"p-17\">Cererea de aderare la Uniunea European\u0103 \u0219i consensul politic de la Snagov transform\u0103 integrarea european\u0103 \u00eentr-un proiect strategic na\u021bional.<\/p>\n<p id=\"p-18\"><strong>1996 \u2013 Prima alternan\u021b\u0103 democratic\u0103 la putere.<\/strong><\/p>\n<p id=\"p-19\">Pentru prima dat\u0103 dup\u0103 Revolu\u021bie, puterea politic\u0103 se schimb\u0103 prin vot.<\/p>\n<p id=\"p-20\"><strong>1997 \u2013 Bill Clinton vine la Bucure\u0219ti.<\/strong><\/p>\n<p id=\"p-21\">Vizita pre\u0219edintelui american \u0219i lansarea Parteneriatului Strategic Rom\u00e2nia\u2013SUA marcheaz\u0103 decisiv orientarea occidental\u0103 a \u021b\u0103rii.<\/p>\n<p id=\"p-22\"><strong>1998 \u2013 Integrarea european\u0103 devine un proces concret.<\/strong><\/p>\n<p id=\"p-23\">Rom\u00e2nia intr\u0103 \u00eentr-o etap\u0103 tot mai intens\u0103 de evaluare \u0219i reform\u0103 \u00een preg\u0103tirea ader\u0103rii la Uniunea European\u0103.<\/p>\n<p id=\"p-24\"><strong>1999 \u2013 Papa Ioan Paul al II-lea viziteaz\u0103 Rom\u00e2nia.<\/strong><\/p>\n<p id=\"p-25\">Este prima vizit\u0103 a unui Suveran Pontif \u00eentr-o \u021bar\u0103 majoritar ortodox\u0103, un moment simbolic al dialogului dintre Est \u0219i Vest.<\/p>\n<p id=\"p-26\"><strong>2000 \u2013 Rom\u00e2nia intr\u0103 \u00eentr-un nou mileniu.<\/strong><\/p>\n<p id=\"p-27\">Ion Iliescu revine la Cotroceni dup\u0103 o final\u0103 preziden\u021bial\u0103 care reflect\u0103 tensiunile \u0219i transform\u0103rile primului deceniu postcomunist.<\/p>\n<p id=\"p-28\"><strong>2001 \u2013 11 septembrie schimb\u0103 lumea.<\/strong><\/p>\n<p id=\"p-29\">Atentatele din Statele Unite deschid o nou\u0103 epoc\u0103 geopolitic\u0103 \u0219i de securitate, \u00een care Rom\u00e2nia \u00ee\u0219i consolideaz\u0103 parteneriatul cu SUA.<\/p>\n<p id=\"p-30\"><strong>2002 \u2013 Rom\u00e2nia prime\u0219te invita\u021bia de aderare la NATO.<\/strong><\/p>\n<p id=\"p-31\">George W. Bush vine la Bucure\u0219ti, iar Rom\u00e2nia face unul dintre pa\u0219ii decisivi c\u0103tre integrarea euroatlantic\u0103.<\/p>\n<p id=\"p-32\"><strong>2003 \u2013 Rom\u00e2nia \u00ee\u0219i revizuie\u0219te Constitu\u021bia.<\/strong><\/p>\n<p id=\"p-33\">Cadrul constitu\u021bional este adaptat inclusiv noii perspective europene \u0219i euroatlantice.<\/p>\n<p id=\"p-34\"><strong>2004 \u2013 Rom\u00e2nia intr\u0103 \u00een NATO.<\/strong><\/p>\n<p id=\"p-35\">Unul dintre cele mai importante obiective strategice asumate dup\u0103 1989 devine realitate.<\/p>\n<p id=\"p-36\"><strong>2005 \u2013 Rom\u00e2nia semneaz\u0103 Tratatul de aderare la UE.<\/strong><\/p>\n<p id=\"p-37\">Integrarea european\u0103 devine practic ireversibil\u0103.<\/p>\n<p id=\"p-38\"><strong>2006 \u2013 Bucure\u0219tiul devine capitala Francofoniei.<\/strong><\/p>\n<p id=\"p-39\">Rom\u00e2nia g\u0103zduie\u0219te Summitul Francofoniei, una dintre cele mai importante reuniuni interna\u021bionale organizate la Bucure\u0219ti dup\u0103 1989.<\/p>\n<p id=\"p-40\"><strong>2007 \u2013 Rom\u00e2nia devine membr\u0103 a Uniunii Europene.<\/strong><\/p>\n<p id=\"p-41\">La 1 ianuarie \u00eencepe una dintre cele mai importante transform\u0103ri economice, sociale \u0219i politice din istoria recent\u0103 a \u021b\u0103rii.<\/p>\n<p id=\"p-42\"><strong>2008 \u2013 Criza financiar\u0103 schimb\u0103 lumea.<\/strong><\/p>\n<p id=\"p-43\">Economia global\u0103 intr\u0103 \u00een cea mai grav\u0103 criz\u0103 din ultimele decenii. Tot \u00een 2008, Bucure\u0219tiul g\u0103zduie\u0219te summitul NATO la care particip\u0103 lideri precum George W. Bush \u0219i Vladimir Putin.<\/p>\n<p id=\"p-44\"><strong>2009 \u2013 Rom\u00e2nia, la 20 de ani de la Revolu\u021bie.<\/strong><\/p>\n<p id=\"p-45\">Un scrutin preziden\u021bial extrem de str\u00e2ns \u00eencheie primele dou\u0103 decenii ale Rom\u00e2niei postcomuniste.<\/p>\n<p id=\"p-46\"><strong>2010 \u2013 Austeritatea intr\u0103 \u00een via\u021ba rom\u00e2nilor.<\/strong><\/p>\n<p id=\"p-47\">Reducerea salariilor bugetarilor \u0219i majorarea TVA devin simbolurile sociale ale crizei economice.<\/p>\n<p id=\"p-48\"><strong>2011 \u2013 Rom\u00e2nia \u00eencepe s\u0103 ias\u0103 din criz\u0103.<\/strong><\/p>\n<p id=\"p-49\">Economia revine pe cre\u0219tere, \u00eens\u0103 efectele sociale \u0219i politice ale recesiunii \u0219i austerit\u0103\u021bii continu\u0103 s\u0103 se resimt\u0103.<\/p>\n<p id=\"p-50\"><strong>2012 \u2013 Rom\u00e2nia iese \u00een strad\u0103.<\/strong><\/p>\n<p id=\"p-51\">Protestele din ianuarie, demisia Guvernului Boc \u0219i criza politic\u0103 dintre Traian B\u0103sescu \u0219i USL fac din 2012 unul dintre cei mai tensiona\u021bi ani politici de dup\u0103 Revolu\u021bie.<\/p>\n<p id=\"p-52\"><strong>2013 \u2013 Ro\u0219ia Montan\u0103 schimb\u0103 activismul civic.<\/strong><\/p>\n<p id=\"p-53\">Protestele marcheaz\u0103 apari\u021bia unei noi genera\u021bii de mobilizare civic\u0103, amplificat\u0103 de internet \u0219i re\u021belele sociale.<\/p>\n<p id=\"p-54\"><strong>2014 \u2013 Klaus Iohannis c\u00e2\u0219tig\u0103 Pre\u0219edin\u021bia.<\/strong><\/p>\n<p id=\"p-55\">Mobilizarea din turul al doilea \u0219i votul diasporei devin elemente definitorii ale scrutinului.<\/p>\n<p id=\"p-56\"><strong>2015 \u2013 Colectiv.<\/strong><\/p>\n<p id=\"p-57\">O tragedie care schimb\u0103 Rom\u00e2nia. Incendiul din clubul Colectiv \u0219i protestele care urmeaz\u0103 duc la demisia Guvernului Victor Ponta \u0219i transform\u0103 profund discursul public despre corup\u021bie \u0219i responsabilitatea statului.<\/p>\n<p id=\"p-58\"><strong>2016 \u2013 Rom\u00e2nia, \u00eentre tehnocra\u021bie \u0219i revenirea politicii.<\/strong><\/p>\n<p id=\"p-59\">Dup\u0103 Colectiv, Rom\u00e2nia traverseaz\u0103 un an de guvernare tehnocrat\u0103, \u00eenainte ca alegerile parlamentare s\u0103 redeseneze din nou scena politic\u0103.<\/p>\n<p id=\"p-60\"><strong>2017 \u2013 OUG 13 scoate Rom\u00e2nia \u00een strad\u0103.<\/strong><\/p>\n<p id=\"p-61\">Sute de mii de oameni protesteaz\u0103 \u00een Bucure\u0219ti \u0219i \u00een marile ora\u0219e, \u00een cele mai ample manifesta\u021bii de dup\u0103 1989.<\/p>\n<p id=\"p-62\"><strong>2018 \u2013 10 august.<\/strong><\/p>\n<p id=\"p-63\">Protestul diasporei \u0219i violen\u021bele din Pia\u021ba Victoriei devin unele dintre imaginile definitorii ale conflictului dintre o parte a societ\u0103\u021bii civile \u0219i puterea politic\u0103.<\/p>\n<p id=\"p-64\"><strong>2019 \u2013 Simona Halep c\u00e2\u0219tig\u0103 Wimbledon.<\/strong><\/p>\n<p id=\"p-65\">\u00centr-o final\u0103 memorabil\u0103 \u00eempotriva Serenei Williams, Halep ob\u021bine unul dintre cele mai importante trofee din istoria sportului rom\u00e2nesc. \u00cen acela\u0219i an, Papa Francisc viziteaz\u0103 Rom\u00e2nia.<\/p>\n<p id=\"p-66\"><strong>2020 \u2013 Pandemia opre\u0219te lumea.<\/strong><\/p>\n<p id=\"p-67\">Starea de urgen\u021b\u0103, restric\u021biile, spitalele sub presiune, \u0219coala \u0219i munca mutate online schimb\u0103 radical via\u021ba de zi cu zi.<\/p>\n<p id=\"p-68\"><strong>2021 \u2013 Fo\u0219ti adversari ajung s\u0103 guverneze \u00eempreun\u0103.<\/strong><\/p>\n<p id=\"p-69\">Dup\u0103 o lung\u0103 criz\u0103 politic\u0103, se formeaz\u0103 coali\u021bia PSD\u2013PNL\u2013UDMR.<\/p>\n<p id=\"p-70\"><strong>2022 \u2013 R\u0103zboi la grani\u021ba Rom\u00e2niei.<\/strong><\/p>\n<p id=\"p-71\">Rusia invadeaz\u0103 Ucraina. Rom\u00e2nia devine stat de prim\u0103 linie pe flancul estic al NATO \u0219i una dintre principalele por\u021bi de intrare pentru refugia\u021bii ucraineni.<\/p>\n<p id=\"p-72\"><strong>2023 \u2013 Se deschide drumul c\u0103tre Schengen.<\/strong><\/p>\n<p id=\"p-73\">La finalul anului este adoptat\u0103 decizia care va elimina controalele la frontierele aeriene \u0219i maritime interne pentru Rom\u00e2nia, \u00eencep\u00e2nd din martie 2024. \u00cen acela\u0219i timp, r\u0103zboiul din Ucraina consolideaz\u0103 rolul strategic al Rom\u00e2niei la Marea Neagr\u0103.<\/p>\n<p id=\"p-74\"><strong>2024 \u2013 Un an electoral f\u0103r\u0103 precedent.<\/strong><\/p>\n<p id=\"p-75\">Ascensiunea spectaculoas\u0103 a lui C\u0103lin Georgescu \u0219i anularea procesului electoral preziden\u021bial de c\u0103tre Curtea Constitu\u021bional\u0103 produc unul dintre cele mai neobi\u0219nuite momente din istoria politic\u0103 a Rom\u00e2niei postcomuniste.<\/p>\n<p id=\"p-76\"><strong>2025 \u2013 Rom\u00e2nia devine membr\u0103 deplin\u0103 a Spa\u021biului Schengen.<\/strong><\/p>\n<p id=\"p-77\">Sunt eliminate controalele asupra persoanelor la frontierele terestre interne. La 18 ani de la aderarea la Uniunea European\u0103, Rom\u00e2nia \u00eencheie \u00eenc\u0103 o etap\u0103 major\u0103 a integr\u0103rii europene.<\/p>\n<p id=\"p-78\">De la \u0219tirea transmis\u0103 prin flux la informa\u021bia care circul\u0103 \u00een c\u00e2teva secunde<\/p>\n<p id=\"p-79\">\u00cen ace\u0219ti 35 de ani nu s-a schimbat doar Rom\u00e2nia. S-a schimbat radical \u0219i presa.<\/p>\n<p id=\"p-80\">Mediafax a traversat revolu\u021bia internetului, apari\u021bia smartphone-ului \u0219i a re\u021belelor sociale, trecerea de la ciclul tradi\u021bional al \u0219tirilor la informa\u021bia transmis\u0103 \u00een timp real \u0219i, acum, revolu\u021bia inteligen\u021bei artificiale.<\/p>\n<p id=\"p-81\">Viteza a devenit incomparabil mai mare. Sursele de informa\u021bie sunt aproape infinite. Oricine poate publica \u0219i distribui con\u021binut c\u0103tre milioane de oameni \u00een c\u00e2teva secunde.<\/p>\n<p id=\"p-82\">Tocmai de aceea, \u00eentr-o lume \u00een care informa\u021bia este abundent\u0103, jurnalismul profesionist \u0219i informa\u021bia verificat\u0103 devin mai importante, nu mai pu\u021bin importante.<\/p>\n<p id=\"p-83\">Dup\u0103 35 de ani, acesta r\u0103m\u00e2ne rolul Mediafax: s\u0103 fie acolo unde se \u00eent\u00e2mpl\u0103 lucrurile care conteaz\u0103 \u0219i s\u0103 transforme evenimentul \u00een informa\u021bie relevant\u0103 pentru public.<\/p>\n<ol start=\"2026\">\n<li><strong> Mediafax trece grani\u021ba<\/strong><\/li>\n<\/ol>\n<p id=\"p-84\">Anul aniversar nu este \u00eens\u0103 doar un moment \u00een care Mediafax prive\u0219te \u00een urm\u0103.<\/p>\n<p id=\"p-85\">Este \u0219i anul \u00een care prive\u0219te \u00eenainte.<\/p>\n<p id=\"p-86\">\u00cen 2026, Mediafax a \u00eenceput o nou\u0103 etap\u0103 de dezvoltare interna\u021bional\u0103 prin lansarea Mediafax Spania \u0219i Mediafax Italia, dou\u0103 platforme editoriale construite pentru comunit\u0103\u021bile rom\u00e2ne\u0219ti din afara \u021b\u0103rii.<\/p>\n<p id=\"p-87\">Sub conceptul \u201eAcas\u0103, oriunde ai fi\u201d, Mediafax \u00ee\u0219i propune s\u0103 creeze o leg\u0103tur\u0103 informa\u021bional\u0103 permanent\u0103 \u00eentre Rom\u00e2nia \u0219i rom\u00e2nii care tr\u0103iesc peste hotare.<\/p>\n<p id=\"p-88\">Noile platforme aduc comunit\u0103\u021bilor rom\u00e2ne\u0219ti informa\u021bia relevant\u0103 din Rom\u00e2nia \u0219i din \u021b\u0103rile \u00een care tr\u0103iesc, dar au \u0219i o alt\u0103 misiune: s\u0103 aduc\u0103 \u00een presa din Rom\u00e2nia pove\u0219tile rom\u00e2nilor din diaspora.<\/p>\n<p id=\"p-89\">Pove\u0219tile lor de succes. Problemele lor. Comunit\u0103\u021bile pe care le-au construit. Leg\u0103tura lor cu Rom\u00e2nia.<\/p>\n<p id=\"p-90\">Spania \u0219i Italia sunt doar \u00eenceputul.<\/p>\n<p id=\"p-91\">Mediafax va continua s\u0103 \u00ee\u0219i extind\u0103 prezen\u021ba \u00een diaspora, prin dezvoltarea unei re\u021bele editoriale dedicate marilor comunit\u0103\u021bi rom\u00e2ne\u0219ti din Europa \u0219i din lume.<\/p>\n<p id=\"p-92\">Pentru c\u0103 Rom\u00e2nia anului 2026 nu se mai termin\u0103 la grani\u021bele \u021b\u0103rii.<\/p>\n<p id=\"p-93\">Rom\u00e2nia este \u0219i la Madrid, Roma, Milano, Torino, Barcelona sau Valencia. Este oriunde exist\u0103 o comunitate de rom\u00e2ni care vrea s\u0103 \u0219tie ce se \u00eent\u00e2mpl\u0103 acas\u0103 \u0219i s\u0103 r\u0103m\u00e2n\u0103 conectat\u0103 la Rom\u00e2nia.<\/p>\n<p id=\"p-94\">35 de ani mai t\u00e2rziu, povestea continu\u0103<\/p>\n<p id=\"p-95\">\u00cen 1991, Mediafax ap\u0103rea \u00eentr-o Rom\u00e2nie care avea nevoie de pres\u0103 liber\u0103 \u0219i de surse independente de informa\u021bie.<\/p>\n<p id=\"p-96\">\u00cen 2026, provoc\u0103rile sunt altele.<\/p>\n<p id=\"p-97\">Informa\u021bia circul\u0103 instantaneu. Inteligen\u021ba artificial\u0103 schimb\u0103 industria media. Dezinformarea poate ajunge la milioane de oameni \u00een c\u00e2teva minute. \u00cencrederea publicului \u00een pres\u0103 trebuie c\u00e2\u0219tigat\u0103 \u00een fiecare zi.<\/p>\n<p id=\"p-98\"><em>Dar esen\u021ba jurnalismului a r\u0103mas aceea\u0219i.<\/em><\/p>\n<p id=\"p-99\"><em>S\u0103 fii acolo. S\u0103 verifici. S\u0103 \u00eentrebi. S\u0103 relatezi.<\/em><\/p>\n<p id=\"p-100\"><em>Timp de 35 de ani, Mediafax a relatat Rom\u00e2nia care se schimba.<\/em><\/p>\n<p id=\"p-101\">Acum, Mediafax merge acolo unde a ajuns Rom\u00e2nia.<\/p>\n<p id=\"p-102\"><strong>MEDIAFAX 35<\/strong><\/p>\n<p id=\"p-103\"><strong>35 de ani de \u0219tiri.<\/strong><\/p>\n<p id=\"p-104\"><strong>35 de ani de istorie.<\/strong><\/p>\n<p id=\"p-105\"><strong>Povestea continu\u0103.<\/strong><\/p>\n<h2 id=\"chapter-1\"><strong>Despre Mediafax<\/strong><\/h2>\n<p id=\"p-106\">Fondat\u0103 \u00een 1991, Mediafax este prima agen\u021bie de pres\u0103 independent\u0103 din Rom\u00e2nia \u0219i unul dintre brandurile cu cea mai \u00eendelungat\u0103 prezen\u021b\u0103 \u00een presa rom\u00e2neasc\u0103 postdecembrist\u0103.<\/p>\n<p id=\"p-107\">De-a lungul celor 35 de ani, jurnali\u0219tii Mediafax au relatat principalele evenimente politice, economice, sociale, interna\u021bionale, culturale \u0219i sportive care au marcat Rom\u00e2nia \u0219i lumea.<\/p>\n<p id=\"p-108\">\u00cen 2026, Mediafax \u00ee\u0219i extinde prezen\u021ba interna\u021bional\u0103 prin Mediafax Spania \u0219i Mediafax Italia, primele etape ale dezvolt\u0103rii unei re\u021bele editoriale dedicate comunit\u0103\u021bilor rom\u00e2ne\u0219ti din diaspora.<\/p>\n","protected":false},"excerpt":{"rendered":"<p>Sunt 35 de ani de c\u00e2nd Mediafax relateaz\u0103 istoria \u00een timp real. \u00cen 1991, \u00eentr-o Rom\u00e2nie care \u00ee\u0219i construia institu\u021biile democratice \u0219i descoperea libertatea presei, lua na\u0219tere Mediafax, prima agen\u021bie &hellip; <a href=\"https:\/\/microscopemedia.com\/?p=711067\" class=\"more-link\">Read More<\/a><\/p>\n","protected":false},"author":1,"featured_media":711068,"comment_status":"closed","ping_status":"closed","sticky":false,"template":"Default","format":"standard","meta":[],"categories":[1],"tags":[],"_links":{"self":[{"href":"https:\/\/microscopemedia.com\/index.php?rest_route=\/wp\/v2\/posts\/711067"}],"collection":[{"href":"https:\/\/microscopemedia.com\/index.php?rest_route=\/wp\/v2\/posts"}],"about":[{"href":"https:\/\/microscopemedia.com\/index.php?rest_route=\/wp\/v2\/types\/post"}],"author":[{"embeddable":true,"href":"https:\/\/microscopemedia.com\/index.php?rest_route=\/wp\/v2\/users\/1"}],"replies":[{"embeddable":true,"href":"https:\/\/microscopemedia.com\/index.php?rest_route=%2Fwp%2Fv2%2Fcomments&post=711067"}],"version-history":[{"count":0,"href":"https:\/\/microscopemedia.com\/index.php?rest_route=\/wp\/v2\/posts\/711067\/revisions"}],"wp:featuredmedia":[{"embeddable":true,"href":"https:\/\/microscopemedia.com\/index.php?rest_route=\/wp\/v2\/media\/711068"}],"wp:attachment":[{"href":"https:\/\/microscopemedia.com\/index.php?rest_route=%2Fwp%2Fv2%2Fmedia&parent=711067"}],"wp:term":[{"taxonomy":"category","embeddable":true,"href":"https:\/\/microscopemedia.com\/index.php?rest_route=%2Fwp%2Fv2%2Fcategories&post=711067"},{"taxonomy":"post_tag","embeddable":true,"href":"https:\/\/microscopemedia.com\/index.php?rest_route=%2Fwp%2Fv2%2Ftags&post=711067"}],"curies":[{"name":"wp","href":"https:\/\/api.w.org\/{rel}","templated":true}]}}