{"id":711071,"date":"2026-09-01T14:06:03","date_gmt":"2026-09-01T14:06:03","guid":{"rendered":"https:\/\/microscopemedia.com\/?p=711071"},"modified":"2026-09-01T14:06:03","modified_gmt":"2026-09-01T14:06:03","slug":"pislaru-bilant-dupa-incheierea-pnrr-nu-lipsa-resurselor-este-principala-provocare-ci-capacitatea-noastra-de-a-le-folosi","status":"publish","type":"post","link":"https:\/\/microscopemedia.com\/?p=711071","title":{"rendered":"P\u00eeslaru, bilan\u021b dup\u0103 \u00eencheierea PNRR: \u201eNu lipsa resurselor este principala provocare, ci capacitatea noastr\u0103 de a le folosi\u201d"},"content":{"rendered":"<div class=\"sgb-google-buttons\">\n<div class=\"display-flex justify-center google-logo\"><img decoding=\"async\" loading=\"lazy\" class=\"mg-x-auto\" width=\"30\" height=\"30\" src=\"https:\/\/microscopemedia.com\/wp-content\/uploads\/2026\/09\/pislaru-bilant-dupa-incheierea-pnrr-nu-lipsa-resurselor-este-principala-provocare-ci-capacitatea-noastra-de-a-le-folosi.png\" alt><\/div>\n<\/p><\/div>\n<p class=\"isSelectedEnd\" id=\"p-0\">Principalul risc r\u0103mas este legat de reformele nefinalizate, \u00een special legea salariz\u0103rii unitare.<\/p>\n<p class=\"isSelectedEnd\" id=\"p-1\">Drago\u0219 P\u00eeslaru, ministrul Investi\u021biilor \u0219i Proiectelor Europene \u0219i ministrul interimar al Muncii a prezentat mar\u021bi bilan\u021bul PNRR, dup\u0103 \u00eencheierea oficial\u0103, la 31 august, a perioadei de implementare a planului, pe care l-a descris drept cel mai amplu mecanism de finan\u021bare pus vreodat\u0103 de Uniunea European\u0103 la dispozi\u021bia statelor membre.<\/p>\n<p class=\"isSelectedEnd\" id=\"p-2\">Rom\u00e2nia a pornit \u00een 2021 cu granturi de 14,24 miliarde de euro, valoarea fiind ulterior ajustat\u0103, inclusiv prin REPowerEU, la aproximativ 13,57 miliarde de euro. Componenta de \u00eemprumuturi, care ajungea ini\u021bial la 14,94 miliarde de euro, a fost redus\u0103 \u00een formula final\u0103 la 6,54 miliarde de euro.<\/p>\n<h2 id=\"chapter-0\">P\u00eeslaru: PNRR era \u201eun program blocat\u201d<\/h2>\n<p class=\"isSelectedEnd\" id=\"p-3\">Ministrul a f\u0103cut o evaluare critic\u0103 a situa\u021biei g\u0103site de actualul Guvern, sus\u021bin\u00e2nd c\u0103 existau proiecte neeligibile, o supracontractare masiv\u0103 \u0219i \u00eent\u00e2rzieri \u00een realizarea reformelor.<\/p>\n<p class=\"isSelectedEnd\" id=\"p-4\">\u201e\u00cen acela\u0219i timp, se constata c\u0103 exista o supracontractare de 47 de miliarde de euro pe un PNRR care avea 28 de miliarde \u00een momentul respectiv, deci, practic, aproape de dou\u0103 ori mai mult. \u00cen acela\u0219i timp, Comisia European\u0103 avea a\u0219teptarea de la Rom\u00e2nia s\u0103 \u00eemping\u0103 \u00een continuare reforme pe care le tot am\u00e2nase\u201d, a declarat P\u00eeslaru.<\/p>\n<p class=\"isSelectedEnd\" id=\"p-5\">Potrivit acestuia, situa\u021bia era agravat\u0103 de probleme de management \u0219i de absen\u021ba unor instrumente eficiente pentru urm\u0103rirea proiectelor.<\/p>\n<p class=\"isSelectedEnd\" id=\"p-6\">\u201eExista, \u00een acela\u0219i timp, un haos managerial \u0219i o lips\u0103 de transparen\u021b\u0103 total\u0103. Nu existau instrumente de gestiune de tip tablou de bord sau, cum s\u0103 spun, ceva care s\u0103 poat\u0103 s\u0103 monitorizeze progresul fizic \u0219i financiar al acestui program\u201d, a afirmat ministrul.<\/p>\n<p class=\"isSelectedEnd\" id=\"p-7\">La momentul prelu\u0103rii gestiunii PNRR existau peste 25.000 de proiecte, iar cererea de plat\u0103 num\u0103rul 3 ajunsese s\u0103 blocheze practic avansarea planului. Rom\u00e2nia pierduse anterior 16,19 milioane de euro la cererea de plat\u0103 2, iar cererea 3, prev\u0103zut\u0103 mult mai devreme \u00een calendarul programului, a fost \u00eencasat\u0103 abia \u00een iunie 2025.<\/p>\n<h2 id=\"chapter-1\">Peste 90% absorb\u021bie din granturi, potrivit estim\u0103rilor MIPE<\/h2>\n<p class=\"isSelectedEnd\" id=\"p-8\">Cererea de plat\u0103 num\u0103rul 4, \u00een valoare de 2,251 miliarde de euro, a fost \u00eencasat\u0103 integral \u00een iunie 2026, iar cererea num\u0103rul 5 a fost depus\u0103 pe 14 august \u0219i are o valoare net\u0103 de aproximativ dou\u0103 miliarde de euro. Urmeaz\u0103 cererea de plat\u0103 num\u0103rul 6, care trebuie transmis\u0103 p\u00e2n\u0103 la 30 septembrie.<\/p>\n<p class=\"isSelectedEnd\" id=\"p-9\">P\u00eeslaru a sus\u021binut c\u0103 o parte foarte mare din efortul administrativ aferent PNRR a fost concentrat\u0103 \u00een ultima perioad\u0103 de implementare.<\/p>\n<p class=\"isSelectedEnd\" id=\"p-10\">\u201e\u00cen cererea de plat\u0103 4, 5 \u0219i 6, deci cererile care au fost strict \u00een gestiunea acestui Guvern, discut\u0103m de aproximativ 113 investi\u021bii \u0219i 48 reforme, din care dou\u0103 sunt \u00een acest moment \u00een stadiu ca una s\u0103 nu fie realizat\u0103, discut\u0103m de legea salariz\u0103rii, \u0219i una care s\u0103 fie par\u021bial realizat\u0103 \u0219i vorbim aici de decizia Guvernului Rom\u00e2niei de a nu \u00eenchide toate capacit\u0103\u021bile care erau \u00een calendarul de decarbonizare\u201d, a declarat ministrul.<\/p>\n<p class=\"isSelectedEnd\" id=\"p-11\">Estimarea prezentat\u0103 de acesta indic\u0103 o rat\u0103 final\u0103 de absorb\u021bie de peste 90% din componenta nerambursabil\u0103, care se ridic\u0103 la aproximativ 13,57 miliarde de euro.<\/p>\n<h2 id=\"chapter-2\">Legea salariz\u0103rii pune \u00een joc 770 de milioane de euro<\/h2>\n<p class=\"isSelectedEnd\" id=\"p-12\">Cea mai mare vulnerabilitate r\u0103mas\u0103 este reforma salariz\u0103rii unitare, asociat\u0103 unei sume de aproximativ 770 de milioane de euro. La aceasta se adaug\u0103 aproximativ 50 de milioane de euro aferente decarboniz\u0103rii, circa 36 de milioane de euro \u00eenc\u0103 de clarificat \u00een privin\u021ba investi\u021biilor \u0219i alte sume mai mici.<\/p>\n<p class=\"isSelectedEnd\" id=\"p-13\">\u00cen total, aproximativ 870 de milioane de euro din componenta de granturi r\u0103m\u00e2n expuse riscului, potrivit calculelor prezentate de ministru.<\/p>\n<p class=\"isSelectedEnd\" id=\"p-14\">\u201eDin acest punct de vedere, v\u0103 pot spune c\u0103, pe componenta de grant, acesta este riscul final, pentru c\u0103 investi\u021biile sunt marginale, deci le facem pe toate, riscul este absolut marginal. Prin urmare, riscul r\u0103m\u00e2ne legat de reformele nerealizate, din care, evident, reforma fanion, care ne lipse\u0219te, este cea legat\u0103 de salarizarea unitar\u0103\u201d, a declarat P\u00eeslaru.<\/p>\n<p class=\"isSelectedEnd\" id=\"p-15\">Conform calculelor MIPE, la pierderile poten\u021biale actuale se adaug\u0103 410 milioane de euro din granturi aferente unor probleme anterioare, inclusiv guvernan\u021bei corporative \u0219i pensiilor speciale. Estimarea final\u0103 prezentat\u0103 de P\u00eeslaru indic\u0103 o rat\u0103 de absorb\u021bie de 90,58% pentru granturi \u0219i de peste 97% pentru componenta de \u00eemprumuturi.<\/p>\n<h2 id=\"chapter-3\">P\u00eeslaru atac\u0103 fostele guverne \u0219i PSD<\/h2>\n<p class=\"isSelectedEnd\" id=\"p-16\">Ministrul a lansat \u0219i un atac politic la adresa fostelor guverne \u0219i, \u00een particular, a PSD, pe care l-a acuzat de \u00eent\u00e2rzierea reformelor.<\/p>\n<p class=\"isSelectedEnd\" id=\"p-17\">\u201eNoi n-am avut niciodat\u0103 la Bruxelles vreun inamic al PNRR-ului. Totdeauna, problemele noastre au fost legate de incapacitatea unor partide, mai ales a Partidului Social Democrat, de a \u00een\u021belege, de fapt, ce este PNRR \u0219i ce \u0219ans\u0103 este pentru Rom\u00e2nia \u00een materie de reforme \u0219i investi\u021bii\u201d, a spus P\u00eeslaru.<\/p>\n<p class=\"isSelectedEnd\" id=\"p-18\">El a invocat inclusiv disputa privind pensiile speciale, sus\u021bin\u00e2nd c\u0103 insisten\u021bele actualului Guvern au permis recuperarea a peste 300 de milioane de euro din cererea de plat\u0103 num\u0103rul 3.<\/p>\n<h2 id=\"chapter-4\">10 spitale au fost mutate pe fondurile de coeziune<\/h2>\n<p class=\"isSelectedEnd\" id=\"p-19\">P\u00eeslaru a explicat \u0219i de ce componenta de \u00eemprumuturi a PNRR a fost redus\u0103 fa\u021b\u0103 de valoarea ini\u021bial\u0103. Potrivit acestuia, proiecte \u00een valoare de 4,2 miliarde de euro au trebuit mutate \u00een alte mecanisme de finan\u021bare dup\u0103 probleme privind licita\u021biile din Transporturi.<\/p>\n<p class=\"isSelectedEnd\" id=\"p-20\">Totodat\u0103, zece spitale care nu mai puteau fi finalizate \u00een termenul PNRR au fost transferate pe politica de coeziune, prin Programul S\u0103n\u0103tate, ministrul estim\u00e2nd c\u0103 acestea vor fi terminate cel mai probabil \u00een 2027.<\/p>\n<p class=\"isSelectedEnd\" id=\"p-21\">\u201eAm discutat direct cu comisarii, cu Fitto \u0219i cu doamna M\u00e2nzatu pentru a ob\u021bine aceste mut\u0103ri \u00een politica de coeziune. \u0218i cred c\u0103 este un lucru foarte important s\u0103 men\u021bion\u0103m c\u0103 cele 10 spitale se vor ad\u0103uga la cele 7 pe care le-am inaugurat deja \u0219i le-am finalizat pe PNRR\u201d, a afirmat P\u00eeslaru.<\/p>\n<p class=\"isSelectedEnd\" id=\"p-22\">Ministrul a precizat \u0219i c\u0103 optimizarea structurii financiare a planului, prin transferuri \u00eentre granturi \u0219i \u00eemprumuturi, a redus cu aproximativ un miliard de euro impactul asupra bugetului de stat.<\/p>\n<h2 id=\"chapter-5\">Ultima cerere de plat\u0103 trebuie trimis\u0103 p\u00e2n\u0103 la 30 septembrie<\/h2>\n<p class=\"isSelectedEnd\" id=\"p-23\">Procesul financiar nu se \u00eencheie \u00eens\u0103 odat\u0103 cu expirarea perioadei de implementare. P\u00eeslaru a anun\u021bat discu\u021bii cu reprezentan\u021bii Comisiei Europene privind legea salariz\u0103rii \u0219i decarbonizarea.<\/p>\n<p class=\"isSelectedEnd\" id=\"p-24\">Ministerele trebuie s\u0103 preg\u0103teasc\u0103 documentele necesare, acestea urm\u00e2nd s\u0103 ajung\u0103 centralizat la coordonatorul na\u021bional p\u00e2n\u0103 la jum\u0103tatea lunii septembrie. Cererea de plat\u0103 num\u0103rul 6 ar trebui transmis\u0103 Comisiei Europene pe 30 septembrie, dup\u0103 care vor urma negocieri \u0219i verific\u0103ri pe parcursul lunii octombrie \u0219i p\u00e2n\u0103 \u00een noiembrie.<\/p>\n<p class=\"isSelectedEnd\" id=\"p-25\">\u00cen \u00eencheierea bilan\u021bului, ministrul a spus c\u0103 experien\u021ba PNRR ar trebui s\u0103 schimbe modul \u00een care Rom\u00e2nia gestioneaz\u0103 viitoarele fonduri europene.<\/p>\n<p class=\"isSelectedEnd\" id=\"p-26\">\u201eFaptul c\u0103 nu lipsa resurselor este principala provocare, ci capacitatea noastr\u0103 de a le folosi, administra eficient, \u00eentr-un mod coerent \u0219i rapid, care s\u0103 urm\u0103reasc\u0103, p\u00e2n\u0103 la urm\u0103, cre\u0219terea economic\u0103 \u0219i dezvoltarea societ\u0103\u021bii. Prima lec\u021bie crucial\u0103 este s\u0103 evit\u0103m fragmentarea\u201d, a declarat Drago\u0219 P\u00eeslaru.<\/p>\n<p class=\"isSelectedEnd\" id=\"p-27\">El a pledat totodat\u0103 pentru o coordonare na\u021bional\u0103 mai puternic\u0103 \u0219i pentru un acord politic asupra reformelor majore:<\/p>\n<p id=\"p-28\">\u201ePe partea de reforme, cred c\u0103 este crucial un pact na\u021bional de la \u00eenceput cu privire la reforme. Cred c\u0103 reformele trebuie s\u0103 dep\u0103\u0219easc\u0103 ciclurile electorale \u0219i s\u0103 ne men\u021binem angajamentele asumate de Rom\u00e2nia.\u201d<\/p>\n","protected":false},"excerpt":{"rendered":"<p>Principalul risc r\u0103mas este legat de reformele nefinalizate, \u00een special legea salariz\u0103rii unitare. Drago\u0219 P\u00eeslaru, ministrul Investi\u021biilor \u0219i Proiectelor Europene \u0219i ministrul interimar al Muncii a prezentat mar\u021bi bilan\u021bul PNRR, &hellip; <a href=\"https:\/\/microscopemedia.com\/?p=711071\" class=\"more-link\">Read More<\/a><\/p>\n","protected":false},"author":1,"featured_media":711072,"comment_status":"closed","ping_status":"closed","sticky":false,"template":"Default","format":"standard","meta":[],"categories":[1],"tags":[],"_links":{"self":[{"href":"https:\/\/microscopemedia.com\/index.php?rest_route=\/wp\/v2\/posts\/711071"}],"collection":[{"href":"https:\/\/microscopemedia.com\/index.php?rest_route=\/wp\/v2\/posts"}],"about":[{"href":"https:\/\/microscopemedia.com\/index.php?rest_route=\/wp\/v2\/types\/post"}],"author":[{"embeddable":true,"href":"https:\/\/microscopemedia.com\/index.php?rest_route=\/wp\/v2\/users\/1"}],"replies":[{"embeddable":true,"href":"https:\/\/microscopemedia.com\/index.php?rest_route=%2Fwp%2Fv2%2Fcomments&post=711071"}],"version-history":[{"count":0,"href":"https:\/\/microscopemedia.com\/index.php?rest_route=\/wp\/v2\/posts\/711071\/revisions"}],"wp:featuredmedia":[{"embeddable":true,"href":"https:\/\/microscopemedia.com\/index.php?rest_route=\/wp\/v2\/media\/711072"}],"wp:attachment":[{"href":"https:\/\/microscopemedia.com\/index.php?rest_route=%2Fwp%2Fv2%2Fmedia&parent=711071"}],"wp:term":[{"taxonomy":"category","embeddable":true,"href":"https:\/\/microscopemedia.com\/index.php?rest_route=%2Fwp%2Fv2%2Fcategories&post=711071"},{"taxonomy":"post_tag","embeddable":true,"href":"https:\/\/microscopemedia.com\/index.php?rest_route=%2Fwp%2Fv2%2Ftags&post=711071"}],"curies":[{"name":"wp","href":"https:\/\/api.w.org\/{rel}","templated":true}]}}