{"id":711073,"date":"2026-09-01T14:17:02","date_gmt":"2026-09-01T14:17:02","guid":{"rendered":"https:\/\/microscopemedia.com\/?p=711073"},"modified":"2026-09-01T14:17:02","modified_gmt":"2026-09-01T14:17:02","slug":"mamaia-rally-show-ajunge-la-final-de-sezon-evenimentul-va-reuni-piloti-de-top-din-toata-europa","status":"publish","type":"post","link":"https:\/\/microscopemedia.com\/?p=711073","title":{"rendered":"Mamaia Rally Show ajunge la final de sezon. Evenimentul va reuni pilo\u021bi de top din toat\u0103 Europa"},"content":{"rendered":"<div class=\"sgb-google-buttons\">\n<div class=\"display-flex justify-center google-logo\"><img decoding=\"async\" loading=\"lazy\" class=\"mg-x-auto\" width=\"30\" height=\"30\" src=\"https:\/\/microscopemedia.com\/wp-content\/uploads\/2026\/09\/mamaia-rally-show-ajunge-la-final-de-sezon-evenimentul-va-reuni-piloti-de-top-din-toata-europa.png\" alt><\/div>\n<\/p><\/div>\n<p id=\"p-0\">Dup\u0103 succesul edi\u021biei inaugurale din 2025, c\u00e2\u0219tigat\u0103 de campionul european de raliuri Efr\u00e9n Llarena \u00een urma unui duel spectaculos cu italianul Andrea Nucita, Mamaia Rally Show revine \u00een acest an cu un concept extins.<\/p>\n<p id=\"p-1\">De asemenea, revine cu un program dedicat at\u00e2t pasiona\u021bilor de motorsport, c\u00e2t \u0219i publicului larg.<\/p>\n<p id=\"p-2\">Timp de trei zile, o suprafa\u021b\u0103 de aproximativ 55.000 de metri p\u0103tra\u021bi din nordul sta\u021biunii Mamaia va deveni o adev\u0103rat\u0103 aren\u0103 a motorsportului.<\/p>\n<p id=\"p-3\">Traseul va fi amenajat \u00een zona cunoscut\u0103 pentru cluburile sale. Competi\u021biile automobilistice vor fi completate de expozi\u021bii de tuning \u0219i car audio, muzic\u0103, gastronomie \u0219i activit\u0103\u021bi de divertisment.<\/p>\n<p id=\"p-4\">Mamaia Rally Show 2026 va aduce la start 28 de pilo\u021bi din Rom\u00e2nia, Spania, Italia, Austria, Finlanda \u0219i Suedia. Ace\u0219tia au experien\u021b\u0103 \u00een competi\u021bii europene \u0219i campionate na\u021bionale de raliuri.<\/p>\n<p id=\"p-5\"><img class=\"alignnone size-full wp-image-23799922\" src=\"https:\/\/microscopemedia.com\/wp-content\/uploads\/2026\/09\/mamaia-rally-show-ajunge-la-final-de-sezon-evenimentul-va-reuni-piloti-de-top-din-toata-europa.webp\" alt width=\"900\" height=\"506\" loading=\"lazy\" decoding=\"async\" srcset=\"https:\/\/microscopemedia.com\/wp-content\/uploads\/2026\/09\/mamaia-rally-show-ajunge-la-final-de-sezon-evenimentul-va-reuni-piloti-de-top-din-toata-europa-1.webp 500w, https:\/\/microscopemedia.com\/wp-content\/uploads\/2026\/09\/mamaia-rally-show-ajunge-la-final-de-sezon-evenimentul-va-reuni-piloti-de-top-din-toata-europa.webp 728w\"><\/p>\n<p id=\"p-6\">\u00cen centrul spectacolului se vor afla 16 automobile Rally2, cu specifica\u021bii tehnice comparabile, considerate printre cele mai performante \u0219i spectaculoase modele prezente \u00een competi\u021biile interna\u021bionale de profil. Valoarea total\u0103 a acestora este estimat\u0103 la peste 5 milioane de euro.<\/p>\n<p id=\"p-7\">Pentru spectatori, cele trei zile vor aduce motoare turate, vitez\u0103, precizie \u0219i dueluri spectaculoase \u00eentre pilo\u021bi. Nordul sta\u021biunii Mamaia va fi transformat \u00eentr-una dintre cele mai importante scene ale motorsportului rom\u00e2nesc din acest an.<\/p>\n<p id=\"p-8\">\u00cen cadrul evenimentului se va desf\u0103\u0219ura \u0219i Mamaia Rally Challenge. \u00cen aceast\u0103 competi\u021bie, vor puncta exclusiv pilo\u021bii rom\u00e2ni \u00eenscri\u0219i \u00een Campionatul Na\u021bional de Raliuri. Astfel, ace\u0219tia vor avea un turneu vineri. Cei mai buni \u0219ase vor intra \u00een calific\u0103rile de s\u00e2mb\u0103t\u0103, al\u0103turi de al\u021bi 6 pilo\u021bi rom\u00e2ni de top, dar \u0219i 6 str\u0103ini.<\/p>\n<p id=\"p-9\">Programul complet, lista participan\u021bilor \u0219i toate detaliile despre competi\u021bii vor fi anun\u021bate \u00een perioada urm\u0103toare. Mai mult, accesul publicului va fi gratuit pe parcursul tuturor celor trei zile.<\/p>\n","protected":false},"excerpt":{"rendered":"<p>Dup\u0103 succesul edi\u021biei inaugurale din 2025, c\u00e2\u0219tigat\u0103 de campionul european de raliuri Efr\u00e9n Llarena \u00een urma unui duel spectaculos cu italianul Andrea Nucita, Mamaia Rally Show revine \u00een acest an &hellip; <a href=\"https:\/\/microscopemedia.com\/?p=711073\" class=\"more-link\">Read More<\/a><\/p>\n","protected":false},"author":1,"featured_media":711074,"comment_status":"closed","ping_status":"closed","sticky":false,"template":"Default","format":"standard","meta":[],"categories":[1],"tags":[],"_links":{"self":[{"href":"https:\/\/microscopemedia.com\/index.php?rest_route=\/wp\/v2\/posts\/711073"}],"collection":[{"href":"https:\/\/microscopemedia.com\/index.php?rest_route=\/wp\/v2\/posts"}],"about":[{"href":"https:\/\/microscopemedia.com\/index.php?rest_route=\/wp\/v2\/types\/post"}],"author":[{"embeddable":true,"href":"https:\/\/microscopemedia.com\/index.php?rest_route=\/wp\/v2\/users\/1"}],"replies":[{"embeddable":true,"href":"https:\/\/microscopemedia.com\/index.php?rest_route=%2Fwp%2Fv2%2Fcomments&post=711073"}],"version-history":[{"count":0,"href":"https:\/\/microscopemedia.com\/index.php?rest_route=\/wp\/v2\/posts\/711073\/revisions"}],"wp:featuredmedia":[{"embeddable":true,"href":"https:\/\/microscopemedia.com\/index.php?rest_route=\/wp\/v2\/media\/711074"}],"wp:attachment":[{"href":"https:\/\/microscopemedia.com\/index.php?rest_route=%2Fwp%2Fv2%2Fmedia&parent=711073"}],"wp:term":[{"taxonomy":"category","embeddable":true,"href":"https:\/\/microscopemedia.com\/index.php?rest_route=%2Fwp%2Fv2%2Fcategories&post=711073"},{"taxonomy":"post_tag","embeddable":true,"href":"https:\/\/microscopemedia.com\/index.php?rest_route=%2Fwp%2Fv2%2Ftags&post=711073"}],"curies":[{"name":"wp","href":"https:\/\/api.w.org\/{rel}","templated":true}]}}