{"id":711083,"date":"2026-09-01T15:17:04","date_gmt":"2026-09-01T15:17:04","guid":{"rendered":"https:\/\/microscopemedia.com\/?p=711083"},"modified":"2026-09-01T15:17:04","modified_gmt":"2026-09-01T15:17:04","slug":"nu-vrea-psd-cu-noi-poate-vrea-pnl-mohammad-murad-respinge-anticipatele","status":"publish","type":"post","link":"https:\/\/microscopemedia.com\/?p=711083","title":{"rendered":"\u201eNu vrea PSD cu noi, poate vrea PNL\u201d \u2013 Mohammad Murad respinge anticipatele"},"content":{"rendered":"<div><img decoding=\"async\" src=\"https:\/\/microscopemedia.com\/wp-content\/uploads\/2026\/09\/nu-vrea-psd-cu-noi-poate-vrea-pnl-mohammad-murad-respinge-anticipatele.jpg\" class=\"ff-og-image-inserted\"><\/div>\n<p id=\"p-3\" data-path-to-node=\"4\">Acesta sus\u021bine c\u0103 partidul ar trebui s\u0103 intre la guvernare \u0219i c\u0103, dac\u0103 PSD nu vrea o guvernare cu AUR, atunci poate exista varianta unei coali\u021bii cu PNL.<\/p>\n<p id=\"p-4\" data-path-to-node=\"5\">\u201eTrebuie s\u0103 fie etapa (n.r. \u2013 etapa \u00een care se afl\u0103 guvernul), actuala etap\u0103, etapa de guvernare. (\u2026) P\u0103i, cu AUR-ul este foarte simplu. Faptul c\u0103 nu a fost invitat s\u0103 guverneze. \u0218i aici e cea mai mare gre\u0219eal\u0103 \u0219i cea mai mare opinie personal\u0103 a lui Nicu\u0219or Dan.&nbsp;<span title=\"Play starting at 11:59\">Nu vrea Nicu\u0219or Dan,<\/span>&nbsp;e<span title=\"Play starting at 12:00\">&nbsp;problema lui.<\/span>&nbsp;<span title=\"Play starting at 12:01\">Nu vrea PSD,<\/span>&nbsp;e<span title=\"Play starting at 12:02\">&nbsp;problema lor.<\/span>&nbsp;<span title=\"Play starting at 12:05\">Eu am varianta de a guverna.<\/span>&nbsp;<span title=\"Play starting at 12:07\">\u0218i a\u0219 lua ni\u0219te m\u0103suri concrete pentru oameni.<\/span>&nbsp;<span title=\"Play starting at 12:10\">Agenda cet\u0103\u021benului este mai presus d<\/span><span title=\"Play starting at 12:12\">ec\u00e2t agenda politic\u0103<\/span>\u201d, a concluzionat Mohammed Murad.<\/p>\n","protected":false},"excerpt":{"rendered":"<p>Acesta sus\u021bine c\u0103 partidul ar trebui s\u0103 intre la guvernare \u0219i c\u0103, dac\u0103 PSD nu vrea o guvernare cu AUR, atunci poate exista varianta unei coali\u021bii cu PNL. \u201eTrebuie s\u0103 &hellip; <a href=\"https:\/\/microscopemedia.com\/?p=711083\" class=\"more-link\">Read More<\/a><\/p>\n","protected":false},"author":1,"featured_media":711084,"comment_status":"closed","ping_status":"closed","sticky":false,"template":"Default","format":"standard","meta":[],"categories":[1],"tags":[],"_links":{"self":[{"href":"https:\/\/microscopemedia.com\/index.php?rest_route=\/wp\/v2\/posts\/711083"}],"collection":[{"href":"https:\/\/microscopemedia.com\/index.php?rest_route=\/wp\/v2\/posts"}],"about":[{"href":"https:\/\/microscopemedia.com\/index.php?rest_route=\/wp\/v2\/types\/post"}],"author":[{"embeddable":true,"href":"https:\/\/microscopemedia.com\/index.php?rest_route=\/wp\/v2\/users\/1"}],"replies":[{"embeddable":true,"href":"https:\/\/microscopemedia.com\/index.php?rest_route=%2Fwp%2Fv2%2Fcomments&post=711083"}],"version-history":[{"count":0,"href":"https:\/\/microscopemedia.com\/index.php?rest_route=\/wp\/v2\/posts\/711083\/revisions"}],"wp:featuredmedia":[{"embeddable":true,"href":"https:\/\/microscopemedia.com\/index.php?rest_route=\/wp\/v2\/media\/711084"}],"wp:attachment":[{"href":"https:\/\/microscopemedia.com\/index.php?rest_route=%2Fwp%2Fv2%2Fmedia&parent=711083"}],"wp:term":[{"taxonomy":"category","embeddable":true,"href":"https:\/\/microscopemedia.com\/index.php?rest_route=%2Fwp%2Fv2%2Fcategories&post=711083"},{"taxonomy":"post_tag","embeddable":true,"href":"https:\/\/microscopemedia.com\/index.php?rest_route=%2Fwp%2Fv2%2Ftags&post=711083"}],"curies":[{"name":"wp","href":"https:\/\/api.w.org\/{rel}","templated":true}]}}