{"id":711089,"date":"2026-09-01T16:07:03","date_gmt":"2026-09-01T16:07:03","guid":{"rendered":"https:\/\/microscopemedia.com\/?p=711089"},"modified":"2026-09-01T16:07:03","modified_gmt":"2026-09-01T16:07:03","slug":"seful-cnas-despre-lipsa-citostaticelor-sunt-discontinuitati-nu-o-problema-de-finantare-a-casei","status":"publish","type":"post","link":"https:\/\/microscopemedia.com\/?p=711089","title":{"rendered":"\u0218eful CNAS, despre lipsa citostaticelor: Sunt discontinuit\u0103\u021bi, nu o problem\u0103 de finan\u021bare a Casei"},"content":{"rendered":"<div class=\"sgb-google-buttons\">\n<div class=\"display-flex justify-center google-logo\"><img decoding=\"async\" loading=\"lazy\" class=\"mg-x-auto\" width=\"30\" height=\"30\" src=\"https:\/\/microscopemedia.com\/wp-content\/uploads\/2026\/09\/seful-cnas-despre-lipsa-citostaticelor-sunt-discontinuitati-nu-o-problema-de-finantare-a-casei.png\" alt><\/div>\n<\/p><\/div>\n<p class=\"isSelectedEnd\" id=\"p-0\">El a avertizat, \u00een acela\u0219i timp, c\u0103 actualul sistem de stabilire a pre\u021burilor \u0219i de decontare a medicamentelor trebuie reg\u00e2ndit pentru a evita o situa\u021bie nesustenabil\u0103 financiar.<\/p>\n<p class=\"isSelectedEnd\" id=\"p-1\">Hora\u021biu Moldovan a afirmat, \u00eentr-o conferin\u021b\u0103 de pres\u0103, c\u0103 problemele de aprovizionare cu anumite medicamente sunt generate \u00een principal de produc\u021bie sau de lan\u021burile de distribu\u021bie.<\/p>\n<p class=\"isSelectedEnd\" id=\"p-2\">\u201eAm recunoscut \u00een mod foarte clar \u0219i transparent c\u0103 exist\u0103 anumite discontinuit\u0103\u021bi pentru anumite medicamente, inclusiv pentru medicamentele citostatice. Astfel de discontinuit\u0103\u021bi exist\u0103 nu doar \u00een Rom\u00e2nia, exist\u0103 \u00een toate \u021b\u0103rile din Uniunea European\u0103 \u0219i din lume\u201d, a declarat pre\u0219edintele CNAS.<\/p>\n<p class=\"isSelectedEnd\" id=\"p-3\">El a respins ideea c\u0103 aceste situa\u021bii ar fi determinate de activitatea Casei Na\u021bionale.<\/p>\n<p class=\"isSelectedEnd\" id=\"p-4\">\u201eSub nicio form\u0103 nu exist\u0103 astfel de discontinuit\u0103\u021bi \u00een Rom\u00e2nia din motive imputabile Casei Na\u021bionale de Asigur\u0103ri de S\u0103n\u0103tate, Casa Na\u021bional\u0103 fiind institu\u021bia care se ocup\u0103 cu finan\u021barea \u0219i decontarea acestor medicamente.\u201d<\/p>\n<p class=\"isSelectedEnd\" id=\"p-5\">Moldovan a precizat c\u0103 monitorizarea stocurilor revine Ministerului S\u0103n\u0103t\u0103\u021bii \u0219i Agen\u021biei Na\u021bionale a Medicamentului \u0219i a Dispozitivelor Medicale, iar \u00een unele situa\u021bii intervine \u0219i Unifarm.<\/p>\n<p class=\"isSelectedEnd\" id=\"p-6\">Potrivit acestuia, sistemul de alert\u0103 pentru stocuri a fost modificat astfel \u00eenc\u00e2t procedurile pentru nevoi speciale s\u0103 poat\u0103 fi declan\u0219ate mai devreme.<\/p>\n<h2 id=\"chapter-0\">CNAS: Nu vorbim despre t\u0103ieri la medicamente<\/h2>\n<p class=\"isSelectedEnd\" id=\"p-7\">\u0218eful CNAS a sus\u021binut c\u0103 discu\u021biile privind costurile medicamentelor nu vizeaz\u0103 reduceri de acces, ci eficientizarea utiliz\u0103rii fondurilor.<\/p>\n<p class=\"isSelectedEnd\" id=\"p-8\">\u201eDesigur c\u0103 am f\u0103cut aceast\u0103 analiz\u0103 \u0219i vreau s\u0103 clarific acest lucru \u00een spa\u021biu public, c\u0103 nu vorbim despre t\u0103ieri la medicamente, ci vorbim despre cheltuirea mai eficient\u0103 a banilor pe care \u00eei avem, inclusiv pe medicamente, dar nu doar pentru medicamente, \u00een tot sistemul sanitar.\u201d<\/p>\n<p class=\"isSelectedEnd\" id=\"p-9\">Potrivit datelor prezentate de Moldovan, cheltuielile cu medicamentele au crescut \u00een ultimii trei ani cu aproximativ 5 miliarde de lei anual, echivalentul a peste un miliard de euro pe an.<\/p>\n<p class=\"isSelectedEnd\" id=\"p-10\">El a avertizat c\u0103, dac\u0103 ritmul se men\u021bine, bugetul pentru medicamente ar putea ajunge la 40 de miliarde de lei \u00een 2028, fa\u021b\u0103 de aproximativ 25 de miliarde de lei anul trecut.<\/p>\n<h2 id=\"chapter-1\">\u201eVom ajunge, nu mai departe de anul urm\u0103tor, \u00eentr-un colaps\u201d<\/h2>\n<p class=\"isSelectedEnd\" id=\"p-11\">Pre\u0219edintele CNAS a sus\u021binut c\u0103 Rom\u00e2nia trebuie s\u0103 modifice mecanismul prin care sunt stabilite pre\u021burile \u0219i nivelurile de decontare.<\/p>\n<p class=\"isSelectedEnd\" id=\"p-12\">\u201e\u0218i am tras un semnal de alarm\u0103 c\u0103 dac\u0103 nu vom reg\u00e2ndi mecanismul legislativ de stabilire a pre\u021burilor \u0219i reimbursarea medicamentelor, vom ajunge, nu mai departe de anul urm\u0103tor, \u00eentr-un colaps, pentru c\u0103 ceea ce trebuie s\u0103 fac\u0103 Rom\u00e2nia este s\u0103 decupleze pre\u021bul oficial al medicamentului de pre\u021bul de decontare \u00een sistemul de asigur\u0103ri sociale de s\u0103n\u0103tate.\u201d<\/p>\n<p class=\"isSelectedEnd\" id=\"p-13\">Moldovan a ar\u0103tat c\u0103 o asemenea abordare exist\u0103 \u0219i \u00een alte state \u0219i ar putea permite Rom\u00e2niei s\u0103 introduc\u0103 mai rapid medicamente inovative pe lista celor compensate.<\/p>\n<p class=\"isSelectedEnd\" id=\"p-14\">Potrivit acestuia, bugetele pentru medicamente cresc \u00een medie cu aproximativ 4% \u00een Uniunea European\u0103, \u00een timp ce \u00een Rom\u00e2nia cre\u0219terea din ultimii ani a fost de circa 20%.<\/p>\n<p class=\"isSelectedEnd\" id=\"p-15\">\u201eSe pune problema pe viitor de sus\u021binere financiar\u0103 dac\u0103 Rom\u00e2nia va fi capabil\u0103, ca persist\u00e2nd aceste mecanisme de pricing \u0219i reimbursare, s\u0103 mai fac\u0103 fa\u021b\u0103.\u201d<\/p>\n<h2 id=\"chapter-2\">\u201eNu pentru c\u0103 nu avem bani destui, dar pentru c\u0103 nu \u00eei cheltuim eficient\u201d<\/h2>\n<p class=\"isSelectedEnd\" id=\"p-16\">\u00centrebat cum se explic\u0103 faptul c\u0103 bugetele cresc, \u00een timp ce pacien\u021bii reclam\u0103 lipsa unor tratamente \u0219i consumabile, Moldovan a indicat actualul sistem de stabilire \u0219i decontare a pre\u021burilor.<\/p>\n<p class=\"isSelectedEnd\" id=\"p-17\">\u201eMai departe, noi conect\u0103m mecanismul de reimbursare a medicamentelor de pre\u021bul de catalog iar chestiunea aceasta ne situeaz\u0103 \u00eentr-o pozi\u021bie \u00een care sunt pacien\u021bi pe care nu putem s\u0103 \u00eei trat\u0103m, nu pentru c\u0103 nu avem bani destui, dar pentru c\u0103 nu \u00eei cheltuim eficient.\u201d<\/p>\n<p class=\"isSelectedEnd\" id=\"p-18\">Pre\u0219edintele CNAS a spus c\u0103 obiectivul modific\u0103rilor este tratarea unui num\u0103r mai mare de bolnavi.<\/p>\n<p class=\"isSelectedEnd\" id=\"p-19\">\u201eDar ideea este s\u0103 putem s\u0103 trat\u0103m c\u00e2t mai mul\u021bi pacien\u021bi, respectiv to\u021bi pacien\u021bii bolnavi pe care \u00eei avem \u00een Rom\u00e2nia. Fiecare are dreptul la via\u021b\u0103, fiecare are dreptul la un tratament.\u201d<\/p>\n<h2 id=\"chapter-3\">Schimb\u0103ri \u0219i \u00een finan\u021barea spitalelor<\/h2>\n<p class=\"isSelectedEnd\" id=\"p-20\">Moldovan a criticat \u0219i actualul sistem de finan\u021bare a spitalelor, afirm\u00e2nd c\u0103 acesta a fost prea mult legat de num\u0103rul de paturi.<\/p>\n<p class=\"isSelectedEnd\" id=\"p-21\">\u201eNoi, p\u00e2n\u0103 anul acesta, am contractat paturi. Noi tratam paturi, nu tratam pacien\u021bi.\u201d<\/p>\n<p class=\"isSelectedEnd\" id=\"p-22\">El a precizat c\u0103 noul contract-cadru propune finan\u021barea \u00een func\u021bie de num\u0103rul de cazuri tratate, nu de simpla existen\u021b\u0103 a paturilor.<\/p>\n","protected":false},"excerpt":{"rendered":"<p>El a avertizat, \u00een acela\u0219i timp, c\u0103 actualul sistem de stabilire a pre\u021burilor \u0219i de decontare a medicamentelor trebuie reg\u00e2ndit pentru a evita o situa\u021bie nesustenabil\u0103 financiar. Hora\u021biu Moldovan a &hellip; <a href=\"https:\/\/microscopemedia.com\/?p=711089\" class=\"more-link\">Read More<\/a><\/p>\n","protected":false},"author":1,"featured_media":711090,"comment_status":"closed","ping_status":"closed","sticky":false,"template":"Default","format":"standard","meta":[],"categories":[1],"tags":[],"_links":{"self":[{"href":"https:\/\/microscopemedia.com\/index.php?rest_route=\/wp\/v2\/posts\/711089"}],"collection":[{"href":"https:\/\/microscopemedia.com\/index.php?rest_route=\/wp\/v2\/posts"}],"about":[{"href":"https:\/\/microscopemedia.com\/index.php?rest_route=\/wp\/v2\/types\/post"}],"author":[{"embeddable":true,"href":"https:\/\/microscopemedia.com\/index.php?rest_route=\/wp\/v2\/users\/1"}],"replies":[{"embeddable":true,"href":"https:\/\/microscopemedia.com\/index.php?rest_route=%2Fwp%2Fv2%2Fcomments&post=711089"}],"version-history":[{"count":0,"href":"https:\/\/microscopemedia.com\/index.php?rest_route=\/wp\/v2\/posts\/711089\/revisions"}],"wp:featuredmedia":[{"embeddable":true,"href":"https:\/\/microscopemedia.com\/index.php?rest_route=\/wp\/v2\/media\/711090"}],"wp:attachment":[{"href":"https:\/\/microscopemedia.com\/index.php?rest_route=%2Fwp%2Fv2%2Fmedia&parent=711089"}],"wp:term":[{"taxonomy":"category","embeddable":true,"href":"https:\/\/microscopemedia.com\/index.php?rest_route=%2Fwp%2Fv2%2Fcategories&post=711089"},{"taxonomy":"post_tag","embeddable":true,"href":"https:\/\/microscopemedia.com\/index.php?rest_route=%2Fwp%2Fv2%2Ftags&post=711089"}],"curies":[{"name":"wp","href":"https:\/\/api.w.org\/{rel}","templated":true}]}}