{"id":711093,"date":"2026-09-01T16:36:03","date_gmt":"2026-09-01T16:36:03","guid":{"rendered":"https:\/\/microscopemedia.com\/?p=711093"},"modified":"2026-09-01T16:36:03","modified_gmt":"2026-09-01T16:36:03","slug":"auristi-micuti-si-fricosi-buzoianu-sunteti-mari-doritori-de-anticipate-apoi-bateti-palma-cu-psd-pentru-functii","status":"publish","type":"post","link":"https:\/\/microscopemedia.com\/?p=711093","title":{"rendered":"\u201eAuri\u0219ti micu\u021bi \u0219i frico\u0219i\u201d. Buzoianu: Sunte\u021bi mari doritori de anticipate, apoi bate\u021bi palma cu PSD pentru func\u021bii"},"content":{"rendered":"<div readability=\"19.603723404255\">\n<div class=\"sgb-google-buttons\">\n<div class=\"display-flex justify-center google-logo\"><img decoding=\"async\" loading=\"lazy\" class=\"mg-x-auto\" width=\"30\" height=\"30\" src=\"https:\/\/microscopemedia.com\/wp-content\/uploads\/2026\/09\/auristi-micuti-si-fricosi-buzoianu-sunteti-mari-doritori-de-anticipate-apoi-bateti-palma-cu-psd-pentru-functii.png\" alt><\/div>\n<\/p><\/div>\n<p id=\"p-0\">\u00centr-un videoclip \u00eenc\u0103rcat mar\u021bi pe contul s\u0103u de Facebook, Buzoianu \u00eei nume\u0219te pe membrii AUR \u201emicu\u021bi \u0219i frico\u0219i\u201d.<\/p>\n<p id=\"p-1\">\u201e<span class=\"cursor-pointer group\" title=\"Reda\u021bi \u00eencep\u00e2nd de la 0:03\"><span class=\"group-hover:bg-base-200 rounded p-0.5 -m-0.5\" data-start=\"2970\" data-end=\"5910\">Vinde\u021bi public c\u0103 sunte\u021bi mari doritori de alegere anticipate<\/span><\/span>&nbsp;<span class=\"cursor-pointer group\" title=\"Reda\u021bi \u00eencep\u00e2nd de la 0:06\"><span class=\"group-hover:bg-base-200 rounded p-0.5 -m-0.5\" data-start=\"5910\" data-end=\"12450\">\u0219i apoi bate\u021bi palma cu PSD \u0219i vota\u021bi cu PSD \u0219i UDMR s\u0103 primi\u021bi func\u021bii \u00een Birolul Permanent al Camerei Deputa\u021bilor\u201d, a spus ministra interimar\u0103 a Mediului.<\/span><\/span><\/p>\n<p><span class=\"cursor-pointer group\" title=\"Reda\u021bi \u00eencep\u00e2nd de la 0:13\"><span class=\"group-hover:bg-base-200 rounded p-0.5 -m-0.5\" data-start=\"13170\" data-end=\"19250\">primul vot din Birolul Permanent al Camerei Deputa\u021bilor de \u00eenceput de sesiune, mar\u021bi,<\/span><\/span><br \/>\n<span class=\"cursor-pointer group\" title=\"Reda\u021bi \u00eencep\u00e2nd de la 0:20\"><span class=\"group-hover:bg-base-200 rounded p-0.5 -m-0.5\" data-start=\"19610\" data-end=\"28230\">a fost dat de PSD, AUR \u0219i UDMR.<\/span><\/span><\/p>\n<p id=\"p-3\">Acest vot a fost acordat pentru ca \u201es\u0103 primeasc\u0103 dou\u0103 posturi c\u0103ldu\u021be de conducere, AUR \u0219i SOS, \u00een Birolul Permanent al Camerei Deputa\u021bilor\u201d, sus\u021bine Buzoianu.<\/p>\n<p id=\"p-4\">\u201eV\u0103 vinde\u021bi pentru dou\u0103 posturi, b\u0103ie\u021ba\u0219i, dar oamenii \u00eencep s\u0103 vad\u0103 c\u0103 min\u021bi\u021bi rom\u00e2nii\u201d, a conchis ministra interimar\u0103 a Mediului, <a href=\"https:\/\/www.mediafax.ro\/politic\/mafia-balastierelor-pe-masa-parchetului-general-buzoianu-milioane-de-metri-cubi-au-fost-exploatati-ilegal-in-olt-23799927\">Diana Buzoianu<\/a>.<\/p>\n<\/p><\/div>\n","protected":false},"excerpt":{"rendered":"<p>\u00centr-un videoclip \u00eenc\u0103rcat mar\u021bi pe contul s\u0103u de Facebook, Buzoianu \u00eei nume\u0219te pe membrii AUR \u201emicu\u021bi \u0219i frico\u0219i\u201d. \u201eVinde\u021bi public c\u0103 sunte\u021bi mari doritori de alegere anticipate&nbsp;\u0219i apoi bate\u021bi palma &hellip; <a href=\"https:\/\/microscopemedia.com\/?p=711093\" class=\"more-link\">Read More<\/a><\/p>\n","protected":false},"author":1,"featured_media":711094,"comment_status":"closed","ping_status":"closed","sticky":false,"template":"Default","format":"standard","meta":[],"categories":[1],"tags":[],"_links":{"self":[{"href":"https:\/\/microscopemedia.com\/index.php?rest_route=\/wp\/v2\/posts\/711093"}],"collection":[{"href":"https:\/\/microscopemedia.com\/index.php?rest_route=\/wp\/v2\/posts"}],"about":[{"href":"https:\/\/microscopemedia.com\/index.php?rest_route=\/wp\/v2\/types\/post"}],"author":[{"embeddable":true,"href":"https:\/\/microscopemedia.com\/index.php?rest_route=\/wp\/v2\/users\/1"}],"replies":[{"embeddable":true,"href":"https:\/\/microscopemedia.com\/index.php?rest_route=%2Fwp%2Fv2%2Fcomments&post=711093"}],"version-history":[{"count":0,"href":"https:\/\/microscopemedia.com\/index.php?rest_route=\/wp\/v2\/posts\/711093\/revisions"}],"wp:featuredmedia":[{"embeddable":true,"href":"https:\/\/microscopemedia.com\/index.php?rest_route=\/wp\/v2\/media\/711094"}],"wp:attachment":[{"href":"https:\/\/microscopemedia.com\/index.php?rest_route=%2Fwp%2Fv2%2Fmedia&parent=711093"}],"wp:term":[{"taxonomy":"category","embeddable":true,"href":"https:\/\/microscopemedia.com\/index.php?rest_route=%2Fwp%2Fv2%2Fcategories&post=711093"},{"taxonomy":"post_tag","embeddable":true,"href":"https:\/\/microscopemedia.com\/index.php?rest_route=%2Fwp%2Fv2%2Ftags&post=711093"}],"curies":[{"name":"wp","href":"https:\/\/api.w.org\/{rel}","templated":true}]}}