{"id":711097,"date":"2026-09-01T16:57:03","date_gmt":"2026-09-01T16:57:03","guid":{"rendered":"https:\/\/microscopemedia.com\/?p=711097"},"modified":"2026-09-01T16:57:03","modified_gmt":"2026-09-01T16:57:03","slug":"bolojan-cere-nato-dislocarea-de-capabilitati-aliate-in-romania-pe-fondul-incidentelor-cu-drone","status":"publish","type":"post","link":"https:\/\/microscopemedia.com\/?p=711097","title":{"rendered":"Bolojan cere NATO dislocarea de capabilit\u0103\u021bi aliate \u00een Rom\u00e2nia, pe fondul incidentelor cu drone"},"content":{"rendered":"<div readability=\"15.589613034623\">\n<div class=\"sgb-google-buttons\">\n<div class=\"display-flex justify-center google-logo\"><img decoding=\"async\" loading=\"lazy\" class=\"mg-x-auto\" width=\"30\" height=\"30\" src=\"https:\/\/microscopemedia.com\/wp-content\/uploads\/2026\/09\/bolojan-cere-nato-dislocarea-de-capabilitati-aliate-in-romania-pe-fondul-incidentelor-cu-drone.png\" alt><\/div>\n<\/p><\/div>\n<p id=\"p-0\">\u00cen cadrul discu\u021biei, Bolojan i-a mul\u021bumit lui Mark Rutte \u0219i NATO pentru sprijinul acordat Rom\u00e2niei \u0219i a subliniat necesitatea ca Alian\u021ba s\u0103 \u00ee\u0219i men\u021bin\u0103 aten\u021bia asupra Flancului Estic \u0219i a M\u0103rii Negre, potrivit unui comunicat transmis mar\u021bi de <a href=\"https:\/\/gov.ro\/ro\/stiri\/prim-ministrul-ilie-bolojan-discutie-cu-secretarul-general-al-nato-mark-rutte\" target=\"_blank\" rel=\"noopener\">Guvern<\/a>.<\/p>\n<p id=\"p-1\">Premierul interimar a men\u021bionat inclusiv \u201edislocarea de capabilit\u0103\u021bi aliate \u00een Rom\u00e2nia, \u00een contextul intensific\u0103rii incursiunilor cu drone \u00een spa\u021biul maritim \u0219i aerian na\u021bional\u201d.<\/p>\n<p id=\"p-2\">Un alt subiect abordat a fost securitatea naviga\u021biei \u00een Marea Neagr\u0103.<\/p>\n<p id=\"p-3\">\u201eDiscu\u021bia a reconfirmat angajamentul \u021b\u0103rii noastre de a consolida securitatea pe Flancul Estic al Alian\u021bei \u0219i de a sprijini Ucraina \u00een fa\u021ba agresiunii ruse\u201d, se mai arat\u0103 \u00een comunicat.<\/p>\n<\/p><\/div>\n","protected":false},"excerpt":{"rendered":"<p>\u00cen cadrul discu\u021biei, Bolojan i-a mul\u021bumit lui Mark Rutte \u0219i NATO pentru sprijinul acordat Rom\u00e2niei \u0219i a subliniat necesitatea ca Alian\u021ba s\u0103 \u00ee\u0219i men\u021bin\u0103 aten\u021bia asupra Flancului Estic \u0219i a &hellip; <a href=\"https:\/\/microscopemedia.com\/?p=711097\" class=\"more-link\">Read More<\/a><\/p>\n","protected":false},"author":1,"featured_media":711098,"comment_status":"closed","ping_status":"closed","sticky":false,"template":"Default","format":"standard","meta":[],"categories":[1],"tags":[],"_links":{"self":[{"href":"https:\/\/microscopemedia.com\/index.php?rest_route=\/wp\/v2\/posts\/711097"}],"collection":[{"href":"https:\/\/microscopemedia.com\/index.php?rest_route=\/wp\/v2\/posts"}],"about":[{"href":"https:\/\/microscopemedia.com\/index.php?rest_route=\/wp\/v2\/types\/post"}],"author":[{"embeddable":true,"href":"https:\/\/microscopemedia.com\/index.php?rest_route=\/wp\/v2\/users\/1"}],"replies":[{"embeddable":true,"href":"https:\/\/microscopemedia.com\/index.php?rest_route=%2Fwp%2Fv2%2Fcomments&post=711097"}],"version-history":[{"count":0,"href":"https:\/\/microscopemedia.com\/index.php?rest_route=\/wp\/v2\/posts\/711097\/revisions"}],"wp:featuredmedia":[{"embeddable":true,"href":"https:\/\/microscopemedia.com\/index.php?rest_route=\/wp\/v2\/media\/711098"}],"wp:attachment":[{"href":"https:\/\/microscopemedia.com\/index.php?rest_route=%2Fwp%2Fv2%2Fmedia&parent=711097"}],"wp:term":[{"taxonomy":"category","embeddable":true,"href":"https:\/\/microscopemedia.com\/index.php?rest_route=%2Fwp%2Fv2%2Fcategories&post=711097"},{"taxonomy":"post_tag","embeddable":true,"href":"https:\/\/microscopemedia.com\/index.php?rest_route=%2Fwp%2Fv2%2Ftags&post=711097"}],"curies":[{"name":"wp","href":"https:\/\/api.w.org\/{rel}","templated":true}]}}