{"id":711099,"date":"2026-09-01T17:16:03","date_gmt":"2026-09-01T17:16:03","guid":{"rendered":"https:\/\/microscopemedia.com\/?p=711099"},"modified":"2026-09-01T17:16:03","modified_gmt":"2026-09-01T17:16:03","slug":"tripla-crima-in-muntenegru-un-cetatean-rus-cautat-dupa-atacul-armat","status":"publish","type":"post","link":"https:\/\/microscopemedia.com\/?p=711099","title":{"rendered":"Tripl\u0103 crim\u0103 \u00een Muntenegru. Un cet\u0103\u021bean rus, c\u0103utat dup\u0103 atacul armat"},"content":{"rendered":"<div class=\"sgb-google-buttons\">\n<div class=\"display-flex justify-center google-logo\"><img decoding=\"async\" loading=\"lazy\" class=\"mg-x-auto\" width=\"30\" height=\"30\" src=\"https:\/\/microscopemedia.com\/wp-content\/uploads\/2026\/09\/tripla-crima-in-muntenegru-un-cetatean-rus-cautat-dupa-atacul-armat.png\" alt><\/div>\n<\/p><\/div>\n<p class=\"isSelectedEnd\" id=\"p-0\">Autorit\u0103\u021bile \u00eei avertizeaz\u0103 pe localnici c\u0103 b\u0103rbatul este \u00eenarmat \u0219i poate reprezenta un pericol.<\/p>\n<p class=\"isSelectedEnd\" id=\"p-1\">Atacul a avut loc luni la un centru de tir din Danilovgrad, localitate situat\u0103 la aproximativ 20 de kilometri nord-vest de Podgorica, capitala Muntenegrului, potrivit informa\u021biilor comunicate de Ministerul de Interne \u0219i preluate de publica\u021bia <a href=\"https:\/\/www.leparisien.fr\/faits-divers\/montenegro-trois-morts-par-balles-dans-un-centre-de-tir-un-russe-arme-de-30-ans-recherche-01-09-2026-OCVGG2RXCJA2PO652TH2IUUXRA.php\" target=\"_blank\" rel=\"noopener\">Le Parisien<\/a>.<\/p>\n<p class=\"isSelectedEnd\" id=\"p-2\">Suspectul ar fi \u00eempu\u0219cat mortal trei angaja\u021bi ai centrului, dup\u0103 care a p\u0103r\u0103sit locul atacului.<\/p>\n<h2 id=\"chapter-0\">A fugit cu ma\u0219ina uneia dintre victime<\/h2>\n<p class=\"isSelectedEnd\" id=\"p-3\">Dup\u0103 atac, cet\u0103\u021beanul rus ar fi luat un autoturism Seat Cordoba de culoare neagr\u0103, care apar\u021binea uneia dintre persoanele ucise, \u0219i ar fi fugit de la fa\u021ba locului.<\/p>\n<p class=\"isSelectedEnd\" id=\"p-4\">Ma\u0219ina a fost g\u0103sit\u0103 ulterior abandonat\u0103 \u0219i f\u0103r\u0103 nicio persoan\u0103 \u00een interior, ceea ce a determinat autorit\u0103\u021bile s\u0103 declan\u0219eze o ampl\u0103 opera\u021biune pentru capturarea suspectului.<\/p>\n<p class=\"isSelectedEnd\" id=\"p-5\">Poli\u021bia a instituit filtre \u00een mai multe localit\u0103\u021bi din regiune \u0219i a f\u0103cut publice fotografii ale b\u0103rbatului, cer\u00e2nd popula\u021biei s\u0103 manifeste pruden\u021b\u0103.<\/p>\n<p class=\"isSelectedEnd\" id=\"p-6\">Autorit\u0103\u021bile au avertizat c\u0103 suspectul este \u00eenarmat \u0219i c\u0103 ar avea asupra sa muni\u021bie \u0219i mai multe arme de foc. Din acest motiv, locuitorilor li s-a recomandat s\u0103 fie deosebit de precau\u021bi c\u00e2t timp opera\u021biunea de c\u0103utare este \u00een desf\u0103\u0219urare.<\/p>\n<h2 id=\"chapter-1\">Motivul atacului r\u0103m\u00e2ne necunoscut<\/h2>\n<p class=\"isSelectedEnd\" id=\"p-7\">Autorit\u0103\u021bile din Muntenegru nu au anun\u021bat p\u00e2n\u0103 \u00een prezent ce anume ar fi putut determina atacul \u0219i nici dac\u0103 \u00eentre suspect \u0219i cele trei victime exista un conflict anterior.<\/p>\n<p class=\"isSelectedEnd\" id=\"p-8\">Potrivit informa\u021biilor ap\u0103rute \u00een presa local\u0103 \u0219i preluate de Le Parisien, b\u0103rbatul ar fi \u00eenchiriat anterior arme de foc de la poligonul \u00een care s-a produs atacul.<\/p>\n<p class=\"isSelectedEnd\" id=\"p-9\">Incidentul readuce \u00een aten\u021bie problema atacurilor armate \u00eentr-o \u021bar\u0103 cu aproximativ 600.000 de locuitori, care s-a confruntat \u00een ultimii ani cu mai multe asemenea tragedii.<\/p>\n<p class=\"isSelectedEnd\" id=\"p-10\">\u00cen ianuarie 2025, 12 persoane au fost ucise \u00eentr-un atac armat produs \u00een sudul Muntenegrului, dup\u0103 o alterca\u021bie izbucnit\u0103 \u00eentr-un restaurant.<\/p>\n<p id=\"p-11\">Opera\u021biunea pentru g\u0103sirea cet\u0103\u021beanului rus suspectat de triplul omor continu\u0103, iar poli\u021bia \u00eel consider\u0103 periculos at\u00e2t din cauza armelor pe care le-ar avea asupra sa, c\u00e2t \u0219i a cantit\u0103\u021bii de muni\u021bie cu care ar fi fugit.<\/p>\n","protected":false},"excerpt":{"rendered":"<p>Autorit\u0103\u021bile \u00eei avertizeaz\u0103 pe localnici c\u0103 b\u0103rbatul este \u00eenarmat \u0219i poate reprezenta un pericol. Atacul a avut loc luni la un centru de tir din Danilovgrad, localitate situat\u0103 la aproximativ &hellip; <a href=\"https:\/\/microscopemedia.com\/?p=711099\" class=\"more-link\">Read More<\/a><\/p>\n","protected":false},"author":1,"featured_media":711100,"comment_status":"closed","ping_status":"closed","sticky":false,"template":"Default","format":"standard","meta":[],"categories":[1],"tags":[],"_links":{"self":[{"href":"https:\/\/microscopemedia.com\/index.php?rest_route=\/wp\/v2\/posts\/711099"}],"collection":[{"href":"https:\/\/microscopemedia.com\/index.php?rest_route=\/wp\/v2\/posts"}],"about":[{"href":"https:\/\/microscopemedia.com\/index.php?rest_route=\/wp\/v2\/types\/post"}],"author":[{"embeddable":true,"href":"https:\/\/microscopemedia.com\/index.php?rest_route=\/wp\/v2\/users\/1"}],"replies":[{"embeddable":true,"href":"https:\/\/microscopemedia.com\/index.php?rest_route=%2Fwp%2Fv2%2Fcomments&post=711099"}],"version-history":[{"count":0,"href":"https:\/\/microscopemedia.com\/index.php?rest_route=\/wp\/v2\/posts\/711099\/revisions"}],"wp:featuredmedia":[{"embeddable":true,"href":"https:\/\/microscopemedia.com\/index.php?rest_route=\/wp\/v2\/media\/711100"}],"wp:attachment":[{"href":"https:\/\/microscopemedia.com\/index.php?rest_route=%2Fwp%2Fv2%2Fmedia&parent=711099"}],"wp:term":[{"taxonomy":"category","embeddable":true,"href":"https:\/\/microscopemedia.com\/index.php?rest_route=%2Fwp%2Fv2%2Fcategories&post=711099"},{"taxonomy":"post_tag","embeddable":true,"href":"https:\/\/microscopemedia.com\/index.php?rest_route=%2Fwp%2Fv2%2Ftags&post=711099"}],"curies":[{"name":"wp","href":"https:\/\/api.w.org\/{rel}","templated":true}]}}