{"id":711109,"date":"2026-09-01T18:27:03","date_gmt":"2026-09-01T18:27:03","guid":{"rendered":"https:\/\/microscopemedia.com\/?p=711109"},"modified":"2026-09-01T18:27:03","modified_gmt":"2026-09-01T18:27:03","slug":"o-toamna-muzicala-dedicata-celebrarii-wagneriene-si-enesciene-la-bucuresti","status":"publish","type":"post","link":"https:\/\/microscopemedia.com\/?p=711109","title":{"rendered":"O toamn\u0103 muzical\u0103 dedicat\u0103 celebr\u0103rii wagneriene \u0219i enesciene la Bucure\u0219ti"},"content":{"rendered":"<div class=\"sgb-google-buttons\">\n<div class=\"display-flex justify-center google-logo\"><img decoding=\"async\" loading=\"lazy\" class=\"mg-x-auto\" width=\"30\" height=\"30\" src=\"https:\/\/microscopemedia.com\/wp-content\/uploads\/2026\/09\/o-toamna-muzicala-dedicata-celebrarii-wagneriene-si-enesciene-la-bucuresti.png\" alt><\/div>\n<\/p><\/div>\n<p id=\"p-0\">Edi\u021bOricum, am r\u0103mas \u00eenc\u00e2ntat de faptul c\u0103, pe la al\u021bii, \u00eenc\u0103 mai exist\u0103 sec\u021biune cultural\u0103 \u00een presa mainstream.<\/p>\n<p id=\"p-1\">Contextul articolului este c\u0103, anul acesta, se \u00eemplinesc 150 de ani de la prima reprezentare integral\u0103, la Bayreuth, a <em>Inelului Nibelungului<\/em> de Wagner. Premiera din august 1876 a fost unul dintre acele momente \u00een care \u00ee\u021bi dai seama ce \u00eensemna, \u00een Europa secolului al XIX-lea, s\u0103 existe cu adev\u0103rat o elit\u0103 politic\u0103 \u0219i cultural\u0103.<\/p>\n<p id=\"p-2\">La Bayreuth au venit, atunci, \u00eemp\u0103ratul Wilhelm I al Germaniei, \u00eemp\u0103ratul Pedro al II-lea al Braziliei, filosoful Friedrich Nietzsche, compozitorii Franz Liszt, Anton Bruckner, Piotr Ilici Ceaikovski, Edvard Grieg, Camille Saint-Sa\u00ebns \u0219i arhitectul Gottfried Semper. Ludwig al II-lea al Bavariei, marele protector al lui Wagner, sus\u021binuse proiectul \u0219i participase inclusiv la repeti\u021bii.<\/p>\n<h2 id=\"chapter-0\">\u00cen acele vremuri, politicianul mergea la cultur\u0103<\/h2>\n<p id=\"p-3\">V\u0103 pute\u021bi imagina ast\u0103zi un mare demnitar \u00een func\u021bie asist\u00e2nd la repeti\u021biile unei opere? \u00centrebarea pare frivol\u0103, dar spune ceva esen\u021bial despre raportul dintre putere, cultur\u0103 \u0219i aspira\u021biile unei societ\u0103\u021bi. \u00cen lumea aceea, cultura nu venea la politician pentru o fotografie. Politicianul se ducea la cultur\u0103: uneori chiar la repeti\u021bie.<\/p>\n<p id=\"p-4\">Sigur, nu idealizez aristocra\u021bia european\u0103. Numai c\u0103 rezultatul istoric al patronajului pe care aceasta l-a exercitat nu poate fi negat. Haydn a avut familia Esterh\u00e1zy. Mozart a tr\u0103it \u00eentr-o lume dominat\u0103 de comenzi aristocratice \u0219i princiare. Beethoven \u0219i-a dedicat operele unor arhiduci, prin\u021bi, con\u021bi \u0219i prin\u021bese: am scos, pentru a ilustra aceast\u0103 argumenta\u021bie, <a href=\"https:\/\/www.gandul.ro\/actualitate\/istoricul-bogdan-bucur-festivalul-george-enescu-este-singurul-produs-cultural-glocal-din-patrimoniul-imaterial-national-poate-deveni-portdrapelul-si-brandul-de-tara-19695904\"><strong>o list\u0103 a sponsorilor acestuia<\/strong><\/a>. Wagner, f\u0103r\u0103 sprijinul lui Ludwig al II-lea al Bavariei, cu certitudine nu ar fi putut realiza niciodat\u0103 proiectul gigantic de la Bayreuth.<\/p>\n<p id=\"p-5\">P\u00e2n\u0103 la urm\u0103, fiecare societate \u00ee\u0219i finan\u021beaz\u0103 propriile aspira\u021bii. Pentru p\u0103strarea nealterat\u0103 a adev\u0103rului istoric, voi face o scurt\u0103 digresiune, dac\u0103-mi este permis\u0103. Din c\u00e2te \u0219tiu eu, singurul politician rom\u00e2n contemporan despre care am aflat cu certitudine c\u0103 a mers la Festivalul de la Bayreuth este Adrian N\u0103stase.<\/p>\n<h2 id=\"chapter-1\">Ion Iliescu, singurul pre\u0219edinte care a participat constant la Festivalul Enescu<\/h2>\n<p id=\"p-6\">Dac\u0103 mai \u0219ti\u021bi \u0219i alte exemple relevante, chiar v\u0103 rog s\u0103-mi spune\u021bi. Este aproape singurul \u2013 al\u0103turi de Victor Opaschi, Ionu\u021b Vulpescu \u0219i Mircea Geoan\u0103 \u2013 pe care l-am v\u0103zut \u00een mod recurent la Festivalul Enescu. O men\u021biune separat\u0103 trebuie f\u0103cut\u0103 despre Ion Iliescu: a fost singurul pre\u0219edinte al Rom\u00e2niei cu participare constant\u0103 la Festivalul Enescu (\u00een perioada copil\u0103riei \u0219i adolescen\u021bei mele, motiv pentru care aceasta este singura men\u021biune indirect\u0103) \u0219i consum cultural frecvent (\u00eenc\u0103 din perioada comunist\u0103, Ion Iliescu a fost un consumator fervent de cultur\u0103). Singurul ministru al culturii despre care pot spune acelea\u0219i lucruri este cel \u00een func\u021bie (Andr\u00e1s Demeter).<\/p>\n<p id=\"p-7\">Cu excep\u021bia lui Ionu\u021b Vulpescu \u0219i Andr\u00e1s Demeter, n-am v\u0103zut \u00een ultimii 10 ani niciun ministru al culturii care s\u0103 participe recurent la Festivalul Enescu. \u0218i m-am uitat cu maxim\u0103 aten\u021bie: repet, vorbesc din ce am v\u0103zut cu ochii mei. Recurent nu \u00eenseamn\u0103 s\u0103 asi\u0219ti la concertul inaugural: asta ca s\u0103 nu avem vorbe.<\/p>\n<p id=\"p-8\">\u00cen plus, nu pot s\u0103 nu observ \u0219i altceva. Adrian N\u0103stase este \u0219i unul dintre foarte pu\u021binii politicieni rom\u00e2ni de dup\u0103 1989 de pe urma c\u0103ruia a r\u0103mas efectiv ceva \u00een cultura rom\u00e2n\u0103: Muzeul Na\u021bional al H\u0103r\u021bilor \u0219i C\u0103r\u021bilor Vechi. E crea\u021bia \u0219i dona\u021bia lui personal\u0103, chiar dac\u0103 nu este singura institu\u021bie cultural\u0103 \u00eenfiin\u021bat\u0103 sub prim-ministeriatul acestuia. Pute\u021bi judeca f\u0103r\u0103 menajamente omul politic \u0219i epoca lui: sunte\u021bi invita\u021bii mei de pe acum.<\/p>\n<h2 id=\"chapter-2\">Urmele lui Adrian N\u0103stase \u00een cultur\u0103<\/h2>\n<p id=\"p-9\">Dar Muzeul Na\u021bional al H\u0103r\u021bilor \u0219i C\u0103r\u021bilor Vechi exist\u0103. Colec\u021bia exist\u0103. A r\u0103mas totu\u0219i ceva \u00een urma lui Adrian N\u0103stase \u00een cultura rom\u00e2n\u0103. De pe urma at\u00e2tor oameni ai sistemului care i-au succedat prin cele mai \u00eenalte func\u021bii ale statului nu a r\u0103mas nimic. Doar praful de pe tob\u0103 \u0219i un zgomot asurzitor.<\/p>\n<p id=\"p-10\">M-am g\u00e2ndit la toate acestea \u0219i pentru c\u0103, \u00een aceste zile, Bucure\u0219tiul tr\u0103ie\u0219te \u00eentr-un foarte frumos context muzical: m\u0103 refer la <a href=\"https:\/\/festivalenescu.ro\/ro\/concursul-international-george-enescu\/informatii-utile-pentru-concurenti\/calendarul-concursului\"><strong>Concursul Interna\u021bional George Enescu<\/strong><\/a> care este \u00een desf\u0103\u0219urare la Bucure\u0219ti. \u00cen 2026, George Enescu este celebrat prin dou\u0103 repere importante concomitente: 145 de ani de la na\u0219terea acestuia sunt marca\u021bi printr-o edi\u021bie a XX-a, aniversar\u0103, a <a href=\"https:\/\/www.artexim.ro\/concursul-international-george-enescu\/concurs-2026\/\"><strong>Concursului Interna\u021bional George Enescu<\/strong><\/a>.<\/p>\n<h2 id=\"chapter-3\">Edi\u021bia din acest an, special\u0103<\/h2>\n<p id=\"p-11\">Edi\u021bia din 2026 este una special\u0103 \u0219i din perspectiv\u0103 \u0219tiin\u021bific\u0103. Joi, 10 septembrie, de la ora 15.00, \u00een cadrul <a href=\"https:\/\/cnir2026.com\/\"><strong>Congresului Na\u021bional al Istoricilor Rom\u00e2ni<\/strong><\/a>, voi modera panelul de <em>Istorie social\u0103 \u0219i sociologie istoric\u0103: convergen\u021be epistemologice \u0219i tensiuni metodologice<\/em>. Panelul este organizat \u00een parteneriat cu Artexim, organizatorul Festivalului \u0219i Concursului Interna\u021bional George Enescu, \u00een cadrul unei colabor\u0103ri cu Facultatea de Istorie a Universit\u0103\u021bii din Bucure\u0219ti. Iar lucrul care \u00eemi place foarte mult este c\u0103 discu\u021bia noastr\u0103 nu se va \u00eencheia odat\u0103 cu ultima interven\u021bie academic\u0103. A doua zi, vineri, 11 septembrie, vom merge \u00eempreun\u0103 la Semifinala Sec\u021biunii de Vioar\u0103 a <a href=\"https:\/\/www.artexim.ro\/concursul-international-george-enescu\/concurs-2026\/\"><strong>Concursului Interna\u021bional George Enescu 2026<\/strong><\/a>.<\/p>\n<p id=\"p-12\"><img class=\"alignnone size-full wp-image-23800075\" src=\"https:\/\/microscopemedia.com\/wp-content\/uploads\/2026\/09\/o-toamna-muzicala-dedicata-celebrarii-wagneriene-si-enesciene-la-bucuresti.webp\" alt width=\"900\" height=\"1253\" loading=\"lazy\" decoding=\"async\" srcset=\"https:\/\/microscopemedia.com\/wp-content\/uploads\/2026\/09\/o-toamna-muzicala-dedicata-celebrarii-wagneriene-si-enesciene-la-bucuresti-2.webp 500w, https:\/\/microscopemedia.com\/wp-content\/uploads\/2026\/09\/o-toamna-muzicala-dedicata-celebrarii-wagneriene-si-enesciene-la-bucuresti.webp 728w\"><\/p>\n<p id=\"p-13\"><img class=\"alignnone size-full wp-image-23800074\" src=\"https:\/\/microscopemedia.com\/wp-content\/uploads\/2026\/09\/o-toamna-muzicala-dedicata-celebrarii-wagneriene-si-enesciene-la-bucuresti-1.webp\" alt width=\"900\" height=\"1209\" loading=\"lazy\" decoding=\"async\" srcset=\"https:\/\/microscopemedia.com\/wp-content\/uploads\/2026\/09\/o-toamna-muzicala-dedicata-celebrarii-wagneriene-si-enesciene-la-bucuresti-3.webp 500w, https:\/\/microscopemedia.com\/wp-content\/uploads\/2026\/09\/o-toamna-muzicala-dedicata-celebrarii-wagneriene-si-enesciene-la-bucuresti-1.webp 728w\"><\/p>\n<p id=\"p-14\">Mi se pare o continuare minunat\u0103. \u0218tiin\u021bele sociale nu se ocup\u0103 doar de institu\u021bii, structuri \u0219i procese. Suntem interesa\u021bi \u0219i de felul \u00een care se formeaz\u0103 gusturile, prestigiul, educa\u021bia cultural\u0103, ierarhiile simbolice \u0219i raportul dintre elite \u0219i societate. De aceea, dup\u0103 c\u00e2teva ore de reflec\u021bie academic\u0103, \u00eent\u00e2lnirea direct\u0103 cu marea muzic\u0103 mi se pare o prelungire foarte potrivit\u0103 a discu\u021biei noastre precedente. Le sunt recunosc\u0103tor Cristinei Uruc, directoarea Artexim, \u0219i decanului Facult\u0103\u021bii de Istorie, Matei Gheboianu, pentru aceast\u0103 colaborare, pe care sper s\u0103 o vedem continuat\u0103 \u0219i \u00een anii urm\u0103tori.<\/p>\n<h2 id=\"chapter-4\">Cum readucem cultura \u00een centrul vie\u021bii sociale?<\/h2>\n<p id=\"p-15\">\u00cen fond, aici este \u0219i una dintre \u00eentreb\u0103rile care m\u0103 preocup\u0103 constant: cum readucem cultura \u00een centrul vie\u021bii sociale f\u0103r\u0103 s\u0103 o transform\u0103m nici \u00een ornament protocolar, nici \u00eentr-un produs destinat exclusiv unui public restr\u00e2ns? Apropo, am v\u0103zut zilele trecute, pe pagina talentatului regizor Alexandru Nagy, o veste pe care am preluat-o \u0219i care mi-a f\u0103cut diminea\u021ba mai frumoas\u0103: <a href=\"https:\/\/www.lascala.tv\"><strong>LaScalaTV<\/strong><\/a> a devenit gratuit\u0103.<\/p>\n<p id=\"p-16\">Cu o simpl\u0103 \u00eenregistrare, oricine poate avea acces la opere, balete, concerte, produc\u021bii recente \u0219i spectacole istorice ale celebrului teatru milanez, inclusiv la \u00eenregistr\u0103ri asociate unor nume precum Claudio Abbado sau Riccardo Muti. Iar aceast\u0103 deschidere c\u0103tre public este posibil\u0103 datorit\u0103 sprijinului Intesa Sanpaolo. Mi se pare un exemplu splendid de mecenat cultural contemporan din partea acestei prestigioase institu\u021bii bancare. Nu mai avem cur\u021bi princiare sau regale care s\u0103 finan\u021beze, din capriciu sau pasiune, un compozitor.<\/p>\n<p id=\"p-17\">Avem \u00eens\u0103 companii mari care pot \u00een\u021belege c\u0103 o parte a responsabilit\u0103\u021bii lor publice poate lua forma sprijinului pentru cultur\u0103. Iar atunci c\u00e2nd acest sprijin este inteligent, rezultatul este l\u0103rgirea extraordinar\u0103 a publicului. Sigur c\u0103 un ecran nu va \u00eenlocui niciodat\u0103 autenticitatea unei seri petrecute \u00een sala de oper\u0103: mai ales la Scala. Dar poate crea curiozitate, poate forma gustul \u0219i poate aduce marea muzic\u0103 acolo unde p\u00e2n\u0103 ieri nu ajungea.<\/p>\n<h2 id=\"chapter-5\">Forma s\u0103n\u0103toas\u0103 a democratiz\u0103rii culturii<\/h2>\n<p id=\"p-18\">Poate face ca un adolescent dintr-un ora\u0219 f\u0103r\u0103 oper\u0103 s\u0103-l descopere pe Verdi, pe Puccini sau pe Wagner \u0219i s\u0103 doreasc\u0103 mai apoi s\u0103-i asculte \u00eentr-o sal\u0103 adev\u0103rat\u0103. Aceasta mi se pare c\u0103 este, de fapt, forma s\u0103n\u0103toas\u0103 a democratiz\u0103rii culturii: nu s\u0103 cobori cultura p\u00e2n\u0103 la desfigurare, ci s\u0103 faci accesul mai u\u0219or, p\u0103str\u00e2nd standardele.<\/p>\n<p id=\"p-19\">Iar Bucure\u0219tiul are, din fericire, c\u00e2teva institu\u021bii care pot face exact acest lucru \u00een mod natural. M\u0103 refer la Filarmonica George Enescu (care intr\u0103, din aceast\u0103 toamn\u0103, \u00eentr-o nou\u0103 \u0219i mare etap\u0103 artistic\u0103, odat\u0103 cu <a href=\"https:\/\/www.mediafax.ro\/cultura-media\/un-pas-mic-pentru-filarmonica-george-enescu-dar-un-salt-urias-pentru-cultura-romana-numirea-dirijorului-american-robert-trevino-23679351\"><strong>instalarea lui Robert Trevi\u00f1o \u00een func\u021bia de dirijor principal<\/strong><\/a>) \u0219i la Opera Na\u021bional\u0103 Bucure\u0219ti (care deschide stagiunea, <em>de facto<\/em>, pe 1 \u0219i 3 octombrie 2026, cu <a href=\"https:\/\/operanb.ro\/spectacol\/tannhauser\/#011020260\"><strong><em>Tannh\u00e4user <\/em><\/strong><strong>de Wagner<\/strong><\/a>, sub bagheta lui Cristian Mandeal). O coinciden\u021b\u0103 aniversar\u0103 care \u00eemi place foarte mult, c\u0103ci suntem la 150 de ani de la acel august 1876 \u00een care Wagner \u00ee\u0219i prezenta integral <em>Inelul Nibelungului<\/em> la Bayreuth.<\/p>\n<p id=\"p-20\"><em>Tannh\u00e4user<\/em> avusese premiera \u00een 1845, cu c\u00e2\u021biva ani \u00eenainte ca Wagner s\u0103 \u00eenceap\u0103 aventura monumental\u0103 a tetralogiei sale. Vom putea, a\u0219adar, asculta la Bucure\u0219ti un Wagner aflat \u00eenc\u0103 \u00een drum spre revolu\u021bia artistic\u0103 pe care avea s\u0103 o des\u0103v\u00e2r\u0219easc\u0103 \u00een <em>Inelul Nibelungului<\/em>: o experien\u021b\u0103 artistic\u0103 total\u0103, care cuprinde muzic\u0103, poezie, teatru, scenografie \u0219i arhitectur\u0103, reunite \u00eentr-o singur\u0103 experien\u021b\u0103. Inclusiv teatrul de la Bayreuth a fost construit \u00een acest scop. Orchestra este ascuns\u0103 privirii, iar spectatorul trebuie absorbit total de ceea ce se petrece pe scen\u0103. Wagner anticipa experien\u021ba cinematografic\u0103 cu multe decenii \u00eenaintea invent\u0103rii acestuia de c\u0103tre fra\u021bii Auguste \u0219i Louis Lumi\u00e8re.<\/p>\n<h2 id=\"chapter-6\">Ce loc acord\u0103 o societate culturii?<\/h2>\n<p id=\"p-21\">Mi se pare o form\u0103 foarte frumoas\u0103 prin care Opera Na\u021bional\u0103 Bucure\u0219ti marcheaz\u0103 aceast\u0103 aniversare la Bucure\u0219ti. \u0218i, dac\u0103 m\u0103 g\u00e2ndesc bine, toate aceste lucruri despre care am vorbit \u2013 Bayreuth, patronajul aristocratic, Concursul Enescu, panelul meu de istorie social\u0103 \u0219i sociologie istoric\u0103 din cadrul Congresului Na\u021bional al Istoricilor Rom\u00e2ni, La Scala din Milano deschis\u0103 gratuit c\u0103tre lume printr-un parteneriat privat \u0219i Wagner c\u00e2ntat la Opera Na\u021bional\u0103 Bucure\u0219ti \u2013 \u021bin cumva de aceea\u0219i \u00eentrebare: ce loc acord\u0103 o societate culturii?<\/p>\n<p id=\"p-22\">Nu declarativ sau prin discursuri festive, ci efectiv: prin bani, institu\u021bii, educa\u021bie, acces \u0219i participare. \u00cen 1876, \u00eemp\u0103ra\u021bi, regi, mari filosofi, arhitec\u021bi \u0219i compozitori celebri au venit \u00eentr-un mic ora\u0219 bavarez ca s\u0103 asculte Wagner. Nu avem nevoie s\u0103 reconstruim acea lume \u0219i nici nu ar fi posibil. Dar cred c\u0103 avem nevoie s\u0103 reconstruim ceva din seriozitatea cu care cultura era luat\u0103 \u00een seam\u0103. Pentru c\u0103, p\u00e2n\u0103 la urm\u0103, istoria nu re\u021bine numai cine a avut \u00een mod provizoriu puterea. <strong>Re\u021bine \u0219i ce a f\u0103cut cu ea<\/strong>. Restul e zgomot \u0219i praf de stele.<\/p>\n","protected":false},"excerpt":{"rendered":"<p>Edi\u021bOricum, am r\u0103mas \u00eenc\u00e2ntat de faptul c\u0103, pe la al\u021bii, \u00eenc\u0103 mai exist\u0103 sec\u021biune cultural\u0103 \u00een presa mainstream. Contextul articolului este c\u0103, anul acesta, se \u00eemplinesc 150 de ani de &hellip; <a href=\"https:\/\/microscopemedia.com\/?p=711109\" class=\"more-link\">Read More<\/a><\/p>\n","protected":false},"author":1,"featured_media":711110,"comment_status":"closed","ping_status":"closed","sticky":false,"template":"Default","format":"standard","meta":[],"categories":[1],"tags":[],"_links":{"self":[{"href":"https:\/\/microscopemedia.com\/index.php?rest_route=\/wp\/v2\/posts\/711109"}],"collection":[{"href":"https:\/\/microscopemedia.com\/index.php?rest_route=\/wp\/v2\/posts"}],"about":[{"href":"https:\/\/microscopemedia.com\/index.php?rest_route=\/wp\/v2\/types\/post"}],"author":[{"embeddable":true,"href":"https:\/\/microscopemedia.com\/index.php?rest_route=\/wp\/v2\/users\/1"}],"replies":[{"embeddable":true,"href":"https:\/\/microscopemedia.com\/index.php?rest_route=%2Fwp%2Fv2%2Fcomments&post=711109"}],"version-history":[{"count":0,"href":"https:\/\/microscopemedia.com\/index.php?rest_route=\/wp\/v2\/posts\/711109\/revisions"}],"wp:featuredmedia":[{"embeddable":true,"href":"https:\/\/microscopemedia.com\/index.php?rest_route=\/wp\/v2\/media\/711110"}],"wp:attachment":[{"href":"https:\/\/microscopemedia.com\/index.php?rest_route=%2Fwp%2Fv2%2Fmedia&parent=711109"}],"wp:term":[{"taxonomy":"category","embeddable":true,"href":"https:\/\/microscopemedia.com\/index.php?rest_route=%2Fwp%2Fv2%2Fcategories&post=711109"},{"taxonomy":"post_tag","embeddable":true,"href":"https:\/\/microscopemedia.com\/index.php?rest_route=%2Fwp%2Fv2%2Ftags&post=711109"}],"curies":[{"name":"wp","href":"https:\/\/api.w.org\/{rel}","templated":true}]}}