{"id":711111,"date":"2026-09-01T18:46:04","date_gmt":"2026-09-01T18:46:04","guid":{"rendered":"https:\/\/microscopemedia.com\/?p=711111"},"modified":"2026-09-01T18:46:04","modified_gmt":"2026-09-01T18:46:04","slug":"avertismentul-lui-zelenski-pentru-companiile-care-mai-zboara-in-rusia-momentele-de-siguranta-s-au-terminat","status":"publish","type":"post","link":"https:\/\/microscopemedia.com\/?p=711111","title":{"rendered":"Avertismentul lui Zelenski pentru companiile care mai zboar\u0103 \u00een Rusia: \u201eMomentele de siguran\u021b\u0103 s-au terminat\u201d"},"content":{"rendered":"<div class=\"sgb-google-buttons\">\n<div class=\"display-flex justify-center google-logo\"><img decoding=\"async\" loading=\"lazy\" class=\"mg-x-auto\" width=\"30\" height=\"30\" src=\"https:\/\/microscopemedia.com\/wp-content\/uploads\/2026\/09\/avertismentul-lui-zelenski-pentru-companiile-care-mai-zboara-in-rusia-momentele-de-siguranta-s-au-terminat.png\" alt><\/div>\n<\/p><\/div>\n<p class=\"isSelectedEnd\" id=\"p-0\">Liderul de la Kiev sus\u021bine c\u0103 prezen\u021ba dronelor va transforma tot mai mult spa\u021biul aerian rus \u00eentr-o zon\u0103 nesigur\u0103 pentru avia\u021bia civil\u0103.<\/p>\n<p class=\"isSelectedEnd\" id=\"p-2\">Volodimir Zelenski a afirmat, \u00eentr-un mesaj publicat pe Facebook, c\u0103 avertismentul Kievului vizeaz\u0103 \u201efiecare companie aerian\u0103 care utilizeaz\u0103 spa\u021biul aerian rus, fiecare asigur\u0103tor\u201d \u0219i toate entit\u0103\u021bile care continu\u0103 s\u0103 foloseasc\u0103 principalele aeroporturi ale Federa\u021biei Ruse.<\/p>\n<p class=\"isSelectedEnd\" id=\"p-3\">\u201eCerul rusesc devine complet periculos\u201d, a transmis pre\u0219edintele Ucrainei.<\/p>\n<p class=\"isSelectedEnd\" id=\"p-4\">Zelenski a insistat c\u0103 Ucraina nu urm\u0103re\u0219te s\u0103 pun\u0103 \u00een pericol aeronavele civile, dar a avertizat c\u0103 operatorii aerieni trebuie s\u0103 \u021bin\u0103 cont de prezen\u021ba dronelor \u00een spa\u021biul aerian al Rusiei.<\/p>\n<p class=\"isSelectedEnd\" id=\"p-5\">\u201eUcraina nu amenin\u021b\u0103 avia\u021bia civil\u0103 ca atare \u2013 niciun avion civil. Pur \u0219i simplu, vor exista drone pe cerul Rusiei, iar acest lucru trebuie luat \u00een considerare\u201d, a afirmat liderul ucrainean.<\/p>\n<h2 id=\"chapter-0\">Zelenski: Spa\u021biul aerian rus se va \u00eenchide de facto<\/h2>\n<p class=\"isSelectedEnd\" id=\"p-6\">Pre\u0219edintele ucrainean a sus\u021binut c\u0103 autorit\u0103\u021bile de la Moscova nu informeaz\u0103 \u00een mod corespunz\u0103tor asupra pericolelor \u0219i a anticipat o restr\u00e2ngere progresiv\u0103, \u00een practic\u0103, a utiliz\u0103rii spa\u021biului aerian rus.<\/p>\n<p class=\"isSelectedEnd\" id=\"p-7\">\u201eCerul rusesc va fi, de facto, \u00eenchis: r\u0103zboiul declan\u0219at de Rusia \u00eei \u00eenchide spa\u021biul aerian\u201d, a afirmat Zelenski.<\/p>\n<p class=\"isSelectedEnd\" id=\"p-8\">Liderul de la Kiev a explicat avertismentul prin dorin\u021ba Ucrainei de a evita victime \u00een r\u00e2ndul civililor.<\/p>\n<p class=\"isSelectedEnd\" id=\"p-9\">\u201eNoi, \u00een Ucraina, nu vrem pierderea unor vie\u021bi nevinovate. De aceea \u00eei avertiz\u0103m pe parteneri: pe cerul Rusiei s-au terminat momentele de siguran\u021b\u0103\u201d, a transmis pre\u0219edintele ucrainean.<\/p>\n<h2 id=\"chapter-1\">Mesaj pentru ambasadori \u0219i companiile care zboar\u0103 spre Moscova \u0219i Sankt Petersburg<\/h2>\n<p class=\"isSelectedEnd\" id=\"p-10\">Zelenski a cerut ca avertismentul s\u0103 ajung\u0103 at\u00e2t la ambasadorii str\u0103ini acredita\u021bi \u00een Ucraina, c\u00e2t \u0219i la diploma\u021bii care \u00ee\u0219i desf\u0103\u0219oar\u0103 activitatea la Moscova.<\/p>\n<p class=\"isSelectedEnd\" id=\"p-11\">Potrivit pre\u0219edintelui ucrainean, ace\u0219tia trebuie s\u0103 transmit\u0103 informa\u021biile propriilor capitale, astfel \u00eenc\u00e2t guvernele s\u0103 poat\u0103 evalua riscurile asociate utiliz\u0103rii spa\u021biului aerian al Federa\u021biei Ruse.<\/p>\n<p class=\"isSelectedEnd\" id=\"p-12\">Avertismentul a fost adresat \u00een mod special companiilor care continu\u0103 s\u0103 opereze curse c\u0103tre principalele aeroporturi ruse\u0219ti.<\/p>\n<p class=\"isSelectedEnd\" id=\"p-13\">\u201eEste important ca acest lucru s\u0103 fie auzit de companiile aeriene relevante care zboar\u0103 \u00een prezent, \u00een primul r\u00e2nd, c\u0103tre aeroporturile din Moscova, Sankt Petersburg \u0219i c\u0103tre alte destina\u021bii-cheie din Rusia\u201d, a declarat Zelenski.<\/p>\n<h2 id=\"chapter-2\">Kievul va sesiza organismele interna\u021bionale<\/h2>\n<p class=\"isSelectedEnd\" id=\"p-14\">Pre\u0219edintele ucrainean a anun\u021bat c\u0103 Ministerul Afacerilor Externe de la Kiev \u0219i celelalte institu\u021bii competente vor transmite organismelor interna\u021bionale informa\u021bii privind pericolele pe care Ucraina le identific\u0103 \u00een spa\u021biul aerian al Rusiei.<\/p>\n<p class=\"isSelectedEnd\" id=\"p-15\">Zelenski \u0219i-a \u00eencheiat avertismentul cu un mesaj adresat direct sectorului aviatic: \u201eAvia\u021bia civil\u0103 nu are ce c\u0103uta printre drone.\u201d<\/p>\n<p id=\"p-16\">Declara\u021bia reprezint\u0103 un avertisment explicit al Kievului privind riscurile pentru traficul aerian civil \u00een Rusia, \u00eens\u0103 Zelenski nu a indicat \u00een postarea sa aeroporturi care ar urma s\u0103 fie atacate \u0219i nici opera\u021biuni concrete planificate de for\u021bele ucrainene.<\/p>\n","protected":false},"excerpt":{"rendered":"<p>Liderul de la Kiev sus\u021bine c\u0103 prezen\u021ba dronelor va transforma tot mai mult spa\u021biul aerian rus \u00eentr-o zon\u0103 nesigur\u0103 pentru avia\u021bia civil\u0103. Volodimir Zelenski a afirmat, \u00eentr-un mesaj publicat pe &hellip; <a href=\"https:\/\/microscopemedia.com\/?p=711111\" class=\"more-link\">Read More<\/a><\/p>\n","protected":false},"author":1,"featured_media":711112,"comment_status":"closed","ping_status":"closed","sticky":false,"template":"Default","format":"standard","meta":[],"categories":[1],"tags":[],"_links":{"self":[{"href":"https:\/\/microscopemedia.com\/index.php?rest_route=\/wp\/v2\/posts\/711111"}],"collection":[{"href":"https:\/\/microscopemedia.com\/index.php?rest_route=\/wp\/v2\/posts"}],"about":[{"href":"https:\/\/microscopemedia.com\/index.php?rest_route=\/wp\/v2\/types\/post"}],"author":[{"embeddable":true,"href":"https:\/\/microscopemedia.com\/index.php?rest_route=\/wp\/v2\/users\/1"}],"replies":[{"embeddable":true,"href":"https:\/\/microscopemedia.com\/index.php?rest_route=%2Fwp%2Fv2%2Fcomments&post=711111"}],"version-history":[{"count":0,"href":"https:\/\/microscopemedia.com\/index.php?rest_route=\/wp\/v2\/posts\/711111\/revisions"}],"wp:featuredmedia":[{"embeddable":true,"href":"https:\/\/microscopemedia.com\/index.php?rest_route=\/wp\/v2\/media\/711112"}],"wp:attachment":[{"href":"https:\/\/microscopemedia.com\/index.php?rest_route=%2Fwp%2Fv2%2Fmedia&parent=711111"}],"wp:term":[{"taxonomy":"category","embeddable":true,"href":"https:\/\/microscopemedia.com\/index.php?rest_route=%2Fwp%2Fv2%2Fcategories&post=711111"},{"taxonomy":"post_tag","embeddable":true,"href":"https:\/\/microscopemedia.com\/index.php?rest_route=%2Fwp%2Fv2%2Ftags&post=711111"}],"curies":[{"name":"wp","href":"https:\/\/api.w.org\/{rel}","templated":true}]}}