{"id":711125,"date":"2026-09-01T20:07:03","date_gmt":"2026-09-01T20:07:03","guid":{"rendered":"https:\/\/microscopemedia.com\/?p=711125"},"modified":"2026-09-01T20:07:03","modified_gmt":"2026-09-01T20:07:03","slug":"diplomatii-romani-care-sustin-democratia-si-libertatea-presei-vor-putea-primi-premiul-ratiu","status":"publish","type":"post","link":"https:\/\/microscopemedia.com\/?p=711125","title":{"rendered":"Diploma\u021bii rom\u00e2ni care sus\u021bin democra\u021bia \u0219i libertatea presei vor putea primi Premiul Ra\u021biu"},"content":{"rendered":"<div class=\"sgb-google-buttons\">\n<div class=\"display-flex justify-center google-logo\"><img decoding=\"async\" loading=\"lazy\" class=\"mg-x-auto\" width=\"30\" height=\"30\" src=\"https:\/\/microscopemedia.com\/wp-content\/uploads\/2026\/09\/diplomatii-romani-care-sustin-democratia-si-libertatea-presei-vor-putea-primi-premiul-ratiu.png\" alt><\/div>\n<\/p><\/div>\n<p class=\"isSelectedEnd\" id=\"p-0\">Premiul va fi acordat \u00een fiecare an, la 1 septembrie, de Ziua Diploma\u021biei Rom\u00e2ne.<\/p>\n<p class=\"isSelectedEnd\" id=\"p-1\">Anun\u021bul a fost f\u0103cut de ministrul Afacerilor Externe, Oana \u021aoiu, \u00een cadrul edi\u021biei din 2026 a Reuniunii Anuale a Diploma\u021biei Rom\u00e2ne (RADR), organizat\u0103 la Opera Na\u021bional\u0103 Bucure\u0219ti, potrivit informa\u021biilor publicate mar\u021bi de MAE pe platforma Facebook.<\/p>\n<p class=\"isSelectedEnd\" id=\"p-2\">Noua distinc\u021bie poart\u0103 numele lui Ion Ra\u021biu \u0219i urm\u0103re\u0219te, potrivit ini\u021biatorilor, s\u0103 recompenseze activitatea diploma\u021bilor rom\u00e2ni care contribuie la ap\u0103rarea \u0219i promovarea principiilor democratice.<\/p>\n<h2 id=\"chapter-0\">Oana \u021aoiu: Viitorul occidental al Rom\u00e2niei trebuie protejat<\/h2>\n<p class=\"isSelectedEnd\" id=\"p-4\">\u00cen discursul sus\u021binut cu prilejul lans\u0103rii premiului, Oana \u021aoiu a pus ini\u021biativa \u00een leg\u0103tur\u0103 cu mo\u0219tenirea politic\u0103 \u0219i diplomatic\u0103 a lui Ion Ra\u021biu \u0219i cu orientarea occidental\u0103 a Rom\u00e2niei.<\/p>\n<p class=\"isSelectedEnd\" id=\"p-5\">\u201eImaginea Rom\u00e2niei \u00een lume este mai puternic\u0103 datorit\u0103 curajului cet\u0103\u021benilor s\u0103i \u00een lupta pentru de a-\u0219i constitui viitorul pe care \u0219i-l doresc \u00een libertate, datorit\u0103 rezilien\u021bei unei tinere democra\u021bii \u00een fa\u021ba provoc\u0103rilor. Ion Ra\u021biu a avut curajul s\u0103 vrea pentru \u021bara lui un viitor occidental \u0219i ast\u0103zi \u00eel avem, dar trebuie protejat \u0219i ancorat \u00een voin\u021ba acestui popor \u0219i \u00een prieteniile pe care le construim \u00een lume\u201d, a declarat ministrul Afacerilor Externe.<\/p>\n<p class=\"isSelectedEnd\" id=\"p-6\">Oana \u021aoiu a ar\u0103tat c\u0103 noul premiu este destinat diploma\u021bilor rom\u00e2ni \u0219i reprezint\u0103, \u00een acela\u0219i timp, o pledoarie pentru rolul dialogului \u00een politica extern\u0103.<\/p>\n<p class=\"isSelectedEnd\" id=\"p-7\">\u201ePremiul Ra\u021biu pentru Diploma\u021bie, pe care \u00eel lans\u0103m ast\u0103zi, este o distinc\u021bie anual\u0103 pentru diploma\u021bii rom\u00e2ni \u0219i o reamintire a faptului ca dialogul respectuos, curajos \u0219i deschis aduce putere diploma\u021biei\u201d, a afirmat \u0219efa diploma\u021biei rom\u00e2ne.<\/p>\n<h2 id=\"chapter-1\">Nicolae Ra\u021biu: Aderarea la NATO, \u201echeia absolut\u0103\u201d pentru orientarea Rom\u00e2niei spre Vest<\/h2>\n<p class=\"isSelectedEnd\" id=\"p-8\">Nicolae Ra\u021biu, pre\u0219edintele Funda\u021biei Familiei Ra\u021biu, a declarat c\u0103 instituirea premiului reprezint\u0103 o onoare pentru familia sa \u0219i contribuie la p\u0103strarea mo\u0219tenirii lui Ion Ra\u021biu.<\/p>\n<p class=\"isSelectedEnd\" id=\"p-9\">\u201eAcest Premiu Ra\u021biu pentru Diploma\u021bie este o mare onoare pentru numele r\u0103posatului meu tat\u0103, care va fi astfel p\u0103strat \u00een memoria posterit\u0103\u021bii pentru propria sa activitate \u00een diploma\u021bie pentru Rom\u00e2nia \u0219i ca model pentru diploma\u021bi\u201d, a afirmat Nicolae Ra\u021biu.<\/p>\n<p class=\"isSelectedEnd\" id=\"p-10\">El a evocat \u0219i importan\u021ba pe care tat\u0103l s\u0103u o acorda integr\u0103rii euroatlantice a Rom\u00e2niei.<\/p>\n<p class=\"isSelectedEnd\" id=\"p-11\">\u201eAderarea la NATO era un obiectiv pe care \u00eel considera cheia absolut\u0103 pentru a asigura orientarea ireversibil\u0103 a Rom\u00e2niei c\u0103tre Vest \u0219i pentru a-i garanta securitatea geopolitic\u0103\u201d, a declarat Nicolae Ra\u021biu.<\/p>\n<h2 id=\"chapter-2\">MAE evoc\u0103 rolul lui Ion Ra\u021biu \u00een sus\u021binerea ader\u0103rii la NATO<\/h2>\n<p class=\"isSelectedEnd\" id=\"p-12\">Ministerul Afacerilor Externe aminte\u0219te c\u0103 Ion Ra\u021biu a sus\u021binut activ integrarea Rom\u00e2niei \u00een Alian\u021ba Nord-Atlantic\u0103.<\/p>\n<p class=\"isSelectedEnd\" id=\"p-13\">Potrivit MAE, acesta a fost numit \u00een 1992 reprezentant al Rom\u00e2niei la Consiliul Atlanticului de Nord, Adunarea Parlamentar\u0103 a NATO, iar \u00eencep\u00e2nd din 1994 a pledat pentru aderarea \u021b\u0103rii la Alian\u021b\u0103. Ion Ra\u021biu a sus\u021binut inclusiv ideea organiz\u0103rii, \u00een viitor, a unui summit NATO la Bucure\u0219ti.<\/p>\n<p class=\"isSelectedEnd\" id=\"p-14\">Premiul face parte din Planul de ac\u021biune convenit \u00een baza unui protocol de colaborare semnat recent de Ministerul Afacerilor Externe \u0219i Funda\u021bia Ra\u021biu pentru Democra\u021bie.<\/p>\n<p class=\"isSelectedEnd\" id=\"p-15\">Parteneriatul urm\u0103re\u0219te, potrivit MAE, consolidarea cooper\u0103rii dintre institu\u021biile publice \u0219i societatea civil\u0103 \u00een domenii precum ap\u0103rarea valorilor democratice, dialogul public, jurnalismul independent, educa\u021bia \u0219i promovarea intereselor Rom\u00e2niei \u00een plan interna\u021bional.<\/p>\n<p id=\"p-16\">Premiul Ra\u021biu pentru Diploma\u021bie urmeaz\u0103 s\u0103 fie acordat anual, cu prilejul Zilei Diploma\u021biei Rom\u00e2ne, celebrat\u0103 la 1 septembrie.<\/p>\n","protected":false},"excerpt":{"rendered":"<p>Premiul va fi acordat \u00een fiecare an, la 1 septembrie, de Ziua Diploma\u021biei Rom\u00e2ne. Anun\u021bul a fost f\u0103cut de ministrul Afacerilor Externe, Oana \u021aoiu, \u00een cadrul edi\u021biei din 2026 a &hellip; <a href=\"https:\/\/microscopemedia.com\/?p=711125\" class=\"more-link\">Read More<\/a><\/p>\n","protected":false},"author":1,"featured_media":711126,"comment_status":"closed","ping_status":"closed","sticky":false,"template":"Default","format":"standard","meta":[],"categories":[1],"tags":[],"_links":{"self":[{"href":"https:\/\/microscopemedia.com\/index.php?rest_route=\/wp\/v2\/posts\/711125"}],"collection":[{"href":"https:\/\/microscopemedia.com\/index.php?rest_route=\/wp\/v2\/posts"}],"about":[{"href":"https:\/\/microscopemedia.com\/index.php?rest_route=\/wp\/v2\/types\/post"}],"author":[{"embeddable":true,"href":"https:\/\/microscopemedia.com\/index.php?rest_route=\/wp\/v2\/users\/1"}],"replies":[{"embeddable":true,"href":"https:\/\/microscopemedia.com\/index.php?rest_route=%2Fwp%2Fv2%2Fcomments&post=711125"}],"version-history":[{"count":0,"href":"https:\/\/microscopemedia.com\/index.php?rest_route=\/wp\/v2\/posts\/711125\/revisions"}],"wp:featuredmedia":[{"embeddable":true,"href":"https:\/\/microscopemedia.com\/index.php?rest_route=\/wp\/v2\/media\/711126"}],"wp:attachment":[{"href":"https:\/\/microscopemedia.com\/index.php?rest_route=%2Fwp%2Fv2%2Fmedia&parent=711125"}],"wp:term":[{"taxonomy":"category","embeddable":true,"href":"https:\/\/microscopemedia.com\/index.php?rest_route=%2Fwp%2Fv2%2Fcategories&post=711125"},{"taxonomy":"post_tag","embeddable":true,"href":"https:\/\/microscopemedia.com\/index.php?rest_route=%2Fwp%2Fv2%2Ftags&post=711125"}],"curies":[{"name":"wp","href":"https:\/\/api.w.org\/{rel}","templated":true}]}}