{"id":711129,"date":"2026-09-01T20:37:04","date_gmt":"2026-09-01T20:37:04","guid":{"rendered":"https:\/\/microscopemedia.com\/?p=711129"},"modified":"2026-09-01T20:37:04","modified_gmt":"2026-09-01T20:37:04","slug":"o-gluma-virala-le-a-adus-adolescentilor-probleme-cu-politia-ce-este-trendul-cat-in-the-hat","status":"publish","type":"post","link":"https:\/\/microscopemedia.com\/?p=711129","title":{"rendered":"O glum\u0103 viral\u0103 le-a adus adolescen\u021bilor probleme cu poli\u021bia. Ce este trendul \u201eCat in the Hat\u201d"},"content":{"rendered":"<div class=\"sgb-google-buttons\">\n<div class=\"display-flex justify-center google-logo\"><img decoding=\"async\" loading=\"lazy\" class=\"mg-x-auto\" width=\"30\" height=\"30\" src=\"https:\/\/microscopemedia.com\/wp-content\/uploads\/2026\/09\/o-gluma-virala-le-a-adus-adolescentilor-probleme-cu-politia-ce-este-trendul-cat-in-the-hat.png\" alt><\/div>\n<\/p><\/div>\n<p id=\"p-0\">Trendul s-a r\u0103sp\u00e2ndit \u00een mai multe zone din SUA, unde adolescen\u021bii distribuie imagini \u0219i videoclipuri generate cu ajutorul inteligen\u021bei artificiale \u00een care o persoan\u0103 costumat\u0103 \u00een celebrul personaj creat de Dr. Seuss pare c\u0103 \u00eei urm\u0103re\u0219te pe oameni, potrivit<a href=\"https:\/\/www.independent.co.uk\/news\/world\/americas\/crime\/cat-hat-social-media-trend-teens-arrested-b3042996.html\" target=\"_blank\" rel=\"noopener\"> The Independent<\/a>.<\/p>\n<h2 id=\"chapter-0\">Mesaje amenin\u021b\u0103toare \u00een Kentucky<\/h2>\n<p id=\"p-1\">\u00cen Kentucky, Allen County-Scottsville Crime Task Force a deschis o anchet\u0103, dup\u0103 ce mai mul\u021bi elevi au reclamat c\u0103 au primit mesaje amenin\u021b\u0103toare pe Snapchat \u0219i alte platforme de socializare de la o persoan\u0103 care se identifica drept \u201eCat in the Hat\u201d.<\/p>\n<p id=\"p-2\">Autorit\u0103\u021bile au anun\u021bat c\u0103 au identificat minorul aflat \u00een spatele unui cont de TikTok implicat \u00een anchet\u0103 \u0219i c\u0103 situa\u021bia este tratat\u0103 \u00een consecin\u021b\u0103.<\/p>\n<p id=\"p-3\">Un minor asociat cu videoclipurile care vizau Allen County s-a predat poli\u021biei. Potrivit WKRN, acesta risc\u0103 acuza\u021bii penale, \u00eens\u0103 autorit\u0103\u021bile au precizat c\u0103 nu va primi sanc\u021biuni mai severe.<\/p>\n<p id=\"p-4\">Task force-ul a explicat c\u0103 trendul s-a extins mult dincolo de Allen County.<\/p>\n<p id=\"p-5\">\u201eTinerii creeaz\u0103 conturi \u0219i folosesc imagini \u0219i videoclipuri generate cu ajutorul inteligen\u021bei artificiale pentru a face s\u0103 par\u0103 c\u0103 personajul vine \u00een ora\u0219ul, \u0219coala, cartierul lor sau chiar dup\u0103 anumite persoane\u201d, au transmis autorit\u0103\u021bile.<\/p>\n<p id=\"p-6\">Acestea au avertizat c\u0103 ceea ce \u00eencepe ca o glum\u0103 sau un trend online poate deveni rapid o problem\u0103 serioas\u0103 atunci c\u00e2nd elevii ajung s\u0103 se team\u0103 pentru siguran\u021ba lor.<\/p>\n<h2 id=\"chapter-1\">Un adolescent de 14 ani, arestat \u00een Colorado<\/h2>\n<p id=\"p-7\">\u0218i \u00een Colorado, trendul a dus la o arestare.<\/p>\n<p id=\"p-8\">Un elev \u00een v\u00e2rst\u0103 de 14 ani de la Grand Junction High School a fost arestat luni, dup\u0103 ce poli\u021bia a fost informat\u0103 cu privire la o postare de pe TikTok care f\u0103cea referire la trendul \u201eCat in the Hat\u201d \u0219i sugera c\u0103 cineva ar putea ap\u0103rea la o \u0219coal\u0103 gimnazial\u0103 local\u0103 \u0219i la \u00eent\u00e2mplare la casele oamenilor.<\/p>\n<p id=\"p-9\">\u201ePost\u0103rile sunt menite s\u0103 provoace alarm\u0103 \u0219i team\u0103 \u00een r\u00e2ndul oamenilor\u201d, a transmis poli\u021bia din Grand Junction.<\/p>\n<p id=\"p-10\">Adolescentul a fost acuzat de interferen\u021b\u0103 cu personalul, cadrele didactice sau elevii institu\u021biilor de \u00eenv\u0103\u021b\u0103m\u00e2nt \u0219i de h\u0103r\u021buire. El a fost eliberat \u0219i predat p\u0103rin\u021bilor.<\/p>\n<p id=\"p-11\">Poli\u021bia din Grand Junction a precizat c\u0103 trateaz\u0103 cu seriozitate toate sesiz\u0103rile privind siguran\u021ba \u00een \u0219coli \u0219i c\u0103 va continua s\u0103 colaboreze cu autorit\u0103\u021bile locale pentru protejarea elevilor, personalului \u0219i unit\u0103\u021bilor de \u00eenv\u0103\u021b\u0103m\u00e2nt.<\/p>\n","protected":false},"excerpt":{"rendered":"<p>Trendul s-a r\u0103sp\u00e2ndit \u00een mai multe zone din SUA, unde adolescen\u021bii distribuie imagini \u0219i videoclipuri generate cu ajutorul inteligen\u021bei artificiale \u00een care o persoan\u0103 costumat\u0103 \u00een celebrul personaj creat de &hellip; <a href=\"https:\/\/microscopemedia.com\/?p=711129\" class=\"more-link\">Read More<\/a><\/p>\n","protected":false},"author":1,"featured_media":711130,"comment_status":"closed","ping_status":"closed","sticky":false,"template":"Default","format":"standard","meta":[],"categories":[1],"tags":[],"_links":{"self":[{"href":"https:\/\/microscopemedia.com\/index.php?rest_route=\/wp\/v2\/posts\/711129"}],"collection":[{"href":"https:\/\/microscopemedia.com\/index.php?rest_route=\/wp\/v2\/posts"}],"about":[{"href":"https:\/\/microscopemedia.com\/index.php?rest_route=\/wp\/v2\/types\/post"}],"author":[{"embeddable":true,"href":"https:\/\/microscopemedia.com\/index.php?rest_route=\/wp\/v2\/users\/1"}],"replies":[{"embeddable":true,"href":"https:\/\/microscopemedia.com\/index.php?rest_route=%2Fwp%2Fv2%2Fcomments&post=711129"}],"version-history":[{"count":0,"href":"https:\/\/microscopemedia.com\/index.php?rest_route=\/wp\/v2\/posts\/711129\/revisions"}],"wp:featuredmedia":[{"embeddable":true,"href":"https:\/\/microscopemedia.com\/index.php?rest_route=\/wp\/v2\/media\/711130"}],"wp:attachment":[{"href":"https:\/\/microscopemedia.com\/index.php?rest_route=%2Fwp%2Fv2%2Fmedia&parent=711129"}],"wp:term":[{"taxonomy":"category","embeddable":true,"href":"https:\/\/microscopemedia.com\/index.php?rest_route=%2Fwp%2Fv2%2Fcategories&post=711129"},{"taxonomy":"post_tag","embeddable":true,"href":"https:\/\/microscopemedia.com\/index.php?rest_route=%2Fwp%2Fv2%2Ftags&post=711129"}],"curies":[{"name":"wp","href":"https:\/\/api.w.org\/{rel}","templated":true}]}}