{"id":711133,"date":"2026-09-01T21:07:06","date_gmt":"2026-09-01T21:07:06","guid":{"rendered":"https:\/\/microscopemedia.com\/?p=711133"},"modified":"2026-09-01T21:07:06","modified_gmt":"2026-09-01T21:07:06","slug":"toto-wolff-directorul-echipei-mercedes-f1-confirma-ca-antonelli-va-pleca-din-coada-grilei-la-monza","status":"publish","type":"post","link":"https:\/\/microscopemedia.com\/?p=711133","title":{"rendered":"Toto Wolff, directorul echipei Mercedes F1, confirm\u0103 c\u0103 Antonelli va pleca din coada grilei la Monza"},"content":{"rendered":"<div readability=\"46.095070422535\">\n<div class=\"sgb-google-buttons\">\n<div class=\"display-flex justify-center google-logo\"><img decoding=\"async\" loading=\"lazy\" class=\"mg-x-auto\" width=\"30\" height=\"30\" src=\"https:\/\/microscopemedia.com\/wp-content\/uploads\/2026\/09\/toto-wolff-directorul-echipei-mercedes-f1-confirma-ca-antonelli-va-pleca-din-coada-grilei-la-monza.png\" alt><\/div>\n<\/p><\/div>\n<p id=\"p-0\">Decizia reprezint\u0103 un sacrificiu pe termen scurt pentru Mercedes, care urm\u0103re\u0219te s\u0103-\u0219i protejeze obiectivele \u00een campionat. Wolff recunoa\u0219te c\u0103 m\u0103sura este dezam\u0103gitoare pentru Antonelli \u0219i pentru fanii italieni, dar consider\u0103 c\u0103 priorit\u0103\u021bile echipei trebuie s\u0103 primeze.<\/p>\n<p id=\"p-1\">\u201ePentru noi, Monza \u00eencepe cu o provocare. Kimi va suporta o penalizare pentru unitatea de propulsie \u0219i va pleca de la coada grilei. Este dezam\u0103gitor pentru el \u0219i pentru fanii care vor s\u0103-l vad\u0103 lupt\u00e2nd din fa\u021b\u0103 \u00een cursa sa de cas\u0103, dar sportul nostru nu r\u0103spl\u0103te\u0219te sentimentalismul\u201d, a declarat Wolff \u00een avancronica oficial\u0103 Mercedes pentru Marele Premiu al Italiei.<\/p>\n<p id=\"p-2\">Decizia Mercedes este una strategic\u0103. Echipa consider\u0103 c\u0103 Monza este circuitul potrivit pentru a suporta penalizarea, datorit\u0103 liniilor drepte lungi \u0219i numeroaselor oportunit\u0103\u021bi de dep\u0103\u0219ire.<\/p>\n<p id=\"p-3\">\u201eC\u00e2nd iei decizii care ajut\u0103 campania pentru titlu, uneori pl\u0103te\u0219ti un pre\u021b pe termen scurt. Obiectivul este simplu acum: s\u0103 recuper\u0103m c\u00e2t mai multe pozi\u021bii \u0219i s\u0103 maximiz\u0103m punctele. Diferen\u021bele dintre echipe s-au redus p\u00e2n\u0103 \u00een punctul \u00een care mai multe forma\u021bii pot c\u00e2\u0219tiga pe merit, iar pre\u021bul unei gre\u0219eli este mult mai mare\u201d, a declarat \u0219eful Mercedes.<\/p>\n<h2 id=\"chapter-0\">Wolff spune c\u0103 urm\u0103toarele dou\u0103 curse vor fi dificile<\/h2>\n<p id=\"p-4\">\u201eNe situ\u0103m \u00eentr-o pozi\u021bie bun\u0103 \u00een ambele clasamente, dar nimeni din echipa noastr\u0103 nu \u00ee\u0219i face iluzii \u00een privin\u021ba dificult\u0103\u021bii urm\u0103toarelor curse\u201d, a spus el.<\/p>\n<p id=\"p-5\">\u00cen ceea ce \u00eel prive\u0219te pe George Russell, colegul lui Antonelli, Wolff consider\u0103 c\u0103 britanicul vine la Monza cu un moral bun dup\u0103 rezultatul de la Zandvoort \u0219i va \u00eencerca s\u0103 intre imediat \u00een lupta pentru victorie \u0219i podium.<\/p>\n<p id=\"p-6\">Wolff a atras aten\u021bia \u0219i asupra particularit\u0103\u021bilor circuitului de la Monza.<\/p>\n<p id=\"p-7\">\u201eMonza este un circuit s\u0103rac \u00een energie; petreci o mare parte a turului cer\u00e2nd totul de la unitatea de propulsie \u0219i nu ai multe oportunit\u0103\u021bi de a \u00eenc\u0103rca bateria. Este o provocare interesant\u0103 \u0219i una care probabil va duce la un weekend spectaculos\u201d, a explicat el.<\/p>\n<p id=\"p-8\">Antonelli conduce \u00een prezent clasamentul pilo\u021bilor, av\u00e2nd un avans de 59 de puncte fa\u021b\u0103 de colegul s\u0103u de echip\u0103 George Russell.<\/p>\n<\/p><\/div>\n","protected":false},"excerpt":{"rendered":"<p>Decizia reprezint\u0103 un sacrificiu pe termen scurt pentru Mercedes, care urm\u0103re\u0219te s\u0103-\u0219i protejeze obiectivele \u00een campionat. Wolff recunoa\u0219te c\u0103 m\u0103sura este dezam\u0103gitoare pentru Antonelli \u0219i pentru fanii italieni, dar consider\u0103 &hellip; <a href=\"https:\/\/microscopemedia.com\/?p=711133\" class=\"more-link\">Read More<\/a><\/p>\n","protected":false},"author":1,"featured_media":711134,"comment_status":"closed","ping_status":"closed","sticky":false,"template":"Default","format":"standard","meta":[],"categories":[1],"tags":[],"_links":{"self":[{"href":"https:\/\/microscopemedia.com\/index.php?rest_route=\/wp\/v2\/posts\/711133"}],"collection":[{"href":"https:\/\/microscopemedia.com\/index.php?rest_route=\/wp\/v2\/posts"}],"about":[{"href":"https:\/\/microscopemedia.com\/index.php?rest_route=\/wp\/v2\/types\/post"}],"author":[{"embeddable":true,"href":"https:\/\/microscopemedia.com\/index.php?rest_route=\/wp\/v2\/users\/1"}],"replies":[{"embeddable":true,"href":"https:\/\/microscopemedia.com\/index.php?rest_route=%2Fwp%2Fv2%2Fcomments&post=711133"}],"version-history":[{"count":0,"href":"https:\/\/microscopemedia.com\/index.php?rest_route=\/wp\/v2\/posts\/711133\/revisions"}],"wp:featuredmedia":[{"embeddable":true,"href":"https:\/\/microscopemedia.com\/index.php?rest_route=\/wp\/v2\/media\/711134"}],"wp:attachment":[{"href":"https:\/\/microscopemedia.com\/index.php?rest_route=%2Fwp%2Fv2%2Fmedia&parent=711133"}],"wp:term":[{"taxonomy":"category","embeddable":true,"href":"https:\/\/microscopemedia.com\/index.php?rest_route=%2Fwp%2Fv2%2Fcategories&post=711133"},{"taxonomy":"post_tag","embeddable":true,"href":"https:\/\/microscopemedia.com\/index.php?rest_route=%2Fwp%2Fv2%2Ftags&post=711133"}],"curies":[{"name":"wp","href":"https:\/\/api.w.org\/{rel}","templated":true}]}}