{"id":711149,"date":"2026-09-02T01:06:03","date_gmt":"2026-09-02T01:06:03","guid":{"rendered":"https:\/\/microscopemedia.com\/?p=711149"},"modified":"2026-09-02T01:06:03","modified_gmt":"2026-09-02T01:06:03","slug":"peru-rupe-relatiile-diplomatice-cu-iranul-acuzatii-dure-la-adresa-regimului-de-la-teheran","status":"publish","type":"post","link":"https:\/\/microscopemedia.com\/?p=711149","title":{"rendered":"Peru rupe rela\u021biile diplomatice cu Iranul. Acuza\u021bii dure la adresa regimului de la Teheran"},"content":{"rendered":"<div class=\"sgb-google-buttons\">\n<div class=\"display-flex justify-center google-logo\"><img decoding=\"async\" loading=\"lazy\" class=\"mg-x-auto\" width=\"30\" height=\"30\" src=\"https:\/\/microscopemedia.com\/wp-content\/uploads\/2026\/09\/peru-rupe-relatiile-diplomatice-cu-iranul-acuzatii-dure-la-adresa-regimului-de-la-teheran.png\" alt><\/div>\n<\/p><\/div>\n<p id=\"p-0\">Guvernul de la Lima a anun\u021bat mar\u021bi c\u0103 a decis s\u0103 rup\u0103 rela\u021biile diplomatice cu Republica Islamic\u0103 Iran. Potrivit <a href=\"https:\/\/www.gob.pe\/institucion\/rree\/noticias\/1437604-el-peru-rompe-relaciones-diplomaticas-con-la-republica-islamica-de-iran\" target=\"_blank\" rel=\"noopener\">Ministerului Afacerilor Externe din Peru<\/a>, decizia are la baz\u0103 inclusiv deteriorarea situa\u021biei din Iran, semnalat\u0103 de mai multe mecanisme ale Organiza\u021biei Na\u021biunilor Unite.<\/p>\n<p id=\"p-1\">\u201eGuvernul Republicii Peru a luat decizia de a rupe rela\u021biile diplomatice cu Republica Islamic\u0103 Iran\u201d, au comunicat autorit\u0103\u021bile peruane.<\/p>\n<p id=\"p-2\">Lima men\u021bioneaz\u0103 reprimarea manifesta\u021biilor pa\u0219nice, \u00eenc\u0103lcarea libert\u0103\u021bii presei, discriminarea femeilor \u0219i fetelor \u0219i persecutarea opozan\u021bilor politici.<\/p>\n<h2 id=\"chapter-0\">Peru acuz\u0103 Iranul \u0219i pentru situa\u021bia din Str\u00e2mtoarea Ormuz<\/h2>\n<p id=\"p-3\">\u00cen justificarea deciziei sale, Guvernul Peru face referire \u0219i la restric\u021biile impuse de regimul iranian \u0219i la perturbarea comer\u021bului interna\u021bional prin Str\u00e2mtoarea Ormuz, \u00eencep\u00e2nd din martie 2026.<\/p>\n<p id=\"p-4\">Lima sus\u021bine c\u0103 aceste m\u0103suri contravin libert\u0103\u021bii naviga\u021biei \u0219i dreptului de trecere prin str\u00e2mtorile utilizate pentru tranzitul maritim interna\u021bional \u0219i atrage aten\u021bia asupra efectelor asupra pre\u021burilor energiei \u0219i lan\u021burilor globale de aprovizionare.<\/p>\n<p id=\"p-5\">Guvernul peruan acuz\u0103, de asemenea, Iranul c\u0103 incit\u0103 la violen\u021b\u0103 \u0219i la escaladarea conflictelor din Orientul Mijlociu \u0219i c\u0103 obstruc\u021bioneaz\u0103 activitatea Agen\u021biei Interna\u021bionale pentru Energie Atomic\u0103 (AIEA), prin refuzarea accesului inspectorilor la unele instala\u021bii nucleare.<\/p>\n<h2 id=\"chapter-1\">Rela\u021biile consulare vor fi men\u021binute<\/h2>\n<p id=\"p-6\">Ruperea rela\u021biilor diplomatice nu \u00eenseamn\u0103 \u00eens\u0103 \u0219i \u00eencetarea rela\u021biilor consulare dintre cele dou\u0103 state. Peru precizeaz\u0103 c\u0103 acestea vor fi men\u021binute pentru protejarea propriilor cet\u0103\u021beni \u0219i pentru \u00eendeplinirea celorlalte atribu\u021bii consulare.<\/p>\n<p id=\"p-7\">Autorit\u0103\u021bile de la Lima precizeaz\u0103 c\u0103 vor ac\u021biona \u00een conformitate cu Conven\u021bia de la Viena privind rela\u021biile diplomatice din 1961, care stabile\u0219te regulile aplicabile rela\u021biilor dintre state \u0219i situa\u021biilor \u00een care acestea sunt \u00eentrerupte, \u0219i cu Conven\u021bia de la Viena privind rela\u021biile consulare din 1963, care reglementeaz\u0103 activitatea consulatelor \u0219i protec\u021bia cet\u0103\u021benilor unui stat afla\u021bi \u00een str\u0103in\u0103tate.<\/p>\n<p id=\"p-8\">Astfel, chiar dac\u0103 leg\u0103turile diplomatice sunt rupte, serviciile consulare necesare pentru protejarea cet\u0103\u021benilor peruani \u0219i iranieni pot continua.<\/p>\n<p id=\"p-9\">Decizia a fost comunicat\u0103 oficial Iranului printr-o not\u0103 diplomatic\u0103 transmis\u0103 Ambasadei iraniene din Ecuador, care este acreditat\u0103 \u0219i \u00een Peru.<\/p>\n","protected":false},"excerpt":{"rendered":"<p>Guvernul de la Lima a anun\u021bat mar\u021bi c\u0103 a decis s\u0103 rup\u0103 rela\u021biile diplomatice cu Republica Islamic\u0103 Iran. Potrivit Ministerului Afacerilor Externe din Peru, decizia are la baz\u0103 inclusiv deteriorarea &hellip; <a href=\"https:\/\/microscopemedia.com\/?p=711149\" class=\"more-link\">Read More<\/a><\/p>\n","protected":false},"author":1,"featured_media":711150,"comment_status":"closed","ping_status":"closed","sticky":false,"template":"Default","format":"standard","meta":[],"categories":[1],"tags":[],"_links":{"self":[{"href":"https:\/\/microscopemedia.com\/index.php?rest_route=\/wp\/v2\/posts\/711149"}],"collection":[{"href":"https:\/\/microscopemedia.com\/index.php?rest_route=\/wp\/v2\/posts"}],"about":[{"href":"https:\/\/microscopemedia.com\/index.php?rest_route=\/wp\/v2\/types\/post"}],"author":[{"embeddable":true,"href":"https:\/\/microscopemedia.com\/index.php?rest_route=\/wp\/v2\/users\/1"}],"replies":[{"embeddable":true,"href":"https:\/\/microscopemedia.com\/index.php?rest_route=%2Fwp%2Fv2%2Fcomments&post=711149"}],"version-history":[{"count":0,"href":"https:\/\/microscopemedia.com\/index.php?rest_route=\/wp\/v2\/posts\/711149\/revisions"}],"wp:featuredmedia":[{"embeddable":true,"href":"https:\/\/microscopemedia.com\/index.php?rest_route=\/wp\/v2\/media\/711150"}],"wp:attachment":[{"href":"https:\/\/microscopemedia.com\/index.php?rest_route=%2Fwp%2Fv2%2Fmedia&parent=711149"}],"wp:term":[{"taxonomy":"category","embeddable":true,"href":"https:\/\/microscopemedia.com\/index.php?rest_route=%2Fwp%2Fv2%2Fcategories&post=711149"},{"taxonomy":"post_tag","embeddable":true,"href":"https:\/\/microscopemedia.com\/index.php?rest_route=%2Fwp%2Fv2%2Ftags&post=711149"}],"curies":[{"name":"wp","href":"https:\/\/api.w.org\/{rel}","templated":true}]}}