{"id":711161,"date":"2026-09-02T03:57:03","date_gmt":"2026-09-02T03:57:03","guid":{"rendered":"https:\/\/microscopemedia.com\/?p=711161"},"modified":"2026-09-02T03:57:03","modified_gmt":"2026-09-02T03:57:03","slug":"jd-vance-vorbeste-despre-antihrist-energii-intunecate-si-inteligenta-artificiala-nu-as-fi-socat-daca-ar-umbla-printre-noi","status":"publish","type":"post","link":"https:\/\/microscopemedia.com\/?p=711161","title":{"rendered":"JD Vance vorbe\u0219te despre Antihrist, \u201eenergii \u00eentunecate\u201d \u0219i inteligen\u021ba artificial\u0103: \u201eNu a\u0219 fi \u0219ocat dac\u0103 ar umbla printre noi\u201d"},"content":{"rendered":"<div class=\"sgb-google-buttons\">\n<div class=\"display-flex justify-center google-logo\"><img decoding=\"async\" loading=\"lazy\" class=\"mg-x-auto\" width=\"30\" height=\"30\" src=\"https:\/\/microscopemedia.com\/wp-content\/uploads\/2026\/09\/jd-vance-vorbeste-despre-antihrist-energii-intunecate-si-inteligenta-artificiala-nu-as-fi-socat-daca-ar-umbla-printre-noi.png\" alt><\/div>\n<\/p><\/div>\n<p id=\"p-0\">Declara\u021biile au fost f\u0103cute \u00eentr-o conversa\u021bie de peste o or\u0103 cu podcasterul cre\u0219tin Bryce Crawford, publicat\u0103 mar\u021bi, potrivit <a href=\"https:\/\/apnews.com\/article\/jd-vance-end-times-ai-1914946b096677c40938bb170c02288a\" target=\"_blank\" rel=\"noopener\">Associated Press<\/a>.<\/p>\n<p id=\"p-1\">Discu\u021bia a pornit de la credin\u021b\u0103 \u0219i de la tendin\u021ba oamenilor de a c\u0103uta explica\u021bii \u0219tiin\u021bifice pentru evenimente care, \u00een opinia celor doi, ar putea avea \u0219i o dimensiune divin\u0103.<\/p>\n<h2 id=\"chapter-0\">Vance: \u201eNu a\u0219 fi \u0219ocat dac\u0103 Antihristul ar umbla printre noi\u201d<\/h2>\n<p id=\"p-2\">\u00centrebat despre interesul s\u0103u pentru \u201esf\u00e2r\u0219itul vremurilor\u201d, Vance a povestit c\u0103 subiectul \u00eel preocupa mult mai mult \u00een tinere\u021be, la sf\u00e2r\u0219itul anilor \u201990, c\u00e2nd apropierea anului 2000 alimenta numeroase teorii despre sf\u00e2r\u0219itul lumii.<\/p>\n<p id=\"p-3\">Vicepre\u0219edintele SUA a spus \u00eens\u0103 c\u0103 exist\u0103 \u0219i ast\u0103zi lucruri care \u00eel fac s\u0103 se g\u00e2ndeasc\u0103 la asemenea scenarii.<\/p>\n<p id=\"p-4\">\u201eExist\u0103 lucruri \u00een lume care m\u0103 fac s\u0103 simt c\u0103 nu a\u0219 fi \u0219ocat dac\u0103 Antihristul ar umbla printre noi\u201d, a spus Vance, preciz\u00e2nd \u00eens\u0103 c\u0103 \u00eencearc\u0103 s\u0103 nu se concentreze prea mult asupra acestui subiect.<\/p>\n<p id=\"p-5\">\u00cen acest context, el a vorbit despre companiile din tehnologie \u0219i despre folosirea inteligen\u021bei artificiale pentru a \u00eenlocui interac\u021biunea dintre oameni.<\/p>\n<p id=\"p-6\">Vance a dat exemplul unei persoane care folosea inteligen\u021ba artificial\u0103 pe post de consilier matrimonial.<\/p>\n<p id=\"p-7\">Gazda podcastului a caracterizat ideea drept \u201eoarecum satanic\u0103\u201d, iar vicepre\u0219edintele a r\u0103spuns c\u0103 eliminarea complet\u0103 a omului din rela\u021biile sociale \u201epentru care Dumnezeu ne-a creat\u201d este \u201efoarte rea\u201d.<\/p>\n<h2 id=\"chapter-1\">JD Vance: \u201eAm sim\u021bit \u00eentuneric\u201d la \u00eent\u00e2lniri cu lideri mondiali<\/h2>\n<p id=\"p-8\">\u00centrebat dac\u0103, de c\u00e2nd ocup\u0103 func\u021bia de vicepre\u0219edinte al SUA, s-a aflat vreodat\u0103 \u00eentr-o \u00eenc\u0103pere pe care a perceput-o drept \u201e\u00eentunecat\u0103 din punct de vedere spiritual\u201d, Vance a r\u0103spuns c\u0103 a avut asemenea senza\u021bii inclusiv \u00een timpul unor \u00eent\u00e2lniri cu lideri mondiali.<\/p>\n<p id=\"p-9\">\u201eAm fost la \u00eent\u00e2lniri cu lideri mondiali \u00een care se discutau diferite probleme \u0219i cineva spunea ceva sau f\u0103cea o observa\u021bie, iar eu sim\u021beam un fel de \u00eentuneric. \u00cemi declan\u0219a toate semnalele de alarm\u0103 spiritual\u0103 din corp\u201d, a povestit oficialul american.<\/p>\n<p id=\"p-10\">Vicepre\u0219edintele SUA nu a precizat \u00eens\u0103 despre ce lideri sau \u00eent\u00e2lniri era vorba.<\/p>\n<p id=\"p-11\">Vance a spus c\u0103 a sim\u021bit o \u201eenergie spiritual\u0103 foarte \u00eentunecat\u0103\u201d \u0219i la Gettysburg, \u00een Pennsylvania, locul uneia dintre cele mai s\u00e2ngeroase b\u0103t\u0103lii ale R\u0103zboiului Civil american. El a pus aceast\u0103 senza\u021bie pe seama num\u0103rului mare de oameni care au murit acolo.<\/p>\n<h2 id=\"chapter-2\">Ce s-ar fi \u00eent\u00e2mplat dac\u0103 Trump era ucis<\/h2>\n<p id=\"p-12\">Vicepre\u0219edintele a revenit \u0219i asupra tentativei de asasinare a lui Donald Trump din iulie 2024, la Butler, Pennsylvania. Un glon\u021b l-a r\u0103nit pe Trump la ureche, iar un participant la miting a fost ucis.<\/p>\n<p id=\"p-13\">Vance a spus c\u0103, dac\u0103 glon\u021bul l-ar fi ucis pe Trump, Statele Unite s-ar fi putut confrunta cu tulbur\u0103ri civile grave, din care \u021bara poate nu \u0219i-ar mai fi revenit.<\/p>\n<p id=\"p-14\">El a recunoscut c\u0103 inclusiv el s-ar fi \u00eentrebat dac\u0103 moartea lui Trump f\u0103cea parte dintr-o conspira\u021bie.<\/p>\n<p id=\"p-15\">\u201eA\u0219 fi presupus c\u0103 for\u021be foarte \u00eentunecate l-au eliminat pe Donald Trump chiar c\u00e2nd era pe punctul de a reveni la Casa Alb\u0103\u201d, a spus Vance.<\/p>\n<p id=\"p-16\">\u00cen opinia sa, mul\u021bi dintre sus\u021bin\u0103torii lui Trump ar fi considerat c\u0103 o conspira\u021bie le-a luat candidatul ales, ceea ce ar fi pus sub semnul \u00eentreb\u0103rii legitimitatea \u00eentregului sistem politic american.<\/p>\n<h2 id=\"chapter-3\">Vance \u00eel ap\u0103r\u0103 pe Trump pentru imaginea generat\u0103 cu AI<\/h2>\n<p id=\"p-17\">\u00cen timpul conversa\u021biei a fost abordat\u0103 \u0219i controversa provocat\u0103 de o imagine generat\u0103 cu inteligen\u021b\u0103 artificial\u0103 \u0219i publicat\u0103 de Trump pe re\u021belele sociale, \u00een care acesta ap\u0103rea reprezentat \u00een postura lui Iisus.<\/p>\n<p id=\"p-18\">Crawford i-a spus lui Vance c\u0103 imaginea l-a ofensat.<\/p>\n<p id=\"p-19\">Vicepre\u0219edintele l-a ap\u0103rat \u00eens\u0103 pe Trump \u0219i a sus\u021binut c\u0103 acesta nu a inten\u021bionat s\u0103 \u00eel ironizeze sau s\u0103 \u00eel imite pe Dumnezeu.<\/p>\n<p id=\"p-20\">Potrivit lui Vance, Trump face frecvent glume \u0219i \u00eencearc\u0103 s\u0103 men\u021bin\u0103 o atmosfer\u0103 relaxat\u0103, inclusiv \u00een rela\u021bia cu oamenii care lucreaz\u0103 pentru el.<\/p>\n<p id=\"p-21\">\u201eNu \u00eencearc\u0103 s\u0103-i jigneasc\u0103 pe oameni, \u00eencearc\u0103 s\u0103 p\u0103streze lucrurile \u00eentr-o not\u0103 u\u0219oar\u0103\u201d, a spus vicepre\u0219edintele american.<\/p>\n","protected":false},"excerpt":{"rendered":"<p>Declara\u021biile au fost f\u0103cute \u00eentr-o conversa\u021bie de peste o or\u0103 cu podcasterul cre\u0219tin Bryce Crawford, publicat\u0103 mar\u021bi, potrivit Associated Press. Discu\u021bia a pornit de la credin\u021b\u0103 \u0219i de la tendin\u021ba &hellip; <a href=\"https:\/\/microscopemedia.com\/?p=711161\" class=\"more-link\">Read More<\/a><\/p>\n","protected":false},"author":1,"featured_media":711162,"comment_status":"closed","ping_status":"closed","sticky":false,"template":"Default","format":"standard","meta":[],"categories":[1],"tags":[],"_links":{"self":[{"href":"https:\/\/microscopemedia.com\/index.php?rest_route=\/wp\/v2\/posts\/711161"}],"collection":[{"href":"https:\/\/microscopemedia.com\/index.php?rest_route=\/wp\/v2\/posts"}],"about":[{"href":"https:\/\/microscopemedia.com\/index.php?rest_route=\/wp\/v2\/types\/post"}],"author":[{"embeddable":true,"href":"https:\/\/microscopemedia.com\/index.php?rest_route=\/wp\/v2\/users\/1"}],"replies":[{"embeddable":true,"href":"https:\/\/microscopemedia.com\/index.php?rest_route=%2Fwp%2Fv2%2Fcomments&post=711161"}],"version-history":[{"count":0,"href":"https:\/\/microscopemedia.com\/index.php?rest_route=\/wp\/v2\/posts\/711161\/revisions"}],"wp:featuredmedia":[{"embeddable":true,"href":"https:\/\/microscopemedia.com\/index.php?rest_route=\/wp\/v2\/media\/711162"}],"wp:attachment":[{"href":"https:\/\/microscopemedia.com\/index.php?rest_route=%2Fwp%2Fv2%2Fmedia&parent=711161"}],"wp:term":[{"taxonomy":"category","embeddable":true,"href":"https:\/\/microscopemedia.com\/index.php?rest_route=%2Fwp%2Fv2%2Fcategories&post=711161"},{"taxonomy":"post_tag","embeddable":true,"href":"https:\/\/microscopemedia.com\/index.php?rest_route=%2Fwp%2Fv2%2Ftags&post=711161"}],"curies":[{"name":"wp","href":"https:\/\/api.w.org\/{rel}","templated":true}]}}