{"id":711163,"date":"2026-09-02T04:17:03","date_gmt":"2026-09-02T04:17:03","guid":{"rendered":"https:\/\/microscopemedia.com\/?p=711163"},"modified":"2026-09-02T04:17:03","modified_gmt":"2026-09-02T04:17:03","slug":"accident-mortal-pe-a1-pe-sensul-de-mers-sibiu-sebes-un-sofer-de-34-de-ani-a-murit-dupa-ce-a-intrat-cu-autoutilitara-intr-un-camion","status":"publish","type":"post","link":"https:\/\/microscopemedia.com\/?p=711163","title":{"rendered":"Accident mortal pe A1, pe sensul de mers Sibiu-Sebe\u0219. Un \u0219ofer de 34 de ani a murit dup\u0103 ce a intrat cu autoutilitara \u00eentr-un camion"},"content":{"rendered":"<div readability=\"22.837723024639\">\n<div class=\"sgb-google-buttons\">\n<div class=\"display-flex justify-center google-logo\"><img decoding=\"async\" loading=\"lazy\" class=\"mg-x-auto\" width=\"30\" height=\"30\" src=\"https:\/\/microscopemedia.com\/wp-content\/uploads\/2026\/09\/accident-mortal-pe-a1-pe-sensul-de-mers-sibiu-sebes-un-sofer-de-34-de-ani-a-murit-dupa-ce-a-intrat-cu-autoutilitara-intr-un-camion.png\" alt><\/div>\n<\/p><\/div>\n<p id=\"p-0\">\u00cen cursul nop\u021bii de mar\u021bi spre miercuri, un accident rutier s-a produs pe autostrada A1 R\u00e2mnicu V\u00e2lcea \u2013 Deva, la kilometrul 284, pe sensul de mers Sibiu-Sebe\u0219.<\/p>\n<p id=\"p-1\">Potrivit primelor cercet\u0103ri efectuate la fa\u021ba locului, de c\u0103tre poli\u021bi\u0219ti, un b\u0103rbat \u00een v\u00e2rst\u0103 de 34 de ani, din jude\u021bul Hunedoara, conducea o autoutilitar\u0103 pe sensul Sibiu \u2013 Sebe\u0219 \u0219i ar fi intrat \u00een coliziune cu partea din spate a unui ansamblu rutier care se deplasa pe acela\u0219i sens de mers.<\/p>\n<p id=\"p-2\">\u00cen urma impactului, \u0219oferul \u00een v\u00e2rst\u0103 de 34 de ani a murit.<\/p>\n<p id=\"p-3\">Traficul rutier a fost blocat temporar pe sensul Sibiu \u2013 Sebe\u0219, \u00een zona producerii accidentului. La momentul redact\u0103rii \u0219tirii, circula\u021bia a fost reluat\u0103 \u00een condi\u021bii normale.<\/p>\n<p id=\"p-4\">Potrivit IPJ Sibiu, urmeaz\u0103 cercet\u0103ri pentru stabilirea circumstan\u021belor \u00een care s-a produs accidentul.<\/p>\n<\/p><\/div>\n","protected":false},"excerpt":{"rendered":"<p>\u00cen cursul nop\u021bii de mar\u021bi spre miercuri, un accident rutier s-a produs pe autostrada A1 R\u00e2mnicu V\u00e2lcea \u2013 Deva, la kilometrul 284, pe sensul de mers Sibiu-Sebe\u0219. Potrivit primelor cercet\u0103ri &hellip; <a href=\"https:\/\/microscopemedia.com\/?p=711163\" class=\"more-link\">Read More<\/a><\/p>\n","protected":false},"author":1,"featured_media":711164,"comment_status":"closed","ping_status":"closed","sticky":false,"template":"Default","format":"standard","meta":[],"categories":[1],"tags":[],"_links":{"self":[{"href":"https:\/\/microscopemedia.com\/index.php?rest_route=\/wp\/v2\/posts\/711163"}],"collection":[{"href":"https:\/\/microscopemedia.com\/index.php?rest_route=\/wp\/v2\/posts"}],"about":[{"href":"https:\/\/microscopemedia.com\/index.php?rest_route=\/wp\/v2\/types\/post"}],"author":[{"embeddable":true,"href":"https:\/\/microscopemedia.com\/index.php?rest_route=\/wp\/v2\/users\/1"}],"replies":[{"embeddable":true,"href":"https:\/\/microscopemedia.com\/index.php?rest_route=%2Fwp%2Fv2%2Fcomments&post=711163"}],"version-history":[{"count":0,"href":"https:\/\/microscopemedia.com\/index.php?rest_route=\/wp\/v2\/posts\/711163\/revisions"}],"wp:featuredmedia":[{"embeddable":true,"href":"https:\/\/microscopemedia.com\/index.php?rest_route=\/wp\/v2\/media\/711164"}],"wp:attachment":[{"href":"https:\/\/microscopemedia.com\/index.php?rest_route=%2Fwp%2Fv2%2Fmedia&parent=711163"}],"wp:term":[{"taxonomy":"category","embeddable":true,"href":"https:\/\/microscopemedia.com\/index.php?rest_route=%2Fwp%2Fv2%2Fcategories&post=711163"},{"taxonomy":"post_tag","embeddable":true,"href":"https:\/\/microscopemedia.com\/index.php?rest_route=%2Fwp%2Fv2%2Ftags&post=711163"}],"curies":[{"name":"wp","href":"https:\/\/api.w.org\/{rel}","templated":true}]}}