{"id":711173,"date":"2026-09-02T05:37:03","date_gmt":"2026-09-02T05:37:03","guid":{"rendered":"https:\/\/microscopemedia.com\/?p=711173"},"modified":"2026-09-02T05:37:03","modified_gmt":"2026-09-02T05:37:03","slug":"ucraina-si-marea-britanie-se-alatura-unui-nou-grup-al-ue-pentru-aparare-kaja-kallas-trebuie-sa-fim-mai-rapizi-si-mai-eficienti","status":"publish","type":"post","link":"https:\/\/microscopemedia.com\/?p=711173","title":{"rendered":"Ucraina \u0219i Marea Britanie se al\u0103tur\u0103 unui nou grup al UE pentru ap\u0103rare. Kaja Kallas: Trebuie s\u0103 fim mai rapizi \u0219i mai eficien\u021bi"},"content":{"rendered":"<div class=\"sgb-google-buttons\">\n<div class=\"display-flex justify-center google-logo\"><img decoding=\"async\" loading=\"lazy\" class=\"mg-x-auto\" width=\"30\" height=\"30\" src=\"https:\/\/microscopemedia.com\/wp-content\/uploads\/2026\/09\/ucraina-si-marea-britanie-se-alatura-unui-nou-grup-al-ue-pentru-aparare-kaja-kallas-trebuie-sa-fim-mai-rapizi-si-mai-eficienti.png\" alt><\/div>\n<\/p><\/div>\n<p class=\"isSelectedEnd\" id=\"p-0\">Ucraina \u0219i Regatul Unit se vor al\u0103tura unui nou Grup la nivel \u00eenalt al Uniunii Europene privind ap\u0103rarea, care va fi lansat s\u0103pt\u0103m\u00e2na viitoare.<\/p>\n<p class=\"isSelectedEnd\" id=\"p-1\">\u00cenaltul Reprezentant al UE pentru Afaceri Externe \u0219i Politica de Securitate, Kaja Kallas, a anun\u021bat acest lucru dup\u0103 reuniunea informal\u0103 a mini\u0219trilor ap\u0103r\u0103rii din UE, desf\u0103\u0219urat\u0103 \u00een Irlanda, potrivit unui corespondent <a href=\"https:\/\/www.ukrinform.net\/rubric-polytics\/4159962-ukraine-to-join-eu-highlevel-group-on-defense-kallas-says.html\">Ukrinform<\/a>.<\/p>\n<p id=\"p-2\">\u201eS\u0103pt\u0103m\u00e2na viitoare, voi lansa un nou Grup la nivel \u00eenalt privind ap\u0103rarea, format din lideri politici \u0219i militari de rang \u00eenalt din mai multe \u021b\u0103ri ale UE, dar \u0219i din Regatul Unit \u0219i Ucraina\u201d, a spus ea.<\/p>\n<p class=\"isSelectedEnd\" id=\"p-3\">Aceasta a spus c\u0103, de\u0219i Europa investe\u0219te \u00een prezent mai mult \u00een ap\u0103rare dec\u00e2t oric\u00e2nd, simpla cre\u0219tere a cheltuielilor nu garanteaz\u0103 c\u0103 viitor promi\u021b\u0103tor.<\/p>\n<p class=\"isSelectedEnd\" id=\"p-4\">\u201eNu am fost suficient de rapizi pentru a acoperi lacunele identificate \u00een puterea conven\u021bional\u0103 a Europei \u00een cadrul NATO. Scopul este de a reuni unele dintre cele mai str\u0103lucite min\u021bi \u00een domeniul securit\u0103\u021bii \u0219i ap\u0103r\u0103rii \u0219i de a oferi cu adev\u0103rat solu\u021bii inovatoare: cum putem fi mai rapizi \u00een a acoperi aceste lacune \u0219i cum putem fi mai eficien\u021bi, mai ales acum, c\u00e2nd amenin\u021barea la adresa securit\u0103\u021bii \u00een Europa este mult mai real\u0103\u201d, a spus Kallas.<\/p>\n<p class=\"isSelectedEnd\" id=\"p-5\">Grupul urmeaz\u0103 s\u0103 \u00ee\u0219i prezinte concluziile \u00eentr-un raport coordonat chiar de Kaja Kallas, \u00een cadrul c\u0103ruia vor fi incluse recomand\u0103ri efective pentru consolidarea ap\u0103r\u0103rii Europei.<\/p>\n<p id=\"p-6\">\u00centrebat\u0103 cine va reprezenta Ucraina \u00een cadrul grupului, Kallas a spus c\u0103 numele participan\u021bilor vor fi anun\u021bate la ceremonia de lansare de s\u0103pt\u0103m\u00e2na viitoare.<\/p>\n<p class=\"isSelectedEnd\" id=\"p-7\">\u00cenaltul Reprezentant a precizat \u0219i c\u0103 exist\u0103 un interes puternic din partea mai multor participan\u021bi pentru a se al\u0103tura ini\u021biativei. Ea a spus, de asemenea, c\u0103 unele dintre ideile pentru consolidarea capacit\u0103\u021bilor de ap\u0103rare vin din sectorul privat.<\/p>\n<p id=\"p-8\">Ea sper\u0103 c\u0103 vor fi deblocate 6,6 miliarde de euro din Fondul European pentru Pace, astfel \u00eenc\u00e2t cel pu\u021bin o parte din ace\u0219ti bani s\u0103 poat\u0103 fi folosit\u0103 pentru sprijinirea capacit\u0103\u021bilor de ap\u0103rare ale Ucrainei.<\/p>\n","protected":false},"excerpt":{"rendered":"<p>Ucraina \u0219i Regatul Unit se vor al\u0103tura unui nou Grup la nivel \u00eenalt al Uniunii Europene privind ap\u0103rarea, care va fi lansat s\u0103pt\u0103m\u00e2na viitoare. \u00cenaltul Reprezentant al UE pentru Afaceri &hellip; <a href=\"https:\/\/microscopemedia.com\/?p=711173\" class=\"more-link\">Read More<\/a><\/p>\n","protected":false},"author":1,"featured_media":711174,"comment_status":"closed","ping_status":"closed","sticky":false,"template":"Default","format":"standard","meta":[],"categories":[1],"tags":[],"_links":{"self":[{"href":"https:\/\/microscopemedia.com\/index.php?rest_route=\/wp\/v2\/posts\/711173"}],"collection":[{"href":"https:\/\/microscopemedia.com\/index.php?rest_route=\/wp\/v2\/posts"}],"about":[{"href":"https:\/\/microscopemedia.com\/index.php?rest_route=\/wp\/v2\/types\/post"}],"author":[{"embeddable":true,"href":"https:\/\/microscopemedia.com\/index.php?rest_route=\/wp\/v2\/users\/1"}],"replies":[{"embeddable":true,"href":"https:\/\/microscopemedia.com\/index.php?rest_route=%2Fwp%2Fv2%2Fcomments&post=711173"}],"version-history":[{"count":0,"href":"https:\/\/microscopemedia.com\/index.php?rest_route=\/wp\/v2\/posts\/711173\/revisions"}],"wp:featuredmedia":[{"embeddable":true,"href":"https:\/\/microscopemedia.com\/index.php?rest_route=\/wp\/v2\/media\/711174"}],"wp:attachment":[{"href":"https:\/\/microscopemedia.com\/index.php?rest_route=%2Fwp%2Fv2%2Fmedia&parent=711173"}],"wp:term":[{"taxonomy":"category","embeddable":true,"href":"https:\/\/microscopemedia.com\/index.php?rest_route=%2Fwp%2Fv2%2Fcategories&post=711173"},{"taxonomy":"post_tag","embeddable":true,"href":"https:\/\/microscopemedia.com\/index.php?rest_route=%2Fwp%2Fv2%2Ftags&post=711173"}],"curies":[{"name":"wp","href":"https:\/\/api.w.org\/{rel}","templated":true}]}}