{"id":711177,"date":"2026-09-02T06:07:02","date_gmt":"2026-09-02T06:07:02","guid":{"rendered":"https:\/\/microscopemedia.com\/?p=711177"},"modified":"2026-09-02T06:07:02","modified_gmt":"2026-09-02T06:07:02","slug":"alerta-pe-valea-oltului-o-conducta-ar-deversa-apa-uzata-direct-in-raul-olt-pescarii-cer-interventia-autoritatilor","status":"publish","type":"post","link":"https:\/\/microscopemedia.com\/?p=711177","title":{"rendered":"Alert\u0103 pe Valea Oltului: o conduct\u0103 ar deversa ap\u0103 uzat\u0103 direct \u00een r\u00e2ul Olt. Pescarii cer interven\u021bia autorit\u0103\u021bilor"},"content":{"rendered":"<div readability=\"36.740966221524\">\n<div class=\"sgb-google-buttons\">\n<div class=\"display-flex justify-center google-logo\"><img decoding=\"async\" loading=\"lazy\" class=\"mg-x-auto\" width=\"30\" height=\"30\" src=\"https:\/\/microscopemedia.com\/wp-content\/uploads\/2026\/09\/alerta-pe-valea-oltului-o-conducta-ar-deversa-apa-uzata-direct-in-raul-olt-pescarii-cer-interventia-autoritatilor.png\" alt><\/div>\n<\/p><\/div>\n<p id=\"p-0\">Imaginile publicate ini\u021bial pe grupuri dedicate pescuitului au ajuns rapid s\u0103 fie distribuite pe re\u021belele sociale \u0219i au st\u00e2rnit numeroase reac\u021bii, arat\u0103 publica\u021bia <a href=\"https:\/\/www.turnulsfatului.ro\/2026\/09\/02\/video-pescarii-aflati-pe-valea-oltului-au-dat-peste-o-conducta-care-deverseaza-apa-uzata-direct-in-olt-luati-de-mancati-peste\/\" target=\"_blank\" rel=\"noopener\">Turnul Sfatului<\/a>.<\/p>\n<h2 id=\"chapter-0\">Apa deversat\u0103 are alt\u0103 culoare \u0219i un miros puternic<\/h2>\n<p id=\"p-1\">Potrivit pescarilor care au ajuns \u00een zon\u0103, incidentul a fost observat la c\u00e2teva sute de metri \u00een amonte de localitatea C\u00e2inenii Mari. Primele indicii au fost mirosul greu \u0219i nepl\u0103cut, urmat de observarea unei ape cu o culoare diferit\u0103 de cea a r\u00e2ului Olt. C\u00e2nd s-au apropiat pentru a filma, pescarii au identificat o conduct\u0103 care subtraverseaz\u0103 DN7 \u0219i din care provenea apa deversat\u0103. Imaginile au fost transmise ulterior c\u0103tre redac\u021bia publica\u021biei \u0219i au generat reac\u021bii \u00een r\u00e2ndul celor care cunosc zona \u0219i pescuiesc pe Olt.<\/p>\n<div id=\"attachment_23800247\" class=\"wp-caption aligncenter\" readability=\"33\"><img loading=\"lazy\" fetchpriority=\"high\" decoding=\"async\" aria-describedby=\"caption-attachment-23800247\" class=\"size-full wp-image-23800247\" src=\"https:\/\/microscopemedia.com\/wp-content\/uploads\/2026\/09\/alerta-pe-valea-oltului-o-conducta-ar-deversa-apa-uzata-direct-in-raul-olt-pescarii-cer-interventia-autoritatilor.jpg\" alt width=\"599\" height=\"1031\" srcset=\"https:\/\/microscopemedia.com\/wp-content\/uploads\/2026\/09\/alerta-pe-valea-oltului-o-conducta-ar-deversa-apa-uzata-direct-in-raul-olt-pescarii-cer-interventia-autoritatilor.jpg 599w, https:\/\/microscopemedia.com\/wp-content\/uploads\/2026\/09\/alerta-pe-valea-oltului-o-conducta-ar-deversa-apa-uzata-direct-in-raul-olt-pescarii-cer-interventia-autoritatilor-1.jpg 174w, https:\/\/www.mediafax.ro\/wp-content\/uploads\/2026\/09\/olt-deverasare-conducta-1-595x1024.jpg 595w\" sizes=\"(max-width: 599px) 100vw, 599px\"><\/p>\n<p id=\"caption-attachment-23800247\" class=\"wp-caption-text\"><em>Deversare \u00een r\u00e2ul Olt, conducta suspect\u0103. Sursa foto: Captur\u0103 video\/Turnul Sfatului<\/em><\/p>\n<\/div>\n<h2 id=\"chapter-1\">Pescarii cer verificarea de urgen\u021b\u0103<\/h2>\n<p id=\"p-2\">Descoperirea a provocat \u00eengrijorare cu privire la calitatea apei \u0219i la efectele pe care o eventual\u0103 poluare le-ar putea avea asupra r\u00e2ului. \u00cen comentariile ap\u0103rute online, unii pescari au cerut interven\u021bia G\u0103rzii de Mediu, \u00een timp ce al\u021bii \u0219i-au exprimat \u00eengrijorarea \u00een leg\u0103tur\u0103 cu pe\u0219tele prins \u00een zon\u0103. Unele dintre mesajele publicate pe re\u021belele sociale au fost extrem de critice la adresa autorit\u0103\u021bilor de mediu. Totu\u0219i, la momentul public\u0103rii articolului nu exista o concluzie oficial\u0103 privind natura apei deversate, sursa conductei sau eventualul impact asupra r\u00e2ului. Prin urmare, afirma\u021biile privind o posibil\u0103 contaminare a pe\u0219telui nu sunt, deocamdat\u0103, confirmate oficial.<\/p>\n<h2 id=\"chapter-2\">Garda de Mediu \u0219i Apele Rom\u00e2ne au fost sesizate<\/h2>\n<p id=\"p-3\">Potrivit publica\u021biei sibiene, \u00een 31 august, reporterii s\u0103i au sesizat oficial Comisariatul Jude\u021bean al <a href=\"https:\/\/www.mediafax.ro\/social\/deseuri-din-dezmembrari-auto-si-echipamente-electrice-ingropate-ilegal-in-arges-patru-barbati-retinuti-23796972\">G\u0103rzii de Mediu<\/a> V\u00e2lcea, precum \u0219i Apele Rom\u00e2ne. Autorit\u0103\u021bile urmeaz\u0103 s\u0103 stabileasc\u0103 ce reprezint\u0103 conducta, de unde provine apa \u0219i dac\u0103 este vorba despre o deversare ilegal\u0103. Publica\u021bia a mai precizat \u0219i c\u0103 va reveni cu informa\u021bii dup\u0103 primirea r\u0103spunsurilor oficiale. P\u00e2n\u0103 atunci, imaginile filmate de pescari ridic\u0103 o \u00eentrebare important\u0103 pentru zona vizat\u0103: ce ajunge, de fapt, \u00een r\u00e2ul Olt prin acea conduct\u0103?<\/p>\n<\/p><\/div>\n","protected":false},"excerpt":{"rendered":"<p>Imaginile publicate ini\u021bial pe grupuri dedicate pescuitului au ajuns rapid s\u0103 fie distribuite pe re\u021belele sociale \u0219i au st\u00e2rnit numeroase reac\u021bii, arat\u0103 publica\u021bia Turnul Sfatului. Apa deversat\u0103 are alt\u0103 culoare &hellip; <a href=\"https:\/\/microscopemedia.com\/?p=711177\" class=\"more-link\">Read More<\/a><\/p>\n","protected":false},"author":1,"featured_media":711178,"comment_status":"closed","ping_status":"closed","sticky":false,"template":"Default","format":"standard","meta":[],"categories":[1],"tags":[],"_links":{"self":[{"href":"https:\/\/microscopemedia.com\/index.php?rest_route=\/wp\/v2\/posts\/711177"}],"collection":[{"href":"https:\/\/microscopemedia.com\/index.php?rest_route=\/wp\/v2\/posts"}],"about":[{"href":"https:\/\/microscopemedia.com\/index.php?rest_route=\/wp\/v2\/types\/post"}],"author":[{"embeddable":true,"href":"https:\/\/microscopemedia.com\/index.php?rest_route=\/wp\/v2\/users\/1"}],"replies":[{"embeddable":true,"href":"https:\/\/microscopemedia.com\/index.php?rest_route=%2Fwp%2Fv2%2Fcomments&post=711177"}],"version-history":[{"count":0,"href":"https:\/\/microscopemedia.com\/index.php?rest_route=\/wp\/v2\/posts\/711177\/revisions"}],"wp:featuredmedia":[{"embeddable":true,"href":"https:\/\/microscopemedia.com\/index.php?rest_route=\/wp\/v2\/media\/711178"}],"wp:attachment":[{"href":"https:\/\/microscopemedia.com\/index.php?rest_route=%2Fwp%2Fv2%2Fmedia&parent=711177"}],"wp:term":[{"taxonomy":"category","embeddable":true,"href":"https:\/\/microscopemedia.com\/index.php?rest_route=%2Fwp%2Fv2%2Fcategories&post=711177"},{"taxonomy":"post_tag","embeddable":true,"href":"https:\/\/microscopemedia.com\/index.php?rest_route=%2Fwp%2Fv2%2Ftags&post=711177"}],"curies":[{"name":"wp","href":"https:\/\/api.w.org\/{rel}","templated":true}]}}