{"id":711183,"date":"2026-09-02T07:06:03","date_gmt":"2026-09-02T07:06:03","guid":{"rendered":"https:\/\/microscopemedia.com\/?p=711183"},"modified":"2026-09-02T07:06:03","modified_gmt":"2026-09-02T07:06:03","slug":"via-dobrogeana-incepe-la-galati-pe-5-septembrie-programul-evenimentului","status":"publish","type":"post","link":"https:\/\/microscopemedia.com\/?p=711183","title":{"rendered":"Via Dobrogeana \u00eencepe la Gala\u021bi pe 5 septembrie. Programul evenimentului"},"content":{"rendered":"<div readability=\"45.659784946237\">\n<div class=\"sgb-google-buttons\">\n<div class=\"display-flex justify-center google-logo\"><img decoding=\"async\" loading=\"lazy\" class=\"mg-x-auto\" width=\"30\" height=\"30\" src=\"https:\/\/microscopemedia.com\/wp-content\/uploads\/2026\/09\/via-dobrogeana-incepe-la-galati-pe-5-septembrie-programul-evenimentului.png\" alt><\/div>\n<\/p><\/div>\n<p data-start=\"189\" data-end=\"498\" id=\"p-0\">Evenimentul va avea loc \u00een mai multe puncte din ora\u0219 \u0219i va marca debutul unui traseu menit s\u0103 aduc\u0103 \u00een aten\u021bie patrimoniul natural \u0219i cultural al regiunii.<\/p>\n<div class=\"single__inline-gallery color-white mg-bottom-20 bg-black padding-5 md:rounded-10\">\n<div class=\"md:rounded-5 display-grid xs:grid-cols-2 grid-cols-3 gap-5\">\n<div class=\"single__inline-gallery-image relative column-span-2 row-span-2\">\n                <a href=\"https:\/\/www.mediafax.ro\/poze\/via-dobrogeana-incepe-la-galati-pe-5-septembrie-programul-evenimentului-23800274\"><br \/>\n                    <img decoding=\"async\" loading=\"lazy\" src=\"https:\/\/microscopemedia.com\/wp-content\/uploads\/2026\/09\/via-dobrogeana-incepe-la-galati-pe-5-septembrie-programul-evenimentului.jpg\" width=\"700\" height=\"450\"><br \/>\n                <\/a>\n                            <\/div>\n<div class=\"single__inline-gallery-image relative \">\n                <a href=\"https:\/\/www.mediafax.ro\/poze\/via-dobrogeana-incepe-la-galati-pe-5-septembrie-programul-evenimentului-23800274\"><br \/>\n                    <img decoding=\"async\" loading=\"lazy\" src=\"https:\/\/microscopemedia.com\/wp-content\/uploads\/2026\/09\/via-dobrogeana-incepe-la-galati-pe-5-septembrie-programul-evenimentului-1.jpg\" width=\"700\" height=\"450\"><br \/>\n                <\/a>\n                            <\/div>\n<\/p><\/div>\n<\/p><\/div>\n<p data-start=\"562\" data-end=\"745\" id=\"p-1\">Prima parte a evenimentului este programat\u0103 la ora 10:00, \u00een Parcul de la Elice, unde va avea loc dezvelirea Bornei Zero, marc\u00e2nd oficial punctul de pornire al Via Dobrogeana.<\/p>\n<p data-start=\"747\" data-end=\"1010\" id=\"p-2\">Dup\u0103 acest moment, participan\u021bii sunt invita\u021bi s\u0103 fac\u0103 primii pa\u0219i pe traseu. Voluntarii vor continua apoi \u201eMaratonul Marc\u0103rii\u201d, din Parcul de la Elice c\u0103tre Gr\u0103dina Botanic\u0103, unde vor fi amplasate primele semne care vor indica traseul Via Dobrogeana prin Gala\u021bi.<\/p>\n<p data-start=\"1012\" data-end=\"1169\" id=\"p-3\">Organizatorii \u00eei invit\u0103 pe g\u0103l\u0103\u021beni \u0219i pe cei interesa\u021bi de drume\u021bii \u0219i natur\u0103 s\u0103 se al\u0103ture acestei prime etape \u0219i s\u0103 devin\u0103 parte din lansarea proiectului.<\/p>\n<h2 data-section-id=\"yza699\" data-start=\"1171\" data-end=\"1226\" id=\"chapter-0\">Via Dobrogeana ajunge la Gr\u0103dina Botanic\u0103 din Gala\u021bi<\/h2>\n<p data-start=\"1228\" data-end=\"1367\" id=\"p-4\">De la ora 15:00, evenimentul se mut\u0103 la Complexul Muzeal de \u0218tiin\u021bele Naturii \u201eR\u0103svan Anghelu\u021b\u0103\u201d din Gala\u021bi, \u00een zona Gr\u0103dinii Botanice.<\/p>\n<p data-start=\"1369\" data-end=\"1627\" id=\"p-5\">Aici este preg\u0103tit un program dedicat naturii, istoriei \u0219i comunit\u0103\u021bilor Dobrogei, care va include momente artistice \u0219i activit\u0103\u021bi pentru public. Unul dintre momentele centrale va fi dezvelirea primei borne tematice, dedicat\u0103 lui Alexandru Ioan Cuza.<\/p>\n<p data-start=\"1629\" data-end=\"1757\" id=\"p-6\">Borna face parte din conceptul traseului \u0219i marcheaz\u0103 leg\u0103tura dintre istoria regiunii \u0219i locurile traversate de Via Dobrogeana.<\/p>\n<h2 data-section-id=\"wmndyk\" data-start=\"1759\" data-end=\"1831\" id=\"chapter-1\">Via Dobrogeana se \u00eencheie cu o proiec\u021bie special\u0103 \u201eRom\u00e2nia S\u0103lbatic\u0103\u201d<\/h2>\n<p data-start=\"1833\" data-end=\"1953\" id=\"p-7\">Ziua dedicat\u0103 lans\u0103rii traseului se va \u00eencheia la ora 18:30, cu o proiec\u021bie special\u0103 a filmului \u201eRom\u00e2nia S\u0103lbatic\u0103\u201d.<\/p>\n<p data-start=\"1955\" data-end=\"2101\" id=\"p-8\">Evenimentul propune astfel o incursiune \u00een peisajele \u0219i biodiversitatea Rom\u00e2niei, pun\u00e2nd accent pe necesitatea descoperirii \u0219i protej\u0103rii naturii.<\/p>\n<p data-start=\"2103\" data-end=\"2268\" id=\"p-9\">Organizatorii transmit c\u0103 5 septembrie va fi momentul \u00een care Via Dobrogeana \u00eencepe s\u0103 prind\u0103 contur la Gala\u021bi, prin implicarea voluntarilor \u0219i a comunit\u0103\u021bii locale.<\/p>\n<p data-start=\"2270\" data-end=\"2341\" id=\"p-10\">Evenimentul este realizat cu sprijinul Consiliului Jude\u021bean Gala\u021bi.<\/p>\n<\/p><\/div>\n","protected":false},"excerpt":{"rendered":"<p>Evenimentul va avea loc \u00een mai multe puncte din ora\u0219 \u0219i va marca debutul unui traseu menit s\u0103 aduc\u0103 \u00een aten\u021bie patrimoniul natural \u0219i cultural al regiunii. Prima parte a &hellip; <a href=\"https:\/\/microscopemedia.com\/?p=711183\" class=\"more-link\">Read More<\/a><\/p>\n","protected":false},"author":1,"featured_media":711184,"comment_status":"closed","ping_status":"closed","sticky":false,"template":"Default","format":"standard","meta":[],"categories":[1],"tags":[],"_links":{"self":[{"href":"https:\/\/microscopemedia.com\/index.php?rest_route=\/wp\/v2\/posts\/711183"}],"collection":[{"href":"https:\/\/microscopemedia.com\/index.php?rest_route=\/wp\/v2\/posts"}],"about":[{"href":"https:\/\/microscopemedia.com\/index.php?rest_route=\/wp\/v2\/types\/post"}],"author":[{"embeddable":true,"href":"https:\/\/microscopemedia.com\/index.php?rest_route=\/wp\/v2\/users\/1"}],"replies":[{"embeddable":true,"href":"https:\/\/microscopemedia.com\/index.php?rest_route=%2Fwp%2Fv2%2Fcomments&post=711183"}],"version-history":[{"count":0,"href":"https:\/\/microscopemedia.com\/index.php?rest_route=\/wp\/v2\/posts\/711183\/revisions"}],"wp:featuredmedia":[{"embeddable":true,"href":"https:\/\/microscopemedia.com\/index.php?rest_route=\/wp\/v2\/media\/711184"}],"wp:attachment":[{"href":"https:\/\/microscopemedia.com\/index.php?rest_route=%2Fwp%2Fv2%2Fmedia&parent=711183"}],"wp:term":[{"taxonomy":"category","embeddable":true,"href":"https:\/\/microscopemedia.com\/index.php?rest_route=%2Fwp%2Fv2%2Fcategories&post=711183"},{"taxonomy":"post_tag","embeddable":true,"href":"https:\/\/microscopemedia.com\/index.php?rest_route=%2Fwp%2Fv2%2Ftags&post=711183"}],"curies":[{"name":"wp","href":"https:\/\/api.w.org\/{rel}","templated":true}]}}