{"id":711189,"date":"2026-09-02T07:36:03","date_gmt":"2026-09-02T07:36:03","guid":{"rendered":"https:\/\/microscopemedia.com\/?p=711189"},"modified":"2026-09-02T07:36:03","modified_gmt":"2026-09-02T07:36:03","slug":"vreme-instabila-in-bucuresti-temperaturi-de-pana-la-32-de-grade-si-averse-in-urmatoarele-doua-zile","status":"publish","type":"post","link":"https:\/\/microscopemedia.com\/?p=711189","title":{"rendered":"Vreme instabil\u0103 \u00een Bucure\u0219ti. Temperaturi de p\u00e2n\u0103 la 32 de grade \u0219i averse \u00een urm\u0103toarele dou\u0103 zile"},"content":{"rendered":"<div><img decoding=\"async\" src=\"https:\/\/microscopemedia.com\/wp-content\/uploads\/2026\/09\/vreme-instabila-in-bucuresti-temperaturi-de-pana-la-32-de-grade-si-averse-in-urmatoarele-doua-zile.jpg\" class=\"ff-og-image-inserted\"><\/div>\n<p data-start=\"402\" data-end=\"681\" id=\"p-0\">\u00cen intervalul 2 septembrie, ora 13:00 \u2013 3 septembrie, ora 09:00, vremea va fi c\u0103lduroas\u0103, cu cer variabil \u0219i unele \u00eennor\u0103ri spre sear\u0103. V\u00e2ntul se va intensifica temporar, cu viteze de 35-45 km\/h, iar izolat sunt posibile averse slabe, cu cantit\u0103\u021bi de ap\u0103 de 1-3 l\/mp.<\/p>\n<p data-start=\"683\" data-end=\"787\" id=\"p-1\">Temperatura maxim\u0103 va ajunge la 31-32 de grade, \u00een timp ce minima va cobor\u00ee p\u00e2n\u0103 la 15-18 grade.<\/p>\n<p data-start=\"789\" data-end=\"1100\" id=\"p-2\">Joi, 3 septembrie, \u00een intervalul 09:00-21:00, cerul va fi variabil, cu perioade de \u00eennorare. Dup\u0103-amiaza \u0219i seara sunt prognozate averse \u0219i desc\u0103rc\u0103ri electrice, iar cantit\u0103\u021bile de ap\u0103 vor fi de 2-5 l\/mp. \u00cen timpul ploilor, v\u00e2ntul va avea intensific\u0103ri de scurt\u0103 durat\u0103, cu rafale de 35-50 km\/h.<\/p>\n<p data-start=\"1102\" data-end=\"1169\" id=\"p-3\">Temperatura maxim\u0103 se va situa \u00een jurul valorii de 30 de grade.<\/p>\n<p data-start=\"1171\" data-end=\"1395\" id=\"p-4\">ANM a emis \u0219i o informare meteorologic\u0103 valabil\u0103 \u00een perioada 2 septembrie, ora 13:00 \u2013 3 septembrie, ora 21:00, care vizeaz\u0103 instabilitate atmosferic\u0103, averse toren\u021biale moderate cantitativ \u0219i intensific\u0103ri ale v\u00e2ntului.<\/p>\n<p data-start=\"1397\" data-end=\"1618\" id=\"p-5\">Potrivit meteorologilor, miercuri, 2 septembrie, instabilitatea atmosferic\u0103 se va manifesta local \u00een Moldova \u0219i nordul Munteniei, iar joi, 3 septembrie, pe alocuri \u00een regiunile sudice \u0219i estice \u0219i \u00een zona montan\u0103.<\/p>\n<p data-start=\"1620\" data-end=\"1909\" id=\"p-6\">Fenomenele vor consta \u00een averse toren\u021biale, desc\u0103rc\u0103ri electrice, intensific\u0103ri de scurt\u0103 durat\u0103 ale v\u00e2ntului, cu viteze de 40-50 km\/h, \u0219i izolat grindin\u0103 de mici dimensiuni. \u00cen intervale scurte de 1-3 ore, cantit\u0103\u021bile de ap\u0103 vor ajunge la 10-15 l\/mp \u0219i izolat la peste 20-30 l\/mp.<\/p>\n<p data-start=\"1911\" data-end=\"2086\" data-is-last-node data-is-only-node id=\"p-7\">ANM precizeaz\u0103 c\u0103, \u00een func\u021bie de evolu\u021bia \u0219i intensitatea fenomenelor, informarea poate fi actualizat\u0103, inclusiv prin avertiz\u0103ri de fenomene severe imediate de tip nowcasting.<\/p>\n","protected":false},"excerpt":{"rendered":"<p>\u00cen intervalul 2 septembrie, ora 13:00 \u2013 3 septembrie, ora 09:00, vremea va fi c\u0103lduroas\u0103, cu cer variabil \u0219i unele \u00eennor\u0103ri spre sear\u0103. V\u00e2ntul se va intensifica temporar, cu viteze &hellip; <a href=\"https:\/\/microscopemedia.com\/?p=711189\" class=\"more-link\">Read More<\/a><\/p>\n","protected":false},"author":1,"featured_media":711190,"comment_status":"closed","ping_status":"closed","sticky":false,"template":"Default","format":"standard","meta":[],"categories":[1],"tags":[],"_links":{"self":[{"href":"https:\/\/microscopemedia.com\/index.php?rest_route=\/wp\/v2\/posts\/711189"}],"collection":[{"href":"https:\/\/microscopemedia.com\/index.php?rest_route=\/wp\/v2\/posts"}],"about":[{"href":"https:\/\/microscopemedia.com\/index.php?rest_route=\/wp\/v2\/types\/post"}],"author":[{"embeddable":true,"href":"https:\/\/microscopemedia.com\/index.php?rest_route=\/wp\/v2\/users\/1"}],"replies":[{"embeddable":true,"href":"https:\/\/microscopemedia.com\/index.php?rest_route=%2Fwp%2Fv2%2Fcomments&post=711189"}],"version-history":[{"count":0,"href":"https:\/\/microscopemedia.com\/index.php?rest_route=\/wp\/v2\/posts\/711189\/revisions"}],"wp:featuredmedia":[{"embeddable":true,"href":"https:\/\/microscopemedia.com\/index.php?rest_route=\/wp\/v2\/media\/711190"}],"wp:attachment":[{"href":"https:\/\/microscopemedia.com\/index.php?rest_route=%2Fwp%2Fv2%2Fmedia&parent=711189"}],"wp:term":[{"taxonomy":"category","embeddable":true,"href":"https:\/\/microscopemedia.com\/index.php?rest_route=%2Fwp%2Fv2%2Fcategories&post=711189"},{"taxonomy":"post_tag","embeddable":true,"href":"https:\/\/microscopemedia.com\/index.php?rest_route=%2Fwp%2Fv2%2Ftags&post=711189"}],"curies":[{"name":"wp","href":"https:\/\/api.w.org\/{rel}","templated":true}]}}