{"id":711191,"date":"2026-09-02T07:46:04","date_gmt":"2026-09-02T07:46:04","guid":{"rendered":"https:\/\/microscopemedia.com\/?p=711191"},"modified":"2026-09-02T07:46:04","modified_gmt":"2026-09-02T07:46:04","slug":"cristian-busoi-despre-o-posibila-redeschidere-a-centralei-de-la-cernavoda-nu-mai-devreme-de-10-septembrie","status":"publish","type":"post","link":"https:\/\/microscopemedia.com\/?p=711191","title":{"rendered":"Cristian Bu\u0219oi, despre o posibil\u0103 redeschidere a centralei de la Cernavod\u0103: Nu mai devreme de 10 septembrie"},"content":{"rendered":"<div readability=\"47.609254498715\">\n<div class=\"sgb-google-buttons\">\n<div class=\"display-flex justify-center google-logo\"><img decoding=\"async\" loading=\"lazy\" class=\"mg-x-auto\" width=\"30\" height=\"30\" src=\"https:\/\/microscopemedia.com\/wp-content\/uploads\/2026\/09\/cristian-busoi-despre-o-posibila-redeschidere-a-centralei-de-la-cernavoda-nu-mai-devreme-de-10-septembrie.png\" alt><\/div>\n<\/p><\/div>\n<p id=\"p-0\"><span>Cristian Bu\u0219oi a precizat c\u0103, de\u0219i prognozele privind debitul Dun\u0103rii sunt favorabile, la Cernavod\u0103 nu s-a \u00eenregistrat deocamdat\u0103 o cre\u0219tere suficient de mare pentru repornirea centralei.&nbsp;<\/span><\/p>\n<p id=\"p-1\"><span>\u201ePrognozele privind debitul Dun\u0103rii sunt \u00een cre\u0219tere, dar deocamdat\u0103 nu s-a observat la Cernavod\u0103 un nivel crescut \u0219i sustenabil pentru c\u0103 nu-i suficient s\u0103 creasc\u0103 pentru o zi procedurile de siguran\u021b\u0103 ale reactoarelor \u0219i ale pompelor care r\u0103cesc reactoarele, pe care speciali\u0219tii de acolo le respect\u0103 cu sfin\u021benie \u0219i \u00een care decizia politic\u0103 nu are ce interveni\u201d, a declarat Bu\u0219oi, miercuri, la B1 TV.&nbsp;<\/span><\/p>\n<h2 id=\"chapter-0\">C\u00e2nd ar putea fi repornit\u0103 centrala<\/h2>\n<p id=\"p-2\"><span>Prima decizie privind repornirea unuia dintre cele dou\u0103 reactoare ar putea fi luat\u0103 \u00een jurul datei de 10 septembrie, \u00eens\u0103 doar dac\u0103 cotele apelor vor garanta o exploatare f\u0103r\u0103 \u00eentreruperi.&nbsp;<\/span><\/p>\n<p id=\"p-3\"><span>\u201ePentru a nu crea o a\u0219teptare nejustificat\u0103, pot spune doar c\u0103 mai devreme de 10 septembrie, dac\u0103 vre\u021bi s\u0103 dau a\u0219a o prognoz\u0103, de cel pu\u021bin o s\u0103pt\u0103m\u00e2n\u0103, nu exist\u0103 condi\u021bii pentru a redeschide centrala de la <span><a href=\"https:\/\/www.mediafax.ro\/economic\/cand-ar-trebui-suplimentat-debitul-pe-bratul-bala-chiar-din-canalul-dunare-marea-neagra-pentru-racirea-reactoarelor-nucleare-de-la-cernavoda-explicatiile-presedintelui-cncan-23799829\">Cernavod\u0103<\/a><\/span>.&nbsp; Trebuie \u00eens\u0103 ca p\u00e2n\u0103 atunci s\u0103 avem un nivel care pe de o parte s\u0103 ne duc\u0103 la redeschiderea \u00een siguran\u021b\u0103, pe de alta parte nu e de folosul nim\u0103nui s\u0103 se deschid\u0103 \u0219i apoi dup\u0103 c\u00e2teva zile s\u0103 se \u00eenchid\u0103 din nou\u201d, a continuat Bu\u0219oi.&nbsp;<\/span><\/p>\n<p id=\"p-4\"><span>Secretarul de stat a mai declarat c\u0103 \u00een sezonul rece din acest an centrala va func\u021biona, de\u0219i sunt programate lucr\u0103ri de retehnologizare a Unit\u0103\u021bii 1.&nbsp;<\/span><\/p>\n<p id=\"p-5\"><span>\u201eEste sigur c\u0103 de anul viitor \u00eencepe retehnologizarea Unit\u0103\u021bii 1. Pentru o perioad\u0103 de peste 2 ani Unitatea 1 se va \u00eenchide. Dar cel pu\u021bin \u00een aceast\u0103 toamn\u0103 \u0219i la \u00eenceputul iernii ar trebui s\u0103 func\u021bion\u0103m cu cele dou\u0103 reactoare \u0219i ele trebuie deschise c\u00e2t mai cur\u00e2nd posibil, dar s\u0103 nu punem \u00een pericol echipamentele\u201d, a conchis oficialul.&nbsp;<\/span><\/p>\n<h2 id=\"chapter-1\">Oprirea centralei din cauza nivelului Dun\u0103rii<\/h2>\n<p id=\"p-6\"><span>\u00cencep\u00e2nd de pe 13 august, centrala nuclear\u0103 de la Cernavod\u0103 \u0219i-a oprit produc\u021bia din cauza sc\u0103derii nivelului Dun\u0103rii.&nbsp;<\/span><\/p>\n<p id=\"p-7\"><span>\u00cen \u00eencercarea de a prelungi func\u021bionarea instala\u021biei, autorit\u0103\u021bile au intervenit pe Dun\u0103re. Au fost luate m\u0103suri pentru direc\u021bionarea unui debit mai mare de ap\u0103 c\u0103tre central\u0103, prin dislocarea unei st\u00e2nci \u0219i scufundarea controlat\u0103 a patru barje.&nbsp;<\/span><\/p>\n<\/p><\/div>\n","protected":false},"excerpt":{"rendered":"<p>Cristian Bu\u0219oi a precizat c\u0103, de\u0219i prognozele privind debitul Dun\u0103rii sunt favorabile, la Cernavod\u0103 nu s-a \u00eenregistrat deocamdat\u0103 o cre\u0219tere suficient de mare pentru repornirea centralei.&nbsp; \u201ePrognozele privind debitul Dun\u0103rii &hellip; <a href=\"https:\/\/microscopemedia.com\/?p=711191\" class=\"more-link\">Read More<\/a><\/p>\n","protected":false},"author":1,"featured_media":711192,"comment_status":"closed","ping_status":"closed","sticky":false,"template":"Default","format":"standard","meta":[],"categories":[1],"tags":[],"_links":{"self":[{"href":"https:\/\/microscopemedia.com\/index.php?rest_route=\/wp\/v2\/posts\/711191"}],"collection":[{"href":"https:\/\/microscopemedia.com\/index.php?rest_route=\/wp\/v2\/posts"}],"about":[{"href":"https:\/\/microscopemedia.com\/index.php?rest_route=\/wp\/v2\/types\/post"}],"author":[{"embeddable":true,"href":"https:\/\/microscopemedia.com\/index.php?rest_route=\/wp\/v2\/users\/1"}],"replies":[{"embeddable":true,"href":"https:\/\/microscopemedia.com\/index.php?rest_route=%2Fwp%2Fv2%2Fcomments&post=711191"}],"version-history":[{"count":0,"href":"https:\/\/microscopemedia.com\/index.php?rest_route=\/wp\/v2\/posts\/711191\/revisions"}],"wp:featuredmedia":[{"embeddable":true,"href":"https:\/\/microscopemedia.com\/index.php?rest_route=\/wp\/v2\/media\/711192"}],"wp:attachment":[{"href":"https:\/\/microscopemedia.com\/index.php?rest_route=%2Fwp%2Fv2%2Fmedia&parent=711191"}],"wp:term":[{"taxonomy":"category","embeddable":true,"href":"https:\/\/microscopemedia.com\/index.php?rest_route=%2Fwp%2Fv2%2Fcategories&post=711191"},{"taxonomy":"post_tag","embeddable":true,"href":"https:\/\/microscopemedia.com\/index.php?rest_route=%2Fwp%2Fv2%2Ftags&post=711191"}],"curies":[{"name":"wp","href":"https:\/\/api.w.org\/{rel}","templated":true}]}}