{"id":711197,"date":"2026-09-02T08:17:03","date_gmt":"2026-09-02T08:17:03","guid":{"rendered":"https:\/\/microscopemedia.com\/?p=711197"},"modified":"2026-09-02T08:17:03","modified_gmt":"2026-09-02T08:17:03","slug":"turismul-bubuie-in-europa-dar-in-romania-e-in-cadere-libera-eurostat-e-a-doua-cea-mai-spectaculoasa-scadere","status":"publish","type":"post","link":"https:\/\/microscopemedia.com\/?p=711197","title":{"rendered":"Turismul bubuie \u00een Europa, dar \u00een Rom\u00e2nia e \u00een c\u0103dere liber\u0103 | Eurostat: \u201eE a doua cea mai spectaculoas\u0103 sc\u0103dere\u201d"},"content":{"rendered":"<div class=\"sgb-google-buttons\">\n<div class=\"display-flex justify-center google-logo\"><img decoding=\"async\" loading=\"lazy\" class=\"mg-x-auto\" width=\"30\" height=\"30\" src=\"https:\/\/microscopemedia.com\/wp-content\/uploads\/2026\/09\/turismul-bubuie-in-europa-dar-in-romania-e-in-cadere-libera-eurostat-e-a-doua-cea-mai-spectaculoasa-scadere.png\" alt><\/div>\n<\/p><\/div>\n<p id=\"p-0\">Un paradox: <a href=\"https:\/\/www.mediafax.ro\/stirile-zilei\/javier-garcia-del-valle-ceo-happy-tour-eu-am-facut-tot-ce-am-putut-pentru-a-dezvolta-turismul-aici-romania-este-o-tara-incredibila-23775600\">turismul european<\/a> a \u00eenceput 2026 pe cre\u0219tere, dar Rom\u00e2nia face not\u0103 discordant\u0103.<\/p>\n<p id=\"p-1\">Ultimele date Eurostat arat\u0103 c\u0103 num\u0103rul nop\u021bilor petrecute \u00een unit\u0103\u021bile de cazare turistic\u0103 din Uniunea European\u0103 a crescut cu 1,7% \u00een primul semestru al anului, ajung\u00e2nd p\u00e2n\u0103 la 1,321 miliarde, fa\u021b\u0103 de 1,299 miliarde \u00een primele \u0219ase luni din 2025.<\/p>\n<p id=\"p-2\">\u00cen Rom\u00e2nia, \u00een schimb, indicatorul a sc\u0103zut cu 6,7%, iar asta e una dintre cele mai severe contrac\u021bii din Uniunea European\u0103, potrivit celor mai recente date ale Eurostat.<\/p>\n<h2 id=\"chapter-0\">Doar Cipru e mai jos ca Rom\u00e2nia<\/h2>\n<p id=\"p-3\">Doar Cipru dep\u0103\u0219e\u0219te Rom\u00e2nia la capitolul \u201esc\u0103dere\u201d.<\/p>\n<p id=\"p-4\">Aici, num\u0103rul nop\u021bilor de cazare s-a redus cu 7,7%.<\/p>\n<p id=\"p-5\">\u00cen total, nou\u0103 state membre au raportat sc\u0103deri \u00een primul semestru.<\/p>\n<p id=\"p-6\">La polul opus se afl\u0103 Irlanda, cu o cre\u0219tere de 14,6%, Malta, cu 9,9%, \u0219i Slovacia, cu 5,9%. Diferen\u021ba dintre evolu\u021bia Rom\u00e2niei \u0219i media european\u0103 este, astfel, de peste opt puncte procentuale.<\/p>\n<p id=\"p-7\">Imaginea este cu at\u00e2t mai relevant\u0103 cu c\u00e2t pia\u021ba european\u0103 nu traverseaz\u0103 o perioad\u0103 de recul. Dimpotriv\u0103, cele 1,321 miliarde de nop\u021bi de cazare \u00eenregistrate \u00een UE \u00een prima jum\u0103tate a anului \u00eenseamn\u0103 cu aproximativ 22 de milioane mai multe nop\u021bi dec\u00e2t \u00een aceea\u0219i perioad\u0103 din 2025. Cre\u0219terea este alimentat\u0103 \u00een special de turismul interna\u021bional: nop\u021bile petrecute de vizitatorii str\u0103ini au crescut cu 2,5%, \u00een timp ce nop\u021bile turi\u0219tilor autohtoni au avansat cu doar 0,9%.<\/p>\n<h2 id=\"chapter-1\"><strong>Rom\u00e2nia e dependent\u0103 doar \u00eentr-o m\u0103sur\u0103 redus\u0103 de turi\u0219tii str\u0103ini<\/strong><\/h2>\n<p id=\"p-8\">Datele Eurostat scot \u00een eviden\u021b\u0103 \u0219i o particularitate structural\u0103 a turismului rom\u00e2nesc. Doar 23% dintre nop\u021bile de cazare \u00eenregistrate \u00een Rom\u00e2nia \u00een primul semestru din 2026 au apar\u021binut vizitatorilor str\u0103ini.<\/p>\n<p id=\"p-9\">Cu alte cuvinte, aproape trei sferturi din nop\u021bile de cazare au fost generate de turi\u0219ti reziden\u021bi.<\/p>\n<p id=\"p-10\">Propor\u021bia este mult sub media Uniunii Europene, unde turi\u0219tii str\u0103ini au reprezentat 48,9% din totalul nop\u021bilor de cazare.<\/p>\n<p id=\"p-11\"><strong>Rom\u00e2nia se afl\u0103 astfel printre \u021b\u0103rile UE cu cea mai redus\u0103 pondere a turismului interna\u021bional, al\u0103turi de Germania, unde str\u0103inii au generat 18,5% din nop\u021bi, \u0219i Polonia, cu 19,8%.<\/strong><\/p>\n<p id=\"p-12\">\u00cen alte destina\u021bii europene, dependen\u021ba de turi\u0219tii interna\u021bionali este radical diferit\u0103.<\/p>\n<p id=\"p-13\">\u00cen Malta, 95,2% dintre nop\u021bile de cazare au fost generate de vizitatori str\u0103ini, \u00een Cipru propor\u021bia a ajuns la 92,6%, iar \u00een Luxemburg la 87,7%.<\/p>\n<p id=\"p-14\">Aceste diferen\u021be arat\u0103 c\u00e2t de important este turismul interna\u021bional pentru unele economii europene \u0219i c\u00e2t de pu\u021bin valorificat\u0103 r\u0103m\u00e2ne aceast\u0103 component\u0103 \u00een Rom\u00e2nia.<\/p>\n<h2 id=\"chapter-2\"><strong>Europa cre\u0219te, Rom\u00e2nia scade<\/strong><\/h2>\n<p id=\"p-15\">Compara\u021bia cu alte state membre este \u0219i mai relevant\u0103.<\/p>\n<p id=\"p-16\">\u00cen timp ce Rom\u00e2nia a pierdut 6,7% din nop\u021bile de cazare, Irlanda a \u00eenregistrat o cre\u0219tere de 14,6%, Malta de 9,9%, iar Slovacia de 5,9%.<\/p>\n<p id=\"p-17\">Aceste evolu\u021bii arat\u0103 c\u0103 avansul turismului european nu este uniform, \u00eens\u0103 Rom\u00e2nia se afl\u0103 \u00een grupul statelor cu cele mai mari sc\u0103deri.<\/p>\n<p id=\"p-18\">Cazul Ciprului este interesant: \u021bara a \u00eenregistrat cea mai mare sc\u0103dere din UE, de 7,7%, dar r\u0103m\u00e2ne o destina\u021bie extrem de dependent\u0103 de turi\u0219tii str\u0103ini, care genereaz\u0103 92,6% din nop\u021bile de cazare.<\/p>\n<p id=\"p-19\">Rom\u00e2nia combin\u0103, \u00een schimb, sc\u0103derea general\u0103 a pie\u021bei cu o pondere relativ mic\u0103 a turi\u0219tilor str\u0103ini.<\/p>\n<h2 id=\"chapter-3\"><strong>Industria ospitalit\u0103\u021bii e pe butuci \u00een Rom\u00e2nia<\/strong><\/h2>\n<p id=\"p-20\">Datele Eurostat ofer\u0103 astfel un semnal important pentru industria ospitalit\u0103\u021bii din Rom\u00e2nia. Sc\u0103derea nu are loc \u00eentr-o pia\u021b\u0103 european\u0103 aflat\u0103 \u00een declin, ci \u00eentr-un moment \u00een care cererea pentru cazare turistic\u0103 \u00een UE este \u00een cre\u0219tere.<\/p>\n<p id=\"p-21\">Mai mult, evolu\u021bia interna\u021bional\u0103 este mai dinamic\u0103 dec\u00e2t cea intern\u0103: la nivelul UE, nop\u021bile petrecute de turi\u0219tii str\u0103ini au crescut de aproape trei ori mai repede dec\u00e2t cele ale turi\u0219tilor reziden\u021bi.<\/p>\n<p id=\"p-22\">Pentru Rom\u00e2nia, aceast\u0103 diferen\u021b\u0103 ridic\u0103 problema capacit\u0103\u021bii de a atrage \u0219i p\u0103stra fluxurile interna\u021bionale de turi\u0219ti.<\/p>\n<p id=\"p-23\">Este important, totu\u0219i, ca datele s\u0103 nu fie interpretate ca o m\u0103sur\u0103toare direct\u0103 a \u201enum\u0103rului de turi\u0219ti\u201d.<\/p>\n<p id=\"p-24\">Indicatorul Eurostat contabilizeaz\u0103 <strong>nop\u021bile petrecute \u00een unit\u0103\u021bi de cazare turistic\u0103 \u0219i include hoteluri \u0219i unit\u0103\u021bi similare, unit\u0103\u021bi pentru vacan\u021be \u0219i sejururi de scurt\u0103 durat\u0103, precum \u0219i campinguri \u0219i parcuri pentru rulote.<\/strong><\/p>\n<p id=\"p-25\">Prin urmare, o sc\u0103dere de 6,7% \u00eenseamn\u0103 c\u0103 <strong>num\u0103rul total de nop\u021bi petrecute \u00een aceste structuri a fost cu 6,7% mai mic dec\u00e2t \u00een primul semestru din 2025.<\/strong><\/p>\n<p id=\"p-26\">Pentru Rom\u00e2nia, mesajul statistic este totu\u0219i dificil de ignorat: \u00een timp ce turismul european a ad\u0103ugat 1,7% \u00een primul semestru din 2026, pia\u021ba rom\u00e2neasc\u0103 a pierdut 6,7%.<\/p>\n","protected":false},"excerpt":{"rendered":"<p>Un paradox: turismul european a \u00eenceput 2026 pe cre\u0219tere, dar Rom\u00e2nia face not\u0103 discordant\u0103. Ultimele date Eurostat arat\u0103 c\u0103 num\u0103rul nop\u021bilor petrecute \u00een unit\u0103\u021bile de cazare turistic\u0103 din Uniunea European\u0103 &hellip; <a href=\"https:\/\/microscopemedia.com\/?p=711197\" class=\"more-link\">Read More<\/a><\/p>\n","protected":false},"author":1,"featured_media":711198,"comment_status":"closed","ping_status":"closed","sticky":false,"template":"Default","format":"standard","meta":[],"categories":[1],"tags":[],"_links":{"self":[{"href":"https:\/\/microscopemedia.com\/index.php?rest_route=\/wp\/v2\/posts\/711197"}],"collection":[{"href":"https:\/\/microscopemedia.com\/index.php?rest_route=\/wp\/v2\/posts"}],"about":[{"href":"https:\/\/microscopemedia.com\/index.php?rest_route=\/wp\/v2\/types\/post"}],"author":[{"embeddable":true,"href":"https:\/\/microscopemedia.com\/index.php?rest_route=\/wp\/v2\/users\/1"}],"replies":[{"embeddable":true,"href":"https:\/\/microscopemedia.com\/index.php?rest_route=%2Fwp%2Fv2%2Fcomments&post=711197"}],"version-history":[{"count":0,"href":"https:\/\/microscopemedia.com\/index.php?rest_route=\/wp\/v2\/posts\/711197\/revisions"}],"wp:featuredmedia":[{"embeddable":true,"href":"https:\/\/microscopemedia.com\/index.php?rest_route=\/wp\/v2\/media\/711198"}],"wp:attachment":[{"href":"https:\/\/microscopemedia.com\/index.php?rest_route=%2Fwp%2Fv2%2Fmedia&parent=711197"}],"wp:term":[{"taxonomy":"category","embeddable":true,"href":"https:\/\/microscopemedia.com\/index.php?rest_route=%2Fwp%2Fv2%2Fcategories&post=711197"},{"taxonomy":"post_tag","embeddable":true,"href":"https:\/\/microscopemedia.com\/index.php?rest_route=%2Fwp%2Fv2%2Ftags&post=711197"}],"curies":[{"name":"wp","href":"https:\/\/api.w.org\/{rel}","templated":true}]}}