{"id":711199,"date":"2026-09-02T08:36:03","date_gmt":"2026-09-02T08:36:03","guid":{"rendered":"https:\/\/microscopemedia.com\/?p=711199"},"modified":"2026-09-02T08:36:03","modified_gmt":"2026-09-02T08:36:03","slug":"friedrich-merz-intampinat-cu-un-val-de-huiduieli-in-germania-pinocchio-demisia-si-pleaca-de-aici","status":"publish","type":"post","link":"https:\/\/microscopemedia.com\/?p=711199","title":{"rendered":"Friedrich Merz, \u00eent\u00e2mpinat cu un val de huiduieli \u00een Germania: \u201ePinocchio!\u201d, \u201eDemisia!\u201d \u0219i \u201ePleac\u0103 de aici!\u201d"},"content":{"rendered":"<div class=\"sgb-google-buttons\">\n<div class=\"display-flex justify-center google-logo\"><img decoding=\"async\" loading=\"lazy\" class=\"mg-x-auto\" width=\"30\" height=\"30\" src=\"https:\/\/microscopemedia.com\/wp-content\/uploads\/2026\/09\/friedrich-merz-intampinat-cu-un-val-de-huiduieli-in-germania-pinocchio-demisia-si-pleaca-de-aici.png\" alt><\/div>\n<\/p><\/div>\n<p id=\"p-0\">Incidentul a avut loc pe 31 august, \u00een prima oprire electoral\u0103 a lui Merz \u00een landul Mecklenburg-Vorpommern. Potrivit publica\u021biei <a href=\"https:\/\/clashreport.com\/world\/articles\/merz-booed-called-pinocchio-on-campaign-stop-agpj5xs3yr\" target=\"_blank\" rel=\"noopener\">Clash Report<\/a>, imaginile de la eveniment s-au r\u0103sp\u00e2ndit rapid online, dar au ap\u0103rut \u0219i confuzii privind locul \u00een care au fost rostite scand\u0103rile.<\/p>\n<h2 id=\"chapter-0\">Merz, \u00eent\u00e2mpinat cu huiduieli la K\u00fchlungsborn<\/h2>\n<p id=\"p-1\">\u00cenainte de \u00eent\u00e2lnirea cu aleg\u0103torii, Friedrich Merz a f\u0103cut o scurt\u0103 oprire pe promenada de la Marea Baltic\u0103 \u0219i a m\u00e2ncat un sandvi\u0219 cu pe\u0219te, pe care l-a descris drept \u201eexcelent de bun\u201d. Ulterior, cancelarul s-a \u00eendreptat c\u0103tre un stand al CDU, aflat \u00een spatele unor bariere. O parte dintre cei prezen\u021bi au \u00eenceput s\u0103 huiduie \u0219i s\u0103 strige \u201eKriegstreiber\u201d (\u201einstigator la r\u0103zboi\u201d), \u201ePinocchio\u201d, \u201eR\u00fccktritt\u201d (\u201edemisia\u201d) \u0219i \u201eHau ab\u201d (\u201epleac\u0103 de aici\u201d).<\/p>\n<blockquote class=\"twitter-tweet\" data-media-max-width=\"560\" readability=\"13.114035087719\">\n<p dir=\"ltr\" lang=\"en\" id=\"p-2\">German Chancellor Merz was booed, whistled at, and met with chants of \u201ePinocchio,\u201d \u201ewarmonger,\u201d and \u201eresign\u201d during his first East German campaign stop in K\u00fchlungsborn.<\/p>\n<p id=\"p-3\">A planned press statement was cancelled. <a href=\"https:\/\/t.co\/FVJn3bALXY\">pic.twitter.com\/FVJn3bALXY<\/a><\/p>\n<p id=\"p-4\">\u2014 \ud835\udcf6\ud835\udcea\ud835\udcfb\ud835\udcf2\ud835\udcea\ud835\udcf5\ud835\udcea\ud835\udcfb\ud835\udcfc\ud835\udcfc\ud835\udcf8\ud835\udcf7201 (@marialarsson201) <a href=\"https:\/\/x.com\/marialarsson201\/status\/2094804165864100227?ref_src=twsrc%5Etfw\">September 1, 2026<\/a><\/p>\n<\/blockquote>\n<p id=\"p-5\">Reac\u021bia mul\u021bimii nu a fost \u00eens\u0103 unanim\u0103. Al\u021bi participan\u021bi au \u00eencercat s\u0103-i apere pe Merz \u0219i au cerut respect \u00een timpul evenimentului. O declara\u021bie de pres\u0103 programat\u0103 ulterior a fost anulat\u0103 f\u0103r\u0103 ca echipa CDU s\u0103 ofere o explica\u021bie. \u00cen schimb, cancelarul a discutat cu participan\u021bii peste barierele de securitate.<\/p>\n<h2 id=\"chapter-1\">O atmosfer\u0103 diferit\u0103 la Quedlinburg<\/h2>\n<p id=\"p-6\">Merz \u0219i-a continuat apoi deplasarea la Quedlinburg, \u00een Saxonia-Anhalt, unde alegerile regionale sunt programate pentru 6 septembrie. Vizita de aici a avut loc \u00een condi\u021bii de securitate mai stricte \u0219i \u00eentr-un cadru mai restr\u00e2ns. Cancelarul a participat la o \u00eent\u00e2lnire cu candida\u021bii, a vizitat o biseric\u0103 \u0219i a semnat \u00een Cartea de Aur a ora\u0219ului.<\/p>\n<p id=\"p-7\">La sosirea convoiului, c\u00e2\u021biva sus\u021bin\u0103tori ai AfD au afi\u0219at un banner cu mesajul \u201eUnser Land zuerst!\u201d (\u201e\u021aara noastr\u0103 pe primul loc\u201d). Nu au fost \u00eens\u0103 relatate huiduieli comparabile cu cele de la K\u00fchlungsborn. Merz a avertizat c\u0103 Saxonia-Anhalt \u201enu trebuie s\u0103 devin\u0103 un teren de experiment pentru cet\u0103\u021beni furio\u0219i\u201d \u0219i a sus\u021binut c\u0103 o eventual\u0103 majoritate AfD ar putea speria investitorii. Premierul landului, Sven Schulze, a p\u0103strat \u00eens\u0103 o anumit\u0103 distan\u021b\u0103 fa\u021b\u0103 de politica federal\u0103 \u00een propriile declara\u021bii.<\/p>\n<h2 id=\"chapter-2\">Cum au ap\u0103rut confuziile pe re\u021belele sociale<\/h2>\n<p id=\"p-8\">Imaginile de la K\u00fchlungsborn au devenit virale, iar unele dintre videoclipurile distribuite online au fost prezentate \u00een mod eronat ca fiind filmate la Quedlinburg. Cele dou\u0103 evenimente au fost \u00eens\u0103 diferite. Scenele cu scand\u0103rile \u201eDemisia!\u201d \u0219i \u201ePleac\u0103 de aici!\u201d provin de la promenada din K\u00fchlungsborn, unde reac\u021bia unei p\u0103r\u021bi a publicului a fost clar ostil\u0103.<\/p>\n<p id=\"p-9\">Eticheta \u201ePinocchio\u201d adresat\u0103 lui Merz are, la r\u00e2ndul ei, un istoric politic. Potrivit sursei, aceasta a fost asociat\u0103 cu <a href=\"https:\/\/www.mediafax.ro\/stirile-zilei\/friedrich-merz-avertizeaza-ca-o-eventuala-victorie-a-afd-ar-putea-indeparta-investitorii-straini-vom-face-tot-posibilul-pentru-a-preveni-victoria-lor-23798807\">promisiuni<\/a> considerate neonorate \u0219i cu un comentariu de pe Facebook din 2025 care a dus la o investiga\u021bie ulterior abandonat\u0103. De aceast\u0103 dat\u0103, termenul a fost folosit direct \u00een timpul campaniei electorale, ca acuza\u021bie c\u0103 liderul CDU nu \u0219i-ar fi respectat promisiunile.<\/p>\n","protected":false},"excerpt":{"rendered":"<p>Incidentul a avut loc pe 31 august, \u00een prima oprire electoral\u0103 a lui Merz \u00een landul Mecklenburg-Vorpommern. Potrivit publica\u021biei Clash Report, imaginile de la eveniment s-au r\u0103sp\u00e2ndit rapid online, dar &hellip; <a href=\"https:\/\/microscopemedia.com\/?p=711199\" class=\"more-link\">Read More<\/a><\/p>\n","protected":false},"author":1,"featured_media":711200,"comment_status":"closed","ping_status":"closed","sticky":false,"template":"Default","format":"standard","meta":[],"categories":[1],"tags":[],"_links":{"self":[{"href":"https:\/\/microscopemedia.com\/index.php?rest_route=\/wp\/v2\/posts\/711199"}],"collection":[{"href":"https:\/\/microscopemedia.com\/index.php?rest_route=\/wp\/v2\/posts"}],"about":[{"href":"https:\/\/microscopemedia.com\/index.php?rest_route=\/wp\/v2\/types\/post"}],"author":[{"embeddable":true,"href":"https:\/\/microscopemedia.com\/index.php?rest_route=\/wp\/v2\/users\/1"}],"replies":[{"embeddable":true,"href":"https:\/\/microscopemedia.com\/index.php?rest_route=%2Fwp%2Fv2%2Fcomments&post=711199"}],"version-history":[{"count":0,"href":"https:\/\/microscopemedia.com\/index.php?rest_route=\/wp\/v2\/posts\/711199\/revisions"}],"wp:featuredmedia":[{"embeddable":true,"href":"https:\/\/microscopemedia.com\/index.php?rest_route=\/wp\/v2\/media\/711200"}],"wp:attachment":[{"href":"https:\/\/microscopemedia.com\/index.php?rest_route=%2Fwp%2Fv2%2Fmedia&parent=711199"}],"wp:term":[{"taxonomy":"category","embeddable":true,"href":"https:\/\/microscopemedia.com\/index.php?rest_route=%2Fwp%2Fv2%2Fcategories&post=711199"},{"taxonomy":"post_tag","embeddable":true,"href":"https:\/\/microscopemedia.com\/index.php?rest_route=%2Fwp%2Fv2%2Ftags&post=711199"}],"curies":[{"name":"wp","href":"https:\/\/api.w.org\/{rel}","templated":true}]}}