{"id":711203,"date":"2026-09-02T09:06:03","date_gmt":"2026-09-02T09:06:03","guid":{"rendered":"https:\/\/microscopemedia.com\/?p=711203"},"modified":"2026-09-02T09:06:03","modified_gmt":"2026-09-02T09:06:03","slug":"ebola-face-ravagii-in-congo-numarul-deceselor-cauzate-de-epidemie-a-depasit-3-000","status":"publish","type":"post","link":"https:\/\/microscopemedia.com\/?p=711203","title":{"rendered":"Ebola face ravagii \u00een Congo. Num\u0103rul deceselor cauzate de epidemie a dep\u0103\u0219it 3 000"},"content":{"rendered":"<div readability=\"29.096252755327\">\n<div class=\"sgb-google-buttons\">\n<div class=\"display-flex justify-center google-logo\"><img decoding=\"async\" loading=\"lazy\" class=\"mg-x-auto\" width=\"30\" height=\"30\" src=\"https:\/\/microscopemedia.com\/wp-content\/uploads\/2026\/09\/ebola-face-ravagii-in-congo-numarul-deceselor-cauzate-de-epidemie-a-depasit-3-000.png\" alt><\/div>\n<\/p><\/div>\n<p id=\"p-0\">Datele de la Ministerul S\u0103n\u0103t\u0103\u021bii din Congo au ar\u0103tat c\u0103 focarul a \u00eenregistrat 6.186 de cazuri confirmate, inclusiv 3.007 decese de la declararea sa la mijlocul lunii mai. Acesta r\u0103m\u00e2ne focarul cu cea mai rapid\u0103 cre\u0219tere a bolii \u00eenregistrat vreodat\u0103, potrivit <a href=\"https:\/\/apnews.com\/search?q=Ebola#nt=navsearch\" target=\"_blank\" rel=\"noopener\">AP<\/a>.<\/p>\n<p id=\"p-1\">Boala a continuat s\u0103 se r\u0103sp\u00e2ndeasc\u0103 rapid din mai multe motive, inclusiv conflictul din regiunea estic\u0103 a \u021b\u0103rii, unde este concentrat focarul, atacurile asupra lucr\u0103torilor din domeniul s\u0103n\u0103t\u0103\u021bii, minerii afla\u021bi \u00een continu\u0103 mi\u0219care \u0219i infrastructura sanitar\u0103 inadecvat\u0103.<\/p>\n<p id=\"p-2\">Reluarea \u0219colii la mijlocul epidemiei a ridicat, de asemenea, \u00eengrijor\u0103ri cu privire la transmiterea \u00een s\u0103lile de clas\u0103.<\/p>\n<p id=\"p-3\">Organiza\u021bia Mondial\u0103 a S\u0103n\u0103t\u0103\u021bii (OMS) a anun\u021bat \u00eenc\u0103 de la \u00eenceputul lunii trecute c\u0103 focarul de Ebola din Republica Democratic\u0103 Congo nu este \u021binut sub control, ci se agraveaz\u0103. Focarul este, \u00een prezent, cel mai mare cu care s-a confruntat vreodat\u0103 \u021bara, subliniaz\u0103 OMS.<\/p>\n<p id=\"p-4\">Focarul actual din RD Congo este cauzat de varianta Bundibugyo, pentru care \u00eenc\u0103 nu exist\u0103 un vaccin aprobat.<\/p>\n<\/p><\/div>\n","protected":false},"excerpt":{"rendered":"<p>Datele de la Ministerul S\u0103n\u0103t\u0103\u021bii din Congo au ar\u0103tat c\u0103 focarul a \u00eenregistrat 6.186 de cazuri confirmate, inclusiv 3.007 decese de la declararea sa la mijlocul lunii mai. Acesta r\u0103m\u00e2ne &hellip; <a href=\"https:\/\/microscopemedia.com\/?p=711203\" class=\"more-link\">Read More<\/a><\/p>\n","protected":false},"author":1,"featured_media":711204,"comment_status":"closed","ping_status":"closed","sticky":false,"template":"Default","format":"standard","meta":[],"categories":[1],"tags":[],"_links":{"self":[{"href":"https:\/\/microscopemedia.com\/index.php?rest_route=\/wp\/v2\/posts\/711203"}],"collection":[{"href":"https:\/\/microscopemedia.com\/index.php?rest_route=\/wp\/v2\/posts"}],"about":[{"href":"https:\/\/microscopemedia.com\/index.php?rest_route=\/wp\/v2\/types\/post"}],"author":[{"embeddable":true,"href":"https:\/\/microscopemedia.com\/index.php?rest_route=\/wp\/v2\/users\/1"}],"replies":[{"embeddable":true,"href":"https:\/\/microscopemedia.com\/index.php?rest_route=%2Fwp%2Fv2%2Fcomments&post=711203"}],"version-history":[{"count":0,"href":"https:\/\/microscopemedia.com\/index.php?rest_route=\/wp\/v2\/posts\/711203\/revisions"}],"wp:featuredmedia":[{"embeddable":true,"href":"https:\/\/microscopemedia.com\/index.php?rest_route=\/wp\/v2\/media\/711204"}],"wp:attachment":[{"href":"https:\/\/microscopemedia.com\/index.php?rest_route=%2Fwp%2Fv2%2Fmedia&parent=711203"}],"wp:term":[{"taxonomy":"category","embeddable":true,"href":"https:\/\/microscopemedia.com\/index.php?rest_route=%2Fwp%2Fv2%2Fcategories&post=711203"},{"taxonomy":"post_tag","embeddable":true,"href":"https:\/\/microscopemedia.com\/index.php?rest_route=%2Fwp%2Fv2%2Ftags&post=711203"}],"curies":[{"name":"wp","href":"https:\/\/api.w.org\/{rel}","templated":true}]}}