{"id":711217,"date":"2026-09-02T10:36:03","date_gmt":"2026-09-02T10:36:03","guid":{"rendered":"https:\/\/microscopemedia.com\/?p=711217"},"modified":"2026-09-02T10:36:03","modified_gmt":"2026-09-02T10:36:03","slug":"mihai-ghigiu-dupa-acuzatiile-pnl-si-usr-privind-scandalul-din-camera-deputatilor-nu-este-o-intelegere-intre-psd-si-aur-ci-a-liderilor-de-grup","status":"publish","type":"post","link":"https:\/\/microscopemedia.com\/?p=711217","title":{"rendered":"Mihai Ghigiu, dup\u0103 acuza\u021biile PNL \u0219i USR privind scandalul din Camera Deputa\u021bilor: Nu este o \u00een\u021belegere \u00eentre PSD \u0219i AUR, ci a liderilor de grup"},"content":{"rendered":"<div class=\"sgb-google-buttons\">\n<div class=\"display-flex justify-center google-logo\"><img decoding=\"async\" loading=\"lazy\" class=\"mg-x-auto\" width=\"30\" height=\"30\" src=\"https:\/\/microscopemedia.com\/wp-content\/uploads\/2026\/09\/mihai-ghigiu-dupa-acuzatiile-pnl-si-usr-privind-scandalul-din-camera-deputatilor-nu-este-o-intelegere-intre-psd-si-aur-ci-a-liderilor-de-grup.png\" alt><\/div>\n<\/p><\/div>\n<p id=\"p-0\">Pre\u0219edintele Comisiei de \u00eenv\u0103\u021b\u0103m\u00e2nt a Camerei Deputa\u021bilor, deputatul PSD, Mihai Ghigiu, a declarat miercuri c\u0103 schimbarea rota\u021biei pentru func\u021biile de secretar din Biroul permanent al Camerei Deputa\u021bilor nu reprezint\u0103 o \u201e\u00een\u021belegere \u00eentre PSD \u0219i AUR\u201d.<\/p>\n<p id=\"p-1\">Reac\u021bia a venit dup\u0103 ce USR \u0219i PNL au spus c\u0103 <a href=\"https:\/\/www.mediafax.ro\/politic\/usr-si-pnl-ataca-la-ccr-hotararea-prin-care-aur-si-sos-romania-au-primit-locuri-in-conducerea-camerei-deputatilor-23799969\">vor contesta la Curtea Constitu\u021bional\u0103 a Rom\u00e2niei (CCR) hot\u0103r\u00e2rea adoptat\u0103 de Camera Deputa\u021bilo<\/a>r privind \u00eenlocuirea aceasta a reprezentan\u021bilor lor cu deputa\u021bi de la AUR \u0219i SOS Rom\u00e2nia.<\/p>\n<p class=\"isSelectedEnd\" id=\"p-2\">\u00centrebat despre acuza\u021biile potrivit c\u0103rora PSD ar fi format o nou\u0103 alian\u021b\u0103 cu AUR \u0219i SOS Rom\u00e2nia, \u201epartidele eurosceptice\u201d, Ghigiu a respins aceast\u0103 interpretare.<\/p>\n<p class=\"isSelectedEnd\" id=\"p-3\">\u201eA fost o chestiune c\u00e2t se poate de regulamentar\u0103. Statutul Camerei Deputa\u021bii \u0219i regulamentul Camerei Deputa\u021bilor spune foarte clar c\u0103 acele frac\u021bii de mandate se \u00eempart grupurilor politice \u00een func\u021bie de dimensiune \u0219i se stabile\u0219te rota\u021bia conform \u00een\u021belegerii liderilor de grup. Ieri fix asta s-a \u00eent\u00e2mplat, s-a stabilit o alt\u0103 rota\u021bie fa\u021b\u0103 de ce a stabilit \u00een urm\u0103 cu un an \u0219i ceva. Liderii de grupul majoritate, care reprezint\u0103 majoritatea deputa\u021bilor, au hot\u0103r\u00e2t aceast\u0103 nou\u0103 rota\u021bie. Deci nu a fost nimeni, nu i s-a luat nim\u0103nui o func\u021bie, nu i s-a luat nim\u0103nui vreun drept, ci efectiv s-a stabilit o alt\u0103 form\u0103 de rota\u021bie a celor care exercit\u0103 func\u021bia de secretar ai Camerei\u201d, a declarat Alexandru Mihai Ghigiu.<\/p>\n<p id=\"p-4\">Mihai Ghigiu a declarat c\u0103 a observat \u201east\u0103zi 28 de deputa\u021bii PNL care au semnat pentru a primi banii aferen\u021bii diurnei de ast\u0103zi\u201d.<\/p>\n<p id=\"p-5\">\u201eCe mi se pare interesant este faptul c\u0103 vedem USR-ul \u0219i PNL-ul discut\u00e2nd doar despre func\u021bii, despre pozi\u021bii, despre ma\u0219ini, despre orice altceva. Modelul domnului Bolojan se aplic\u0103 foarte bine \u0219i la Parlament \u0219i \u00een acela\u0219i timp am v\u0103zut ast\u0103zi 28 de deputa\u021bii PNL care au semnat, de\u0219i n-au fost \u00een plen, a\u021bi filmat foarte clar c\u0103 n-au fost \u00een plen, \u0219i au semnat pentru a primi banii aferen\u021bii diurnei de ast\u0103zi\u201d, a afirmat Ghigiu.<\/p>\n<h2 id=\"chapter-0\">Ghigiu: Ponderea parlamentar\u0103 este respectat\u0103 prin rota\u021bie<\/h2>\n<p class=\"isSelectedEnd\" id=\"p-6\">\u00centrebat dac\u0103, \u00een condi\u021biile \u00een care PNL are 54 de deputa\u021bi, iar grupurile care au primit func\u021biile au un num\u0103r mult mai mic de parlamentari, a fost respectat\u0103 ponderea parlamentar\u0103, Ghigiu a spus c\u0103 repartizarea func\u021biilor se raporteaz\u0103 la \u201e\u00eentreaga legislatur\u0103\u201d.<\/p>\n<p class=\"isSelectedEnd\" id=\"p-7\">\u201ePonderile sunt stabilite pe \u00eentregul mandat, pe \u00eentreaga legislatur\u0103. Deci fiecare are dreptul la un moment dat s\u0103 exercite. Ve\u021bi vedea, spre exemplu, poate la anul sau \u00een ultimul an de mandat, ve\u021bi vedea PNL-ul c\u0103 va avea mai multe func\u021bii. Deci ponderea parlamentar\u0103 nu s-a pus niciodat\u0103 \u00een discu\u021bie \u0219i nici nu se poate pune pentru c\u0103 este stabilit\u0103 \u00een regulament. Ci cei care nu au suficiente mandate \u00eenc\u00e2t s\u0103 de\u021bin\u0103 pe toat\u0103 legislatura o pozi\u021bie, fie ea de chestor sau de secretar, primesc prin rota\u021bie acea pozi\u021bie\u201d, a explicat deputatul PSD.<\/p>\n<h2 id=\"chapter-1\">\u201eNu e o decizie sau nu e o \u00een\u021belegere \u00eentre PSD \u0219i AUR\u201d<\/h2>\n<p class=\"isSelectedEnd\" id=\"p-8\">\u00centrebat de ce schimbarea rota\u021biei a fost f\u0103cut\u0103 acum \u0219i nu \u00een ultima sesiune a legislaturii, a\u0219a cum sus\u021bin reprezentan\u021bii PNL, Ghigiu a spus c\u0103 este vorba despre o \u201e\u00een\u021belegere \u00eentre liderii de grup\u201d.<\/p>\n<p id=\"p-9\">\u201eEste o \u00een\u021belegere \u00eentre liderii de grup. Nu a fost doar liderul de grup de la PSD sau de la PNL, au fost \u0219i alte lideri de grup care au semnat acel proces verbal, pentru c\u0103 aceste \u00een\u021belegeri se pot face doar cu votul majorit\u0103\u021bii liderilor de grup care au \u00een spate suficient de multe mandate de deputat. Altfel nu se pot face. Deci nu e o decizie sau nu e o \u00een\u021belegere \u00eentre PSD \u0219i AUR, este o \u00een\u021belegere a liderilor de grup\u201d, a declarat Alexandru Mihai Ghigiu.<\/p>\n<h2 id=\"chapter-2\">Ghigiu: PSD nu va c\u0103uta o majoritate cu AUR<\/h2>\n<p class=\"isSelectedEnd\" id=\"p-10\">\u00centrebat dac\u0103 sus\u021binerea acordat\u0103 de PSD pentru ca AUR \u0219i SOS Rom\u00e2nia s\u0103 preia cele dou\u0103 func\u021bii ar putea duce, \u00een schimb, la ob\u021binerea unor voturi pentru PSD la \u00eenvestirea viitorului Guvern, Ghigiu a evitat r\u0103spunsul.<\/p>\n<p class=\"isSelectedEnd\" id=\"p-11\">\u201eCred c\u0103 cel mai important \u00een momentul de fa\u021b\u0103 este s\u0103 vedem un premier desemnat. Plec\u00e2nd de la desemnarea premierului, putem discuta despre cum se va forma majoritatea. Noi am spus-o \u00een mai multe r\u00e2nduri, c\u0103 nu vom c\u0103uta o majoritate cu Partidul AUR\u201d, a declarat Ghigiu.<\/p>\n","protected":false},"excerpt":{"rendered":"<p>Pre\u0219edintele Comisiei de \u00eenv\u0103\u021b\u0103m\u00e2nt a Camerei Deputa\u021bilor, deputatul PSD, Mihai Ghigiu, a declarat miercuri c\u0103 schimbarea rota\u021biei pentru func\u021biile de secretar din Biroul permanent al Camerei Deputa\u021bilor nu reprezint\u0103 o &hellip; <a href=\"https:\/\/microscopemedia.com\/?p=711217\" class=\"more-link\">Read More<\/a><\/p>\n","protected":false},"author":1,"featured_media":711218,"comment_status":"closed","ping_status":"closed","sticky":false,"template":"Default","format":"standard","meta":[],"categories":[1],"tags":[],"_links":{"self":[{"href":"https:\/\/microscopemedia.com\/index.php?rest_route=\/wp\/v2\/posts\/711217"}],"collection":[{"href":"https:\/\/microscopemedia.com\/index.php?rest_route=\/wp\/v2\/posts"}],"about":[{"href":"https:\/\/microscopemedia.com\/index.php?rest_route=\/wp\/v2\/types\/post"}],"author":[{"embeddable":true,"href":"https:\/\/microscopemedia.com\/index.php?rest_route=\/wp\/v2\/users\/1"}],"replies":[{"embeddable":true,"href":"https:\/\/microscopemedia.com\/index.php?rest_route=%2Fwp%2Fv2%2Fcomments&post=711217"}],"version-history":[{"count":0,"href":"https:\/\/microscopemedia.com\/index.php?rest_route=\/wp\/v2\/posts\/711217\/revisions"}],"wp:featuredmedia":[{"embeddable":true,"href":"https:\/\/microscopemedia.com\/index.php?rest_route=\/wp\/v2\/media\/711218"}],"wp:attachment":[{"href":"https:\/\/microscopemedia.com\/index.php?rest_route=%2Fwp%2Fv2%2Fmedia&parent=711217"}],"wp:term":[{"taxonomy":"category","embeddable":true,"href":"https:\/\/microscopemedia.com\/index.php?rest_route=%2Fwp%2Fv2%2Fcategories&post=711217"},{"taxonomy":"post_tag","embeddable":true,"href":"https:\/\/microscopemedia.com\/index.php?rest_route=%2Fwp%2Fv2%2Ftags&post=711217"}],"curies":[{"name":"wp","href":"https:\/\/api.w.org\/{rel}","templated":true}]}}