{"id":711219,"date":"2026-09-02T10:46:03","date_gmt":"2026-09-02T10:46:03","guid":{"rendered":"https:\/\/microscopemedia.com\/?p=711219"},"modified":"2026-09-02T10:46:03","modified_gmt":"2026-09-02T10:46:03","slug":"mihai-ghigiu-afirma-ca-psd-nu-va-face-nicio-intelegere-cu-aur-dar-vor-exista-discutii-pentru-sustinerea-viitorului-guvern-orice-deputat-are-libertatea-sa-voteze-cum-ii-dicteaza-constiinta","status":"publish","type":"post","link":"https:\/\/microscopemedia.com\/?p=711219","title":{"rendered":"Mihai Ghigiu afirm\u0103 c\u0103 PSD nu va face nicio \u00een\u021belegere cu AUR, dar vor exista discu\u021bii pentru sus\u021binerea viitorului guvern: \u201eOrice deputat are libertatea s\u0103 voteze cum \u00eei dicteaz\u0103 con\u0219tiin\u021ba\u201d"},"content":{"rendered":"<div class=\"sgb-google-buttons\">\n<div class=\"display-flex justify-center google-logo\"><img decoding=\"async\" loading=\"lazy\" class=\"mg-x-auto\" width=\"30\" height=\"30\" src=\"https:\/\/microscopemedia.com\/wp-content\/uploads\/2026\/09\/mihai-ghigiu-afirma-ca-psd-nu-va-face-nicio-intelegere-cu-aur-dar-vor-exista-discutii-pentru-sustinerea-viitorului-guvern-orice-deputat-are-libertatea-sa-voteze-cum-ii-dicteaza-constiinta.png\" alt><\/div>\n<\/p><\/div>\n<p id=\"p-0\">\u00centrebat dac\u0103 PSD ar putea primi voturi din partea AUR sau SOS Rom\u00e2nia pentru \u00eenvestirea viitorului guvern, Ghigiu a spus c\u0103 trebuie a\u0219teptat\u0103 mai \u00eent\u00e2i desemnarea unui premier.<\/p>\n<p id=\"p-1\">\u201eCred c\u0103 cel mai important \u00een momentul de fa\u021b\u0103 este s\u0103 vedem un premier desemnat. Plec\u00e2nd de la desemnarea premierului, putem discuta despre cum se va forma majoritatea. Noi am spus-o \u00een mai multe r\u00e2nduri c\u0103 nu vom c\u0103uta o majoritate cu partidul AUR\u201d, a declarat Mihai Ghigiu.<\/p>\n<p id=\"p-2\">\u00centrebat dac\u0103 PSD ar accepta voturi individuale din partea unor parlamentari AUR sau voturi din partea SOS Rom\u00e2nia, Ghigiu a spus c\u0103 fiecare parlamentar decide cum voteaz\u0103.<\/p>\n<h2 id=\"chapter-0\">Ghigiu: Orice deputat are libertatea s\u0103 voteze cum \u00eei dicteaz\u0103 con\u0219tiin\u021ba<\/h2>\n<p id=\"p-3\">\u201eOrice deputat are libertatea, conform Constitu\u021biei, s\u0103 voteze cum \u00eei dicteaz\u0103 con\u0219tiin\u021ba. \u0218i eu cred c\u0103 orice deputat \u0219i senator con\u0219tient de situa\u021bia \u00een care se afl\u0103 Rom\u00e2nia ar trebui s\u0103 voteze viitorul guvern. Nu pot s\u0103 v\u0103 spun ce va face un parlamentar sau altul\u201d, a afirmat acesta.<\/p>\n<p id=\"p-4\">\u201e<strong>PSD va \u00eencerca s\u0103 negocieze cu fiecare grup politic de bun\u0103-credin\u021b\u0103 un viitor guvern, dac\u0103 va primi premierul sau dac\u0103 pre\u0219edintele Sorin Grindeanu va fi desemnat premier<\/strong>. P\u00e2n\u0103 la acel moment, mi-e greu s\u0103 v\u0103 r\u0103spund\u201d, a spus el.<\/p>\n<p id=\"p-5\">\u00centrebat dac\u0103 acest lucru presupune negocieri inclusiv cu AUR \u0219i SOS Rom\u00e2nia, deputatul PSD a f\u0103cut o distinc\u021bie \u00eentre conducerea AUR \u0219i parlamentarii forma\u021biunii.<\/p>\n<p id=\"p-6\">\u201eSunt convins c\u0103 vor fi discu\u021bii cu colegii, nu neap\u0103rat cu partidul AUR, pentru c\u0103 ne-a ar\u0103tat c\u0103, m\u0103 rog, conducerea partidului are o pozi\u021bie pe care noi, \u00een multe momente, nu o putem agrea. Dar dac\u0103 colegii din AUR vor dori s\u0103 voteze acest guvern, eu cred c\u0103 este normal s\u0103 se \u00eent\u00e2mple acest lucru\u201d, a ad\u0103ugat Mihai Ghigiu.<\/p>\n<h2 id=\"chapter-1\">\u201eNu vom face niciun fel de \u00een\u021belegere, coali\u021bie sau colaborare cu AUR\u201d<\/h2>\n<p id=\"p-7\">Ghigiu a insistat c\u0103 PSD nu \u00ee\u0219i schimb\u0103 pozi\u021bia privind o colaborare politic\u0103 cu AUR.<\/p>\n<p id=\"p-8\">\u201eNu va exista nicio colaborare politic\u0103. V-am spus foarte clar, nu vom face niciun fel de \u00een\u021belegere, coali\u021bie, colaborare, cum vre\u021bi, cu partidul AUR\u201d, a subliniat acesta.<\/p>\n<p id=\"p-9\">El a precizat c\u0103 PSD ar cere voturile tuturor parlamentarilor pentru \u00eenvestirea unui guvern.<\/p>\n<p id=\"p-10\">\u201e<strong>Am spus c\u0103 vom ruga to\u021bi parlamentarii, inclusiv de la AUR, dac\u0103 au, s\u0103 zic a\u0219a, responsabilitate fa\u021b\u0103 de Rom\u00e2nia, s\u0103 voteze un guvern cu puteri depline<\/strong>\u201d, a mai declarat Mihai Ghigiu.<\/p>\n","protected":false},"excerpt":{"rendered":"<p>\u00centrebat dac\u0103 PSD ar putea primi voturi din partea AUR sau SOS Rom\u00e2nia pentru \u00eenvestirea viitorului guvern, Ghigiu a spus c\u0103 trebuie a\u0219teptat\u0103 mai \u00eent\u00e2i desemnarea unui premier. \u201eCred c\u0103 &hellip; <a href=\"https:\/\/microscopemedia.com\/?p=711219\" class=\"more-link\">Read More<\/a><\/p>\n","protected":false},"author":1,"featured_media":711220,"comment_status":"closed","ping_status":"closed","sticky":false,"template":"Default","format":"standard","meta":[],"categories":[1],"tags":[],"_links":{"self":[{"href":"https:\/\/microscopemedia.com\/index.php?rest_route=\/wp\/v2\/posts\/711219"}],"collection":[{"href":"https:\/\/microscopemedia.com\/index.php?rest_route=\/wp\/v2\/posts"}],"about":[{"href":"https:\/\/microscopemedia.com\/index.php?rest_route=\/wp\/v2\/types\/post"}],"author":[{"embeddable":true,"href":"https:\/\/microscopemedia.com\/index.php?rest_route=\/wp\/v2\/users\/1"}],"replies":[{"embeddable":true,"href":"https:\/\/microscopemedia.com\/index.php?rest_route=%2Fwp%2Fv2%2Fcomments&post=711219"}],"version-history":[{"count":0,"href":"https:\/\/microscopemedia.com\/index.php?rest_route=\/wp\/v2\/posts\/711219\/revisions"}],"wp:featuredmedia":[{"embeddable":true,"href":"https:\/\/microscopemedia.com\/index.php?rest_route=\/wp\/v2\/media\/711220"}],"wp:attachment":[{"href":"https:\/\/microscopemedia.com\/index.php?rest_route=%2Fwp%2Fv2%2Fmedia&parent=711219"}],"wp:term":[{"taxonomy":"category","embeddable":true,"href":"https:\/\/microscopemedia.com\/index.php?rest_route=%2Fwp%2Fv2%2Fcategories&post=711219"},{"taxonomy":"post_tag","embeddable":true,"href":"https:\/\/microscopemedia.com\/index.php?rest_route=%2Fwp%2Fv2%2Ftags&post=711219"}],"curies":[{"name":"wp","href":"https:\/\/api.w.org\/{rel}","templated":true}]}}