{"id":711227,"date":"2026-09-02T11:27:03","date_gmt":"2026-09-02T11:27:03","guid":{"rendered":"https:\/\/microscopemedia.com\/?p=711227"},"modified":"2026-09-02T11:27:03","modified_gmt":"2026-09-02T11:27:03","slug":"avioanele-nato-din-romania-protejeaza-si-marea-baltica-scutul-aerian-care-ingrijoreaza-moscova","status":"publish","type":"post","link":"https:\/\/microscopemedia.com\/?p=711227","title":{"rendered":"Avioanele NATO din Rom\u00e2nia protejeaz\u0103 \u0219i Marea Baltic\u0103. Scutul aerian care \u00eengrijoreaz\u0103 Moscova"},"content":{"rendered":"<div class=\"sgb-google-buttons\">\n<div class=\"display-flex justify-center google-logo\"><img decoding=\"async\" loading=\"lazy\" class=\"mg-x-auto\" width=\"30\" height=\"30\" src=\"https:\/\/microscopemedia.com\/wp-content\/uploads\/2026\/09\/avioanele-nato-din-romania-protejeaza-si-marea-baltica-scutul-aerian-care-ingrijoreaza-moscova.png\" alt><\/div>\n<\/p><\/div>\n<p id=\"p-0\"><span dir=\"auto\">Un avion de recunoa\u0219tere NATO <\/span><span dir=\"auto\">Bombardier Artemis II zboar\u0103 \u00een regiunea M\u0103rii Baltice pentru a doua zi consecutiv, inclusiv \u00een jurul regiunii Kaliningrad. Informa\u021bia a fost aflat\u0103 <span><strong><a href=\"https:\/\/news.rambler.ru\/army\/57001539-tass-samolet-razvedchik-nato-vnov-letaet-v-rayone-baltiyskogo-morya\/\">de TASS<\/a><\/strong><\/span> de la o surs\u0103 din cadrul serviciilor de control al traficului aerian <\/span><strong><a class=\"ELwT5X_L\" href=\"https:\/\/news.rambler.ru\/organization\/es\/\" aria-label=\"Accesa\u021bi \u0219tirile despre Uniunea European\u0103\" data-news_media-desktop=\"click_link_contentpage_organization\"><span dir=\"auto\">ale Uniunii Europene<\/span><\/a><\/strong><span dir=\"auto\"><strong>&nbsp;<\/strong>.<\/span><\/p>\n<p id=\"p-1\"><span dir=\"auto\">\u201eO aeronav\u0103 de recunoa\u0219tere Bombardier Artemis II a fost observat\u0103 \u00een regiunea M\u0103rii Baltice pentru a doua zi consecutiv. Ast\u0103zi, aceasta zboar\u0103 \u00een jurul regiunii Kaliningrad, folosind spa\u021biul aerian polonez \u0219i lituanian<\/span><span dir=\"auto\">, precum \u0219i sectoare deasupra apelor neutre din Baltic\u0103\u201d, a declarat sursa agen\u021biei.<\/span><\/p>\n<h2 id=\"chapter-0\">Rom\u00e2nia, baza permanent\u0103 a <span dir=\"auto\">Bombardier Artemis II <\/span><\/h2>\n<p id=\"p-2\"><span dir=\"auto\">Sursa a men\u021bionat c\u0103 aeronava a sosit de pe un aerodrom din Constan\u021ba, Rom\u00e2nia<\/span><span dir=\"auto\">, unde \u00ee\u0219i are baza permanent\u0103, \u0219i se afl\u0103 \u00een prezent la o altitudine de aproximativ 11 kilometri, folosind coridoare de zbor desemnate avia\u021biei civile.<\/span><\/p>\n<p id=\"p-3\"><span dir=\"auto\">\u00cen ziua precedent\u0103, a amintit sursa, aeronava zburase deasupra Lituaniei, Letoniei \u0219i Estoniei, <\/span><span dir=\"auto\">\u00eentorc\u00e2ndu-se \u00een apropierea coastei Golfului Finlandei. <\/span><\/p>\n<p id=\"p-4\"><span dir=\"auto\">\u201eNu s-a apropiat de grani\u021bele Rusiei \u0219i Belarusului la momentul respectiv\u201d. <\/span><\/p>\n<p id=\"p-5\"><span dir=\"auto\">Sursa agen\u021biei a mai men\u021bionat c\u0103, vara trecut\u0103, Bombardier Artemis II a fost observat \u00een mod repetat at\u00e2t \u00een \u200b\u200bMarea Baltic\u0103, c\u00e2t \u0219i deasupra apelor neutre ale M\u0103rii Negre, unde zbura de obicei \u00een partea de sud de la vest la est \u0219i \u00eenapoi. <\/span><\/p>\n<p id=\"p-6\"><span dir=\"auto\">\u00cen iulie, acela\u0219i avion spion care \u00ee\u0219i are baza \u00een Rom\u00e2nia a stabilit un record, petrec\u00e2nd nou\u0103 ore deasupra zonei.<\/span><\/p>\n<p id=\"p-7\">\u00cen iulie \u0219i august, mai multe<strong><span><a href=\"https:\/\/www.mediafax.ro\/stirile-zilei\/avion-de-recunoastere-al-nato-a-survolat-astazi-timp-de-9-ore-marea-neagra-rusia-sta-cu-ochii-pe-el-23783909\"> avioane de recunoa\u0219tere NATO au survolat Marea Neagr\u0103<\/a><\/span>, <\/strong>\u00een preajma Rom\u00e2niei.<\/p>\n<p id=\"p-8\">Bombardierul ARTEMIS II este o platform\u0103 specializat\u0103 de informa\u021bii electronice, conceput\u0103 pentru colectarea \u0219i procesarea informa\u021biilor secrete. Zborurile unor astfel de aeronave \u00een spa\u021biul aerian interna\u021bional deasupra M\u0103rii Negre sunt detectate periodic \u00een apropierea Rusiei, pentru a proteja spa\u021biul aerian al UE \u0219i NATO.<\/p>\n","protected":false},"excerpt":{"rendered":"<p>Un avion de recunoa\u0219tere NATO Bombardier Artemis II zboar\u0103 \u00een regiunea M\u0103rii Baltice pentru a doua zi consecutiv, inclusiv \u00een jurul regiunii Kaliningrad. Informa\u021bia a fost aflat\u0103 de TASS de &hellip; <a href=\"https:\/\/microscopemedia.com\/?p=711227\" class=\"more-link\">Read More<\/a><\/p>\n","protected":false},"author":1,"featured_media":711228,"comment_status":"closed","ping_status":"closed","sticky":false,"template":"Default","format":"standard","meta":[],"categories":[1],"tags":[],"_links":{"self":[{"href":"https:\/\/microscopemedia.com\/index.php?rest_route=\/wp\/v2\/posts\/711227"}],"collection":[{"href":"https:\/\/microscopemedia.com\/index.php?rest_route=\/wp\/v2\/posts"}],"about":[{"href":"https:\/\/microscopemedia.com\/index.php?rest_route=\/wp\/v2\/types\/post"}],"author":[{"embeddable":true,"href":"https:\/\/microscopemedia.com\/index.php?rest_route=\/wp\/v2\/users\/1"}],"replies":[{"embeddable":true,"href":"https:\/\/microscopemedia.com\/index.php?rest_route=%2Fwp%2Fv2%2Fcomments&post=711227"}],"version-history":[{"count":0,"href":"https:\/\/microscopemedia.com\/index.php?rest_route=\/wp\/v2\/posts\/711227\/revisions"}],"wp:featuredmedia":[{"embeddable":true,"href":"https:\/\/microscopemedia.com\/index.php?rest_route=\/wp\/v2\/media\/711228"}],"wp:attachment":[{"href":"https:\/\/microscopemedia.com\/index.php?rest_route=%2Fwp%2Fv2%2Fmedia&parent=711227"}],"wp:term":[{"taxonomy":"category","embeddable":true,"href":"https:\/\/microscopemedia.com\/index.php?rest_route=%2Fwp%2Fv2%2Fcategories&post=711227"},{"taxonomy":"post_tag","embeddable":true,"href":"https:\/\/microscopemedia.com\/index.php?rest_route=%2Fwp%2Fv2%2Ftags&post=711227"}],"curies":[{"name":"wp","href":"https:\/\/api.w.org\/{rel}","templated":true}]}}