{"id":711235,"date":"2026-09-02T12:17:03","date_gmt":"2026-09-02T12:17:03","guid":{"rendered":"https:\/\/microscopemedia.com\/?p=711235"},"modified":"2026-09-02T12:17:03","modified_gmt":"2026-09-02T12:17:03","slug":"un-barbat-din-constanta-ce-a-ranit-un-caine-fara-stapan-avea-acasa-un-intreg-arsenal-ce-au-gasit-politistii-in-locuinta","status":"publish","type":"post","link":"https:\/\/microscopemedia.com\/?p=711235","title":{"rendered":"Un b\u0103rbat din Constan\u021ba ce a r\u0103nit un c\u00e2ine f\u0103r\u0103 st\u0103p\u00e2n avea acas\u0103 un \u00eentreg arsenal. Ce au g\u0103sit poli\u021bi\u0219tii \u00een locuin\u021b\u0103?"},"content":{"rendered":"<div readability=\"28.964766175529\">\n<div class=\"sgb-google-buttons\">\n<div class=\"display-flex justify-center google-logo\"><img decoding=\"async\" loading=\"lazy\" class=\"mg-x-auto\" width=\"30\" height=\"30\" src=\"https:\/\/microscopemedia.com\/wp-content\/uploads\/2026\/09\/un-barbat-din-constanta-ce-a-ranit-un-caine-fara-stapan-avea-acasa-un-intreg-arsenal-ce-au-gasit-politistii-in-locuinta.png\" alt><\/div>\n<\/p><\/div>\n<p id=\"p-0\">Potrivit unor surse din anchet\u0103, b\u0103rbatul ar fi r\u0103nit un c\u00e2ine f\u0103r\u0103 st\u0103p\u00e2n \u00een luna iulie. B\u0103rbatul ar fi r\u0103nit animalul cu una dintre arme.<\/p>\n<div class=\"single__inline-gallery color-white mg-bottom-20 bg-black padding-5 md:rounded-10\">\n<div class=\"md:rounded-5 display-grid xs:grid-cols-2 grid-cols-3 gap-5\">\n<div class=\"single__inline-gallery-image relative column-span-2 row-span-2\">\n                <a href=\"https:\/\/www.mediafax.ro\/poze\/un-barbat-din-constanta-ce-a-ranit-un-caine-fara-stapan-avea-acasa-un-intreg-arsenal-ce-au-gasit-politistii-in-locuinta-23800479\"><br \/>\n                    <img decoding=\"async\" loading=\"lazy\" src=\"https:\/\/microscopemedia.com\/wp-content\/uploads\/2026\/09\/un-barbat-din-constanta-ce-a-ranit-un-caine-fara-stapan-avea-acasa-un-intreg-arsenal-ce-au-gasit-politistii-in-locuinta.jpg\" width=\"700\" height=\"450\"><br \/>\n                <\/a>\n                            <\/div>\n<div class=\"single__inline-gallery-image relative \">\n                <a href=\"https:\/\/www.mediafax.ro\/poze\/un-barbat-din-constanta-ce-a-ranit-un-caine-fara-stapan-avea-acasa-un-intreg-arsenal-ce-au-gasit-politistii-in-locuinta-23800479\"><br \/>\n                    <img decoding=\"async\" loading=\"lazy\" src=\"https:\/\/microscopemedia.com\/wp-content\/uploads\/2026\/09\/un-barbat-din-constanta-ce-a-ranit-un-caine-fara-stapan-avea-acasa-un-intreg-arsenal-ce-au-gasit-politistii-in-locuinta-1.jpg\" width=\"700\" height=\"450\"><br \/>\n                <\/a>\n                            <\/div>\n<\/p><\/div>\n<\/p><\/div>\n<p id=\"p-1\">Miercuri, poli\u021bi\u0219tii IPJ Constan\u021ba i-au perchezi\u021bionat locuin\u021ba b\u0103rbatului de 57 de ani din localitatea Corbu. Acolo, anchetatorii au g\u0103sit<em> \u201e7 arme tip arbalet\u0103 \u0219i pistol, un arc tip recurve \u00eempreun\u0103 cu s\u0103ge\u021bi de diferite dimensiuni \u0219i 400 de bile de plastic sau cauciuc\u201d<\/em>.<\/p>\n<p id=\"p-2\">Potrivit poli\u021bi\u0219tilor, b\u0103rbatul nu de\u021binea autoriza\u021bie pentru aceste arme.<\/p>\n<p id=\"p-3\"><em>\u201e\u00cen urma verific\u0103rilor efectuate \u00een bazele de date, s-a stabilit c\u0103 persoana cercetat\u0103 nu figureaz\u0103 ca de\u021bin\u0103toare autorizat\u0103 de arme sau muni\u021bii, iar bunurile descoperite nu sunt \u00eenregistrate sau autorizate conform prevederilor legale\u201d<\/em>, informeaz\u0103 IPJ Constan\u021ba.<\/p>\n<p id=\"p-4\">Potrivit poli\u021bi\u0219tilor, armele au fost ridicate \u0219i vor fi supuse unei expertize tehnico-judiciare, pentru ca oamenii legii s\u0103 stabileasc\u0103 \u00eencadrarea acestora, dar \u0219i modul \u00een care b\u0103rbatul le-ar fi procurat.<\/p>\n<p id=\"p-5\">Poli\u021bi\u0219tii const\u0103n\u021beni fac cercet\u0103ri at\u00e2t pentru r\u0103nirea cu inten\u021bie a animalelor, c\u00e2t \u0219i pentru de\u021binerea sau portul f\u0103r\u0103 drept de arme neletale din categoria celor supuse autoriz\u0103rii.<\/p>\n<\/p><\/div>\n","protected":false},"excerpt":{"rendered":"<p>Potrivit unor surse din anchet\u0103, b\u0103rbatul ar fi r\u0103nit un c\u00e2ine f\u0103r\u0103 st\u0103p\u00e2n \u00een luna iulie. B\u0103rbatul ar fi r\u0103nit animalul cu una dintre arme. Miercuri, poli\u021bi\u0219tii IPJ Constan\u021ba i-au &hellip; <a href=\"https:\/\/microscopemedia.com\/?p=711235\" class=\"more-link\">Read More<\/a><\/p>\n","protected":false},"author":1,"featured_media":711236,"comment_status":"closed","ping_status":"closed","sticky":false,"template":"Default","format":"standard","meta":[],"categories":[1],"tags":[],"_links":{"self":[{"href":"https:\/\/microscopemedia.com\/index.php?rest_route=\/wp\/v2\/posts\/711235"}],"collection":[{"href":"https:\/\/microscopemedia.com\/index.php?rest_route=\/wp\/v2\/posts"}],"about":[{"href":"https:\/\/microscopemedia.com\/index.php?rest_route=\/wp\/v2\/types\/post"}],"author":[{"embeddable":true,"href":"https:\/\/microscopemedia.com\/index.php?rest_route=\/wp\/v2\/users\/1"}],"replies":[{"embeddable":true,"href":"https:\/\/microscopemedia.com\/index.php?rest_route=%2Fwp%2Fv2%2Fcomments&post=711235"}],"version-history":[{"count":0,"href":"https:\/\/microscopemedia.com\/index.php?rest_route=\/wp\/v2\/posts\/711235\/revisions"}],"wp:featuredmedia":[{"embeddable":true,"href":"https:\/\/microscopemedia.com\/index.php?rest_route=\/wp\/v2\/media\/711236"}],"wp:attachment":[{"href":"https:\/\/microscopemedia.com\/index.php?rest_route=%2Fwp%2Fv2%2Fmedia&parent=711235"}],"wp:term":[{"taxonomy":"category","embeddable":true,"href":"https:\/\/microscopemedia.com\/index.php?rest_route=%2Fwp%2Fv2%2Fcategories&post=711235"},{"taxonomy":"post_tag","embeddable":true,"href":"https:\/\/microscopemedia.com\/index.php?rest_route=%2Fwp%2Fv2%2Ftags&post=711235"}],"curies":[{"name":"wp","href":"https:\/\/api.w.org\/{rel}","templated":true}]}}