{"id":711239,"date":"2026-09-02T12:57:02","date_gmt":"2026-09-02T12:57:02","guid":{"rendered":"https:\/\/microscopemedia.com\/?p=711239"},"modified":"2026-09-02T12:57:02","modified_gmt":"2026-09-02T12:57:02","slug":"ariana-grande-mesaj-emotionant-la-final-de-turneu-voi-pretui-mereu-aceasta-experienta-artista-isi-incheie-si-aparitiile-in-public","status":"publish","type":"post","link":"https:\/\/microscopemedia.com\/?p=711239","title":{"rendered":"Ariana Grande, mesaj emo\u021bionant la final de turneu: \u201eVoi pre\u021bui mereu aceast\u0103 experien\u021b\u0103\u201d. Artista \u00ee\u0219i \u00eencheie \u0219i apari\u021biile \u00een public"},"content":{"rendered":"<div readability=\"50.942229454841\">\n<div class=\"sgb-google-buttons\">\n<div class=\"display-flex justify-center google-logo\"><img decoding=\"async\" loading=\"lazy\" class=\"mg-x-auto\" width=\"30\" height=\"30\" src=\"https:\/\/microscopemedia.com\/wp-content\/uploads\/2026\/09\/ariana-grande-mesaj-emotionant-la-final-de-turneu-voi-pretui-mereu-aceasta-experienta-artista-isi-incheie-si-aparitiile-in-public.png\" alt><\/div>\n<\/p><\/div>\n<p id=\"p-0\">Ariana Grande \u0219i-a anun\u021bat retragerea din via\u021ba public\u0103 luna trecut\u0103.<\/p>\n<p id=\"p-1\">Mar\u021bi seara, ea \u0219i-a \u00eencheiat turneul \u201eEternal Sunshine\u201d cu un ultim concert sus\u021binut la Londra.<\/p>\n<h2 id=\"chapter-0\">Ariana Grande, sear\u0103 emo\u021bionant\u0103 la Londra<\/h2>\n<p id=\"p-2\">Potrivit <a href=\"https:\/\/www.bbc.com\/news\/articles\/c4gj0l34g78o\" target=\"_blank\" rel=\"noopener\">BBC<\/a>, Grande a fost ocazional \u00een lacrimi pe parcursul concertului. Aceasta a fost emo\u021bionat\u0103 \u00een special \u00een timpul piesei \u201eOne Last Time\u201d. Melodia a c\u0103p\u0103tat o semnifica\u021bie suplimentar\u0103 ca imn pentru supravie\u021buitorii atacului terorist de la Manchester din 2017.<\/p>\n<p id=\"p-3\">Adres\u00e2ndu-se publicului spre finalul spectacolului, c\u00e2nt\u0103rea\u021ba le-a mul\u021bumit fanilor pentru sus\u021binere.<\/p>\n<p id=\"p-4\">\u201eAceasta a fost una dintre cele mai frumoase experien\u021be extraordinare din via\u021ba mea. Am vrut doar s\u0103-mi exprim recuno\u0219tin\u021ba f\u0103r\u0103 s\u0103 pl\u00e2ng complet\u201d, a spus ea.<\/p>\n<h2 id=\"chapter-1\">\u201eAm cei mai buni fani din \u00eentreaga lume\u201d<\/h2>\n<p id=\"p-5\">\u201eVoi pre\u021bui mereu aceast\u0103 experien\u021b\u0103. Am cei mai buni fani din \u00eentreaga lume \u0219i \u00eei voi avea \u00eentotdeauna. V\u0103 mul\u021bumesc pentru tot efortul depus \u0219i pentru c\u0103 continua\u021bi s\u0103 face\u021bi acest lucru at\u00e2t de special. Mi-a pl\u0103cut fiecare minut petrecut al\u0103turi de voi to\u021bi \u0219i am vrut doar s\u0103 v\u0103 exprim c\u00e2t de recunosc\u0103toare sunt\u201d, a ad\u0103ugat Grande.<\/p>\n<p id=\"p-6\">Artista \u0219i-a anun\u021bat pauza luna trecut\u0103, la scurt timp dup\u0103 lansarea videoclipului pentru cel mai recent single al s\u0103u, \u201ePetal\u201d. Acest anun\u021b i-a determinat pe unii fani s\u0103-\u0219i exprime \u00eengrijorarea cu privire la greutatea ei.<\/p>\n<p id=\"p-7\"><span dir=\"auto\">Dou\u0103 zile mai t\u00e2rziu,&nbsp;<\/span><span dir=\"auto\">publicistul lui Grande a anun\u021bat \u201eretragerea ei din spa\u021biul public\u201d<\/span><span dir=\"auto\">, din cauza \u201econtrolului public nesf\u00e2r\u0219it \u0219i continuu\u201d, potrivit aceleia\u0219i surse.<\/span><\/p>\n<h2 id=\"chapter-2\">Retragerea din apari\u021biile publice, planificat\u0103 din timp<\/h2>\n<p id=\"p-8\"><span dir=\"auto\">\u00cens\u0103\u0219i Grande a intervenit pentru a-i lini\u0219ti pe fani \u00een noaptea urm\u0103toare. Aceasta a transmis <\/span><span dir=\"auto\">c\u0103 <a href=\"https:\/\/www.mediafax.ro\/life-entertaiment\/ariana-grande-se-retrage-din-viata-publica-23783285\">decizia ei a venit<\/a> \u201ed\u00e2nd dovad\u0103 de aten\u021bie \u0219i putere de decizie\u201d<\/span><span dir=\"auto\">&nbsp;\u0219i c\u0103 fusese planificat\u0103 \u201ecu mult timp \u00een urm\u0103\u201d.<\/span><\/p>\n<p id=\"p-9\">\u201eTrebuie stabilite limite, fiin\u021bele umane au nevoie uneori de o pauz\u0103\u201d, \u0219i-a motivat c\u00e2nt\u0103rea\u021ba decizia.<\/p>\n<p id=\"p-10\">Pauza de la apari\u021biile din spa\u021biul public includ \u0219i retragerea lui Grande dintr-o produc\u021bie a piesei \u201eSunday in the Park with George\u201d de Stephen Sondheim. Aceasta va avea loc vara viitoare la Barbican, Londra.<\/p>\n<\/p><\/div>\n","protected":false},"excerpt":{"rendered":"<p>Ariana Grande \u0219i-a anun\u021bat retragerea din via\u021ba public\u0103 luna trecut\u0103. Mar\u021bi seara, ea \u0219i-a \u00eencheiat turneul \u201eEternal Sunshine\u201d cu un ultim concert sus\u021binut la Londra. Ariana Grande, sear\u0103 emo\u021bionant\u0103 la &hellip; <a href=\"https:\/\/microscopemedia.com\/?p=711239\" class=\"more-link\">Read More<\/a><\/p>\n","protected":false},"author":1,"featured_media":711240,"comment_status":"closed","ping_status":"closed","sticky":false,"template":"Default","format":"standard","meta":[],"categories":[1],"tags":[],"_links":{"self":[{"href":"https:\/\/microscopemedia.com\/index.php?rest_route=\/wp\/v2\/posts\/711239"}],"collection":[{"href":"https:\/\/microscopemedia.com\/index.php?rest_route=\/wp\/v2\/posts"}],"about":[{"href":"https:\/\/microscopemedia.com\/index.php?rest_route=\/wp\/v2\/types\/post"}],"author":[{"embeddable":true,"href":"https:\/\/microscopemedia.com\/index.php?rest_route=\/wp\/v2\/users\/1"}],"replies":[{"embeddable":true,"href":"https:\/\/microscopemedia.com\/index.php?rest_route=%2Fwp%2Fv2%2Fcomments&post=711239"}],"version-history":[{"count":0,"href":"https:\/\/microscopemedia.com\/index.php?rest_route=\/wp\/v2\/posts\/711239\/revisions"}],"wp:featuredmedia":[{"embeddable":true,"href":"https:\/\/microscopemedia.com\/index.php?rest_route=\/wp\/v2\/media\/711240"}],"wp:attachment":[{"href":"https:\/\/microscopemedia.com\/index.php?rest_route=%2Fwp%2Fv2%2Fmedia&parent=711239"}],"wp:term":[{"taxonomy":"category","embeddable":true,"href":"https:\/\/microscopemedia.com\/index.php?rest_route=%2Fwp%2Fv2%2Fcategories&post=711239"},{"taxonomy":"post_tag","embeddable":true,"href":"https:\/\/microscopemedia.com\/index.php?rest_route=%2Fwp%2Fv2%2Ftags&post=711239"}],"curies":[{"name":"wp","href":"https:\/\/api.w.org\/{rel}","templated":true}]}}