{"id":711247,"date":"2026-09-02T13:57:03","date_gmt":"2026-09-02T13:57:03","guid":{"rendered":"https:\/\/microscopemedia.com\/?p=711247"},"modified":"2026-09-02T13:57:03","modified_gmt":"2026-09-02T13:57:03","slug":"rusia-il-convoaca-pe-insarcinatul-cu-afaceri-al-germaniei-la-moscova-berlinul-este-acuzat-de-actiuni-rusofobe","status":"publish","type":"post","link":"https:\/\/microscopemedia.com\/?p=711247","title":{"rendered":"Rusia \u00eel convoac\u0103 pe \u00eens\u0103rcinatul cu afaceri al Germaniei la Moscova. Berlinul este acuzat de \u201eac\u021biuni rusofobe\u201d"},"content":{"rendered":"<div readability=\"39.78184991274\">\n<div class=\"sgb-google-buttons\">\n<div class=\"display-flex justify-center google-logo\"><img decoding=\"async\" loading=\"lazy\" class=\"mg-x-auto\" width=\"30\" height=\"30\" src=\"https:\/\/microscopemedia.com\/wp-content\/uploads\/2026\/09\/rusia-il-convoaca-pe-insarcinatul-cu-afaceri-al-germaniei-la-moscova-berlinul-este-acuzat-de-actiuni-rusofobe.png\" alt><\/div>\n<\/p><\/div>\n<p id=\"p-0\"><span>Ministerul rus de Externe a anun\u021bat miercuri c\u0103 \u00eens\u0103rcinatul cu afaceri al Germaniei la Moscova, Bernd Finke, a fost convocat \u00een urma ac\u021biunilor \u0219i declara\u021biilor \u201erusofobe\u201d, f\u0103cute de guvernul german, noteaz\u0103 <span><a href=\"https:\/\/www.lefigaro.fr\/international\/moscou-convoque-le-charge-d-affaires-allemand-apres-les-declarations-antirusses-de-berlin-20260902\">AFP<\/a><\/span>.&nbsp;<\/span><\/p>\n<h2 id=\"chapter-0\">Motivul convoc\u0103rii<\/h2>\n<p id=\"p-1\"><span>Convocarea diplomatului german are loc la o zi dup\u0103 ce Berlinul a anun\u021bat m\u0103suri \u00eempotriva Rusiei, \u00een urma anchetei privind incidentul produs la 4 august pe aeroportul Leipzig.&nbsp;&nbsp;<\/span><\/p>\n<p id=\"p-2\"><span>Ministrul german de Interne, Alexander Dobrindt, a anun\u021bat mar\u021bi c\u0103 autorit\u0103\u021bile germane consider\u0103 Rusia responsabil\u0103 pentru atacul hibrid. O dron\u0103 care transporta un dispozitiv exploziv fusese descoperit\u0103 \u00een apropierea unei aeronave provenite din Ucraina.&nbsp;&nbsp;<\/span><\/p>\n<p id=\"p-3\"><span>Ministrul de Externe, Johann Wadephul, a catalogat sabotajul drept parte dintr-o serie continu\u0103 de tentative de destabilizare \u0219i agresiune.&nbsp;<\/span><\/p>\n<h2 id=\"chapter-1\">Amenin\u021b\u0103ri \u0219i acuza\u021bii virulente de la Moscova<\/h2>\n<p id=\"p-4\"><span>Moscova a replicat \u0219i prin viceministrul de Externe, Aleksandr Gru\u0219ko, a acuzat Berlinul c\u0103 a ales calea escalad\u0103rii \u0219i a sus\u021binut c\u0103 liderii europeni ar sponsoriza \u201eterorismul\u201d ucrainean, \u00een timp ce Moscova neag\u0103 implicarea.&nbsp;<\/span><\/p>\n<p id=\"p-5\"><span>De asemenea, fostul pre\u0219edinte rus, Dmitri <span><a href=\"https:\/\/www.mediafax.ro\/externe\/medvedev-ameninta-germania-cu-atacuri-directe-asupra-fabricilor-militare-sugerand-tinte-din-berlin-23800478\">Medvedev<\/a> <\/span>a amenin\u021bat&nbsp; Germania cu atacuri asupra fabricilor militare.&nbsp;<\/span><\/p>\n<p id=\"p-6\"><span>\u201eMerit\u0103 un atac direct asupra tuturor instala\u021biilor de produc\u021bie de echipamente militare germane pentru clica banderiste. \u0218i, foarte posibil, \u0219i alte locuri din Berlin\u201d, a transmis Medvedev.&nbsp;<\/span><\/p>\n<\/p><\/div>\n","protected":false},"excerpt":{"rendered":"<p>Ministerul rus de Externe a anun\u021bat miercuri c\u0103 \u00eens\u0103rcinatul cu afaceri al Germaniei la Moscova, Bernd Finke, a fost convocat \u00een urma ac\u021biunilor \u0219i declara\u021biilor \u201erusofobe\u201d, f\u0103cute de guvernul german, &hellip; <a href=\"https:\/\/microscopemedia.com\/?p=711247\" class=\"more-link\">Read More<\/a><\/p>\n","protected":false},"author":1,"featured_media":711248,"comment_status":"closed","ping_status":"closed","sticky":false,"template":"Default","format":"standard","meta":[],"categories":[1],"tags":[],"_links":{"self":[{"href":"https:\/\/microscopemedia.com\/index.php?rest_route=\/wp\/v2\/posts\/711247"}],"collection":[{"href":"https:\/\/microscopemedia.com\/index.php?rest_route=\/wp\/v2\/posts"}],"about":[{"href":"https:\/\/microscopemedia.com\/index.php?rest_route=\/wp\/v2\/types\/post"}],"author":[{"embeddable":true,"href":"https:\/\/microscopemedia.com\/index.php?rest_route=\/wp\/v2\/users\/1"}],"replies":[{"embeddable":true,"href":"https:\/\/microscopemedia.com\/index.php?rest_route=%2Fwp%2Fv2%2Fcomments&post=711247"}],"version-history":[{"count":0,"href":"https:\/\/microscopemedia.com\/index.php?rest_route=\/wp\/v2\/posts\/711247\/revisions"}],"wp:featuredmedia":[{"embeddable":true,"href":"https:\/\/microscopemedia.com\/index.php?rest_route=\/wp\/v2\/media\/711248"}],"wp:attachment":[{"href":"https:\/\/microscopemedia.com\/index.php?rest_route=%2Fwp%2Fv2%2Fmedia&parent=711247"}],"wp:term":[{"taxonomy":"category","embeddable":true,"href":"https:\/\/microscopemedia.com\/index.php?rest_route=%2Fwp%2Fv2%2Fcategories&post=711247"},{"taxonomy":"post_tag","embeddable":true,"href":"https:\/\/microscopemedia.com\/index.php?rest_route=%2Fwp%2Fv2%2Ftags&post=711247"}],"curies":[{"name":"wp","href":"https:\/\/api.w.org\/{rel}","templated":true}]}}